{"id":12269,"date":"2024-08-20T11:42:44","date_gmt":"2024-08-20T14:42:44","guid":{"rendered":"https:\/\/grandepremio.com\/es\/2024\/08\/20\/mclaren-promete-actualizaciones-nuevas-f1-2024\/"},"modified":"2024-08-20T11:42:50","modified_gmt":"2024-08-20T14:42:50","slug":"mclaren-promete-actualizaciones-nuevas-f1-2024","status":"publish","type":"post","link":"https:\/\/grandepremio.com\/es\/f1\/mclaren-promete-actualizaciones-nuevas-f1-2024\/","title":{"rendered":"McLaren promete &#8220;varias actualizaciones nuevas&#8221; para la segunda mitad de la F1 2024"},"content":{"rendered":"\n<p class=\"wp-block-paragraph\">La temporada 2024 de la <strong>F\u00f3rmula 1<\/strong> est\u00e1 siendo para <strong>McLaren<\/strong> la del salto definitivo a luchar por victorias, ya que han ganado con <strong>Lando Norris<\/strong>, en el <strong>GP de Miami<\/strong>, y con <strong>Oscar Piastri<\/strong> en el <strong>GP de Hungr\u00eda<\/strong>, e, incluso, pudieron haber vencido en otras carreras, pero los errores del muro de boxes impidieron esos logros.<\/p>\n\n\n\n<p class=\"wp-block-paragraph\">M\u00e1s all\u00e1 de la actualidad del equipo, que tiene un auto competitivo, hab\u00edan introducido un importante paquete de mejoras para la carrera alrededor del <strong>Hard Rock Stadium <\/strong>y fue el \u00fanico de las primeras 14 carreras del a\u00f1o. Por eso, el jefe, <strong>Andrea Stella<\/strong>, anticip\u00f3 que vendr\u00e1n m\u00e1s mejoras para el auto, de cara a la lucha por el <strong>Mundial de Constructores<\/strong>.<\/p>\n\n\n\n<p class=\"wp-block-paragraph\">\ud83d\udfe5&nbsp;<strong><em>\u00a1Todas las novedades te esperan en el canal de&nbsp;<\/em><\/strong><a href=\"https:\/\/www.youtube.com\/@GrandePremioES\" target=\"_blank\" rel=\"noreferrer noopener\"><em>YouTube<\/em><\/a><strong><em>&nbsp;de Grande Pr\u00eamio en Espa\u00f1ol!<\/em><\/strong>&nbsp;\ud83d\udfe8<\/p>\n\n\n\n<p class=\"wp-block-paragraph\"><strong>\u201cDe hecho, Red Bull ha tra\u00eddo m\u00e1s actualizaciones a la pista hasta ahora, en t\u00e9rminos de piezas, que nosotros. Pero definitivamente puedo hablar por McLaren. Estamos en condiciones de poner en pr\u00e1ctica el desarrollo que hemos hecho hasta ahora. En la segunda parte de la temporada, tendremos piezas nuevas varias veces\u201d<\/strong>, coment\u00f3 Stella.<\/p>\n\n\n\n<figure class=\"wp-block-image size-large is-resized\"><img decoding=\"async\" src=\"https:\/\/grandepremio.com\/cdn-cgi\/image\/width=893,height=558,fit=contain,gravity=0.5x0.5,quality=75,format=webp\/es\/wp-content\/uploads\/2024\/08\/Lando-Norris-McLaren-F1-2024-Belgica-Spa-Francorchamps-1024x683.jpg\" alt=\"\" class=\"wp-image-251010\" style=\"aspect-ratio:1.4982078853046594;width:843px;height:auto\"\/><figcaption class=\"wp-element-caption\">Incluso sin muchas actualizaciones, McLaren ya gan\u00f3 con ambos pilotos en 2024 (Foto: McLaren).<\/figcaption><\/figure>\n\n\n\n<p class=\"wp-block-paragraph\"><strong>&#8220;En cierto modo, me sorprende que hayamos sido tan competitivos, teniendo en cuenta que desde Miami no hemos tra\u00eddo muchas actualizaciones a la pista. Eso demuestra lo grande que fue la actualizaci\u00f3n de Miami. Algunas nuevas actualizaciones llegar\u00e1n en la segunda parte de la temporada&#8221;<\/strong>, finaliz\u00f3 el ingeniero.<\/p>\n\n\n\n<p class=\"wp-block-paragraph\">Si bien es cierto que McLaren ha mejorado nuevos alerones traseros para determinadas carreras, como \u00cdmola o <strong>Silverstone<\/strong>, lo cierto es que, con los buenos resultados, ya que se ubican segundos en el actual campeonato de equipos, el tiempo de pruebas aerodin\u00e1micas en el t\u00fanel de viento ser\u00e1 cada vez menor, por la posici\u00f3n en el certamen.<\/p>\n\n\n\n<p class=\"wp-block-paragraph\">Ya para el 30 de junio, los de <strong>Woking <\/strong>eran terceros, antes de adelantar a <strong>Ferrari,<\/strong> por lo que disponen de dos periodos de <strong>pruebas aerodin\u00e1micas (ATP)<\/strong> con 256 intentos en el t\u00fanel de viento cada uno, 64 horas de simulaciones de velocidad por encima de 15 m\/s, 320 horas de ocupaci\u00f3n total del t\u00fanel de viento y 1600 posibilidades de modelado geom\u00e9trico en las simulaciones <strong>CFD (Computational Fluid Dynamics)<\/strong>. Esto puede influir en el desarrollo futuro de los coches de la escuder\u00eda, dado que ya no tendr\u00e1n tanto margen de mejora de un a\u00f1o a otro, por la evoluci\u00f3n.<\/p>\n\n\n\n<p class=\"wp-block-paragraph\">\u23e9&nbsp;<em><strong>\u00a1Seguinos en redes por&nbsp;<\/strong><\/em><a href=\"https:\/\/twitter.com\/grandepremioES\" target=\"_blank\" rel=\"noreferrer noopener\"><em>Twitter&nbsp;<\/em><\/a><em><strong>e&nbsp;<\/strong><\/em><a href=\"https:\/\/www.instagram.com\/grandepremioes\/\" target=\"_blank\" rel=\"noreferrer noopener\"><em>Instagram!<\/em><\/a><br><strong>\u23e9<\/strong>&nbsp;<em><strong>Adem\u00e1s, tenemos nuestro&nbsp;<\/strong><\/em><a href=\"https:\/\/whatsapp.com\/channel\/0029VaDZ5zb0gcfDxuwxBM05\" target=\"_blank\" rel=\"noreferrer noopener\"><em>canal de Whatsapp<\/em><\/a><em><strong>&nbsp;con toda la informaci\u00f3n al instante<\/strong><\/em>&nbsp;\ud83c\udfc1<\/p>\n\n\n\n<p class=\"wp-block-paragraph\">La F\u00f3rmula 1 vuelve a la pista este fin de semana, del 23 al 25 de agosto, con motivo del Gran Premio de Holanda en Zandvoort.<\/p>\n\n\n\n<figure class=\"wp-block-embed is-type-video is-provider-youtube wp-block-embed-youtube wp-embed-aspect-16-9 wp-has-aspect-ratio\"><div class=\"wp-block-embed__wrapper\">\n<iframe loading=\"lazy\" title=\"ASTON MARTIN SE ESTANCA Y LUCHA POR SALIR DE LA ZONA MEDIA EN F1 2024\" width=\"500\" height=\"281\" src=\"https:\/\/www.youtube.com\/embed\/tJy-Bto3xOs?feature=oembed\" frameborder=\"0\" allow=\"accelerometer; autoplay; clipboard-write; encrypted-media; gyroscope; picture-in-picture; web-share\" referrerpolicy=\"strict-origin-when-cross-origin\" allowfullscreen><\/iframe>\n<\/div><\/figure>\n","protected":false},"excerpt":{"rendered":"<p>El jefe de McLaren, Andrea Stella, ha explicado que el trabajo del equipo en el t\u00fanel de viento se traducir\u00e1 en una serie de actualizaciones para la segunda parte de la temporada 2024 de F1.<\/p>\n","protected":false},"author":0,"featured_media":1010251007,"comment_status":"closed","ping_status":"closed","sticky":false,"template":"","format":"standard","meta":{"42wp_featured_image_caption":"","42wp_featured_image_credits":"","42wp_featured_video":"","42wp_featured_image_hidden":false,"42wp_authors_list":[],"footnotes":""},"categories":[5],"tags":[4497,181,179,421,1534,1648,268,269,1203,278,480,2646],"42wp_author":[14237],"class_list":["post-12269","post","type-post","status-publish","format-standard","has-post-thumbnail","hentry","category-f1","tag-andrea-stella","tag-f1","tag-formula-1","tag-gp-de-hungria","tag-gp-de-miami","tag-hard-rock-stadium","tag-lando-norris","tag-mclaren","tag-mundial-de-constructores","tag-oscar-piastri","tag-silverstone","tag-woking","42wp_author-gabriel-garcia"],"_links":{"self":[{"href":"https:\/\/grandepremio.com\/es\/wp-json\/wp\/v2\/posts\/12269","targetHints":{"allow":["GET"]}}],"collection":[{"href":"https:\/\/grandepremio.com\/es\/wp-json\/wp\/v2\/posts"}],"about":[{"href":"https:\/\/grandepremio.com\/es\/wp-json\/wp\/v2\/types\/post"}],"replies":[{"embeddable":true,"href":"https:\/\/grandepremio.com\/es\/wp-json\/wp\/v2\/comments?post=12269"}],"version-history":[{"count":0,"href":"https:\/\/grandepremio.com\/es\/wp-json\/wp\/v2\/posts\/12269\/revisions"}],"wp:featuredmedia":[{"embeddable":true,"href":"https:\/\/grandepremio.com\/es\/wp-json\/wp\/v2\/media\/1010251007"}],"wp:attachment":[{"href":"https:\/\/grandepremio.com\/es\/wp-json\/wp\/v2\/media?parent=12269"}],"wp:term":[{"taxonomy":"category","embeddable":true,"href":"https:\/\/grandepremio.com\/es\/wp-json\/wp\/v2\/categories?post=12269"},{"taxonomy":"post_tag","embeddable":true,"href":"https:\/\/grandepremio.com\/es\/wp-json\/wp\/v2\/tags?post=12269"},{"taxonomy":"42wp_author","embeddable":true,"href":"https:\/\/grandepremio.com\/es\/wp-json\/wp\/v2\/42wp_author?post=12269"}],"curies":[{"name":"wp","href":"https:\/\/api.w.org\/{rel}","templated":true}]}}