{"id":12273,"date":"2024-08-20T09:08:52","date_gmt":"2024-08-20T12:08:52","guid":{"rendered":"https:\/\/grandepremio.com\/es\/2024\/08\/20\/pierre-wache-salida-adrian-newey-jonathan-wheatley-red-bull-f1-2024\/"},"modified":"2024-08-20T09:08:58","modified_gmt":"2024-08-20T12:08:58","slug":"pierre-wache-salida-adrian-newey-jonathan-wheatley-red-bull-f1-2024","status":"publish","type":"post","link":"https:\/\/grandepremio.com\/es\/f1\/pierre-wache-salida-adrian-newey-jonathan-wheatley-red-bull-f1-2024\/","title":{"rendered":"Red Bull conf\u00eda en el \u00abtrabajo en equipo\u00bb para compensar la p\u00e9rdida de Newey y Wheatley"},"content":{"rendered":"\n<p class=\"wp-block-paragraph\">A pesar de estar en lo m\u00e1s alto de la F\u00f3rmula 1, <strong>Red Bull<\/strong> no ha gestionado muy bien su crisis interna y ha perdido a miembros importantes de su equipo t\u00e9cnico, como <strong>Adrian Newey<\/strong> y <strong>Jonathan Wheatley<\/strong>. Sin embargo, esto no parece preocupar demasiado a <strong>Pierre Wach\u00e9<\/strong>, director t\u00e9cnico de la escuder\u00eda austriaca. Seg\u00fan el ingeniero, este deporte requiere un buen trabajo en equipo y, si los taurinos consiguen trabajar bien juntos, la p\u00e9rdida no suele ser demasiado perjudicial.<\/p>\n\n\n\n<p class=\"wp-block-paragraph\">\ud83d\udfe5&nbsp;<strong><em>\u00a1Todas las novedades te esperan en el canal de&nbsp;<\/em><\/strong><a href=\"https:\/\/www.youtube.com\/@GrandePremioES\" target=\"_blank\" rel=\"noreferrer noopener\"><em><strong>YouTube<\/strong><\/em><\/a><strong><em>&nbsp;de Grande Pr\u00eamio en Espa\u00f1ol!<\/em><\/strong>&nbsp;\ud83d\udfe8<\/p>\n\n\n\n<p class=\"wp-block-paragraph\">En mayo de este a\u00f1o, <strong>Red Bull<\/strong> confirm\u00f3 que <strong>Adrian Newey<\/strong> dejar\u00eda de formar parte del equipo tras una uni\u00f3n que dur\u00f3 casi 20 a\u00f1os. Unos meses despu\u00e9s, tambi\u00e9n se confirm\u00f3 que <strong>Wheatley<\/strong>, que llevaba en la escuder\u00eda energ\u00e9tica desde 2009, tambi\u00e9n se marchar\u00eda para convertirse en jefe de <strong>Audi <\/strong>en 2026.<\/p>\n\n\n\n<p class=\"wp-block-paragraph\">Aunque reconoci\u00f3 la importancia de <strong>Newey <\/strong>y <strong>Wheatley <\/strong>para el grupo, Wach\u00e9 tambi\u00e9n subray\u00f3 que el trabajo individual no siempre es lo m\u00e1s importante en la <strong>F1<\/strong>. Por eso hizo hincapi\u00e9 en los beneficios que el trabajo en grupo puede aportar a <strong>Red Bull<\/strong> en esta nueva etapa.<\/p>\n\n\n\n<p class=\"wp-block-paragraph\">\u23e9\u00a0<em><strong>\u00a1Seguinos en redes por\u00a0<\/strong><\/em><a href=\"https:\/\/twitter.com\/grandepremioES\" target=\"_blank\" rel=\"noreferrer noopener\"><em><strong>Twitter<\/strong>\u00a0<\/em><\/a><em><strong>e\u00a0<\/strong><\/em><a href=\"https:\/\/www.instagram.com\/grandepremioes\/\" target=\"_blank\" rel=\"noreferrer noopener\"><em><strong>Instagram!<\/strong><\/em><\/a><br><strong>\u23e9<\/strong>\u00a0<em><strong>Adem\u00e1s, tenemos nuestro\u00a0<\/strong><\/em><a href=\"https:\/\/whatsapp.com\/channel\/0029VaDZ5zb0gcfDxuwxBM05\" target=\"_blank\" rel=\"noreferrer noopener\"><em><strong>canal de WhatsApp<\/strong><\/em><\/a><em><strong>\u00a0con toda la informaci\u00f3n al instante<\/strong><\/em>\u00a0\ud83c\udfc1<\/p>\n\n\n\n<figure class=\"wp-block-image size-large\"><img decoding=\"async\" src=\"https:\/\/grandepremio.com\/es\/wp-content\/uploads\/2024\/08\/Newey-24-1024x647.jpg\" alt=\"\" class=\"wp-image-250746\"\/><figcaption class=\"wp-element-caption\">Adrian Newey dejar\u00e1 Red Bull en 2025 (Foto: Red Bull Content Pool)<\/figcaption><\/figure>\n\n\n\n<p class=\"wp-block-paragraph\">\u00abSi no estamos contentos con algo, por supuesto que intentamos cambiarlo o compensarlo. En lo que a m\u00ed respecta, no soy perfecto en mi puesto, como nadie lo es en la vida. Y, desde luego, uno nunca debe creerse perfecto. Al contrario, tienes que reunir a gente a tu alrededor para compensar tus propias debilidades, as\u00ed es como debe ser\u00bb, dijo Wach\u00e9.<\/p>\n\n\n\n<p class=\"wp-block-paragraph\">\u00abSomos un grupo, y no es que unos sean m\u00e1s d\u00e9biles que otros. No, todos tienen puntos fuertes y unirlos es lo m\u00e1s importante. No existe un grupo en el que un individuo lo hace todo. Lo que importa es c\u00f3mo trabajan juntos todos estos individuos\u00bb, finaliz\u00f3.<\/p>\n\n\n\n<p class=\"wp-block-paragraph\">La\u00a0<strong>F\u00f3rmula 1<\/strong>\u00a0regresar\u00e1 este fin de semana entre el 23 y 25 de agosto para el\u00a0<strong>Gran Premio de Pa\u00edses Bajos<\/strong>\u00a0en\u00a0<strong>Zandvoort<\/strong>.<\/p>\n\n\n\n<figure class=\"wp-block-embed is-type-video is-provider-youtube wp-block-embed-youtube wp-embed-aspect-16-9 wp-has-aspect-ratio\"><div class=\"wp-block-embed__wrapper\">\n<iframe loading=\"lazy\" title=\"ASTON MARTIN SE ESTANCA Y LUCHA POR SALIR DE LA ZONA MEDIA EN F1 2024\" width=\"500\" height=\"281\" src=\"https:\/\/www.youtube.com\/embed\/tJy-Bto3xOs?feature=oembed\" frameborder=\"0\" allow=\"accelerometer; autoplay; clipboard-write; encrypted-media; gyroscope; picture-in-picture; web-share\" referrerpolicy=\"strict-origin-when-cross-origin\" allowfullscreen><\/iframe>\n<\/div><\/figure>\n","protected":false},"excerpt":{"rendered":"<p>Pierre Wach\u00e9, director t\u00e9cnico de Red Bull, subray\u00f3 que el equipo tambi\u00e9n puede crecer considerablemente si trabaja en armon\u00eda con todos sus miembros<\/p>\n","protected":false},"author":0,"featured_media":1010239442,"comment_status":"closed","ping_status":"closed","sticky":false,"template":"","format":"standard","meta":{"42wp_featured_image_caption":"","42wp_featured_image_credits":"","42wp_featured_video":"","42wp_featured_image_hidden":false,"42wp_authors_list":[],"footnotes":""},"categories":[5],"tags":[742,181,2249,179,2259,1488,2173,4449,206,4540],"42wp_author":[14239],"class_list":["post-12273","post","type-post","status-publish","format-standard","has-post-thumbnail","hentry","category-f1","tag-adrian-newey","tag-f1","tag-f1-2024","tag-formula-1","tag-formula-1-2024","tag-grande-premio","tag-jonathan-wheatley","tag-pierre-wache","tag-red-bull","tag-temporada-2024-f1","42wp_author-jp-otrosky"],"_links":{"self":[{"href":"https:\/\/grandepremio.com\/es\/wp-json\/wp\/v2\/posts\/12273","targetHints":{"allow":["GET"]}}],"collection":[{"href":"https:\/\/grandepremio.com\/es\/wp-json\/wp\/v2\/posts"}],"about":[{"href":"https:\/\/grandepremio.com\/es\/wp-json\/wp\/v2\/types\/post"}],"replies":[{"embeddable":true,"href":"https:\/\/grandepremio.com\/es\/wp-json\/wp\/v2\/comments?post=12273"}],"version-history":[{"count":0,"href":"https:\/\/grandepremio.com\/es\/wp-json\/wp\/v2\/posts\/12273\/revisions"}],"wp:featuredmedia":[{"embeddable":true,"href":"https:\/\/grandepremio.com\/es\/wp-json\/wp\/v2\/media\/1010239442"}],"wp:attachment":[{"href":"https:\/\/grandepremio.com\/es\/wp-json\/wp\/v2\/media?parent=12273"}],"wp:term":[{"taxonomy":"category","embeddable":true,"href":"https:\/\/grandepremio.com\/es\/wp-json\/wp\/v2\/categories?post=12273"},{"taxonomy":"post_tag","embeddable":true,"href":"https:\/\/grandepremio.com\/es\/wp-json\/wp\/v2\/tags?post=12273"},{"taxonomy":"42wp_author","embeddable":true,"href":"https:\/\/grandepremio.com\/es\/wp-json\/wp\/v2\/42wp_author?post=12273"}],"curies":[{"name":"wp","href":"https:\/\/api.w.org\/{rel}","templated":true}]}}