{"id":12307,"date":"2024-08-17T14:05:00","date_gmt":"2024-08-17T17:05:00","guid":{"rendered":"https:\/\/grandepremio.com\/es\/2024\/08\/17\/newey-recuerda-red-bull-2021-mas-dificil-f1\/"},"modified":"2024-08-17T14:05:10","modified_gmt":"2024-08-17T17:05:10","slug":"newey-recuerda-red-bull-2021-mas-dificil-f1","status":"publish","type":"post","link":"https:\/\/grandepremio.com\/es\/f1\/newey-recuerda-red-bull-2021-mas-dificil-f1\/","title":{"rendered":"Newey recuerda su carrera en Red Bull y dice que 2021 fue &#8220;el a\u00f1o m\u00e1s dif\u00edcil&#8221; en F\u00f3rmula 1"},"content":{"rendered":"\n<p class=\"wp-block-paragraph\">La salida de<strong> Adrian Newey <\/strong>de <strong>Red Bull<\/strong> es algo que, dentro del contexto del<strong> \u201cCaso Horner\u201d<\/strong>, no fue sorprendente, pero s\u00ed por la manera en la que el<em> \u201cgenio de la aerodin\u00e1mica\u201d<\/em> de la <strong>F\u00f3rmula 1<\/strong> abandon\u00f3 el proyecto que lo ten\u00eda como l\u00edder en la parte t\u00e9cnica.<\/p>\n\n\n\n<p class=\"wp-block-paragraph\">Con las ofertas de Ferrari y de <strong>Aston Martin<\/strong> sobre la mesa, Newey parece que se inclinar\u00eda por los de <strong>Silverstone,<\/strong> aunque no es oficial a\u00fan. En una entrevista con el podcast <em>Talking Bull<\/em>, de la escuder\u00eda austr\u00edaca, el ingeniero reconoci\u00f3 que la temporada 2021 fue muy complicada.<\/p>\n\n\n\n<p class=\"wp-block-paragraph\">\ud83d\udfe5&nbsp;<strong><em>\u00a1Todas las novedades te esperan en el canal de&nbsp;<\/em><\/strong><a href=\"https:\/\/www.youtube.com\/@GrandePremioES\" target=\"_blank\" rel=\"noreferrer noopener\"><em>YouTube<\/em><\/a><strong><em>&nbsp;de Grande Pr\u00eamio en Espa\u00f1ol!<\/em><\/strong>&nbsp;\ud83d\udfe8<\/p>\n\n\n\n<p class=\"wp-block-paragraph\"><strong>\u201cLleg\u00f3 la era h\u00edbrida y tuvimos que trabajar en otras cosas, pero logramos seguir y, por supuesto, del 2021 creo que se hablar\u00e1 por muchos a\u00f1os. Probablemente para siempre. Creo que, de todos mis a\u00f1os en el automovilismo, este fue el a\u00f1o m\u00e1s dif\u00edcil\u201d<\/strong>, dijo el brit\u00e1nico al recordar ese a\u00f1o, cuando <strong>Max Verstappen<\/strong> bati\u00f3 en la \u00faltima vuelta a<strong> Lewis Hamilton<\/strong> por el t\u00edtulo.<\/p>\n\n\n\n<p class=\"wp-block-paragraph\">Sobre su trayectoria en Red Bull, Newey coment\u00f3: <strong>\u201cPens\u00e9: &#8216;Bueno, es un gran desaf\u00edo. Es un gran riesgo para mi carrera, pero es un riesgo que estoy dispuesto a correr. Entonces, cuando comenc\u00e9, fue con las ganas y la esperanza de que, en alg\u00fan momento, pudi\u00e9ramos ganar una carrera. Cuando ganamos el primero con Sebastian [Vettel] y su Toro Rosso en Monza 2008 y en China, en 2009, con Red Bull, fue un gran hito. Luego fuimos a la \u00faltima carrera en Abu Dhabi 2010 y ganamos el campeonato contra todo pron\u00f3stico. Es algo que nunca olvidar\u00e9\u201d.<\/strong><\/p>\n\n\n\n<figure class=\"wp-block-image size-full\"><img decoding=\"async\" src=\"https:\/\/grandepremio.com\/es\/wp-content\/uploads\/2024\/08\/SI202306181182_hires_jpeg_24bit_rgb-e1687454419398-1024x629-1.jpg\" alt=\"\" class=\"wp-image-250749\"\/><figcaption class=\"wp-element-caption\">Newey record\u00f3 la dificultad en 2021, cuando Verstappen gan\u00f3 su primer t\u00edtulo mundial (Foto: Clive Mason\/Getty Images)<\/figcaption><\/figure>\n\n\n\n<p class=\"wp-block-paragraph\">A sus 65 a\u00f1os, Newey es considerado por muchos como uno de los mejores ingenieros de dise\u00f1o de la historia de la F\u00f3rmula 1. Al poco de graduarse en Inglaterra en 1980, Adrian tuvo su primer contacto con el deporte a trav\u00e9s del equipo creado por los hermanos Fittipaldi en la F\u00f3rmula 1. Luego, trabaj\u00f3 en March y Leyton House, antes de llegar a<strong> Williams<\/strong>, en 1991.<\/p>\n\n\n\n<p class=\"wp-block-paragraph\">Despu\u00e9s de tres t\u00edtulos del mundo, Adrian se fue a<strong> McLaren<\/strong> en 1997 y gan\u00f3 otros dos t\u00edtulos, con<strong> Mika Hakkinen<\/strong>. Ya en 2006, lleg\u00f3 a Red Bull y disfrut\u00f3 de cuatro campeonatos con <strong>Sebastian Vettel<\/strong> y otros tres con Max Verstappen hasta el presente curso.<\/p>\n\n\n\n<p class=\"wp-block-paragraph\"><strong>Fernando Alonso<\/strong>, piloto de Aston Martin, hab\u00eda declarado que le gustar\u00eda trabajar con Newey y esas palabras fueron reciprocas del ingeniero, por lo que se espera que <strong>Lawrence Stroll<\/strong> lo pueda convencer y guiar al equipo hacia lo m\u00e1s alto de la F1. Ferrari, en cambio, habr\u00eda ofrecido buenas condiciones salariales, pero no el control total del \u00e1rea t\u00e9cnica, lo que enfri\u00f3 las charlas. Se espera un potencial anuncio de los brit\u00e1nicos cuando el contrato con Red Bull lo permita.<\/p>\n\n\n\n<p class=\"wp-block-paragraph\">\u23e9&nbsp;<em><strong>\u00a1Seguinos en redes por&nbsp;<\/strong><\/em><a href=\"https:\/\/twitter.com\/grandepremioES\" target=\"_blank\" rel=\"noreferrer noopener\"><em>Twitter&nbsp;<\/em><\/a><em><strong>e&nbsp;<\/strong><\/em><a href=\"https:\/\/www.instagram.com\/grandepremioes\/\" target=\"_blank\" rel=\"noreferrer noopener\"><em>Instagram!<\/em><\/a><br><strong>\u23e9<\/strong>&nbsp;<em><strong>Adem\u00e1s, tenemos nuestro&nbsp;<\/strong><\/em><a href=\"https:\/\/whatsapp.com\/channel\/0029VaDZ5zb0gcfDxuwxBM05\" target=\"_blank\" rel=\"noreferrer noopener\"><em>canal de Whatsapp<\/em><\/a><em><strong>&nbsp;con toda la informaci\u00f3n al instante<\/strong><\/em>&nbsp;\ud83c\udfc1<\/p>\n\n\n\n<p class=\"wp-block-paragraph\">La F\u00f3rmula 1 se toma su tradicional par\u00f3n por las vacaciones de verano en Europa y regresa del 23 al 25 de agosto en Zandvoort, para competir en el GP de Holanda.<\/p>\n\n\n\n<figure class=\"wp-block-embed is-type-video is-provider-youtube wp-block-embed-youtube wp-embed-aspect-16-9 wp-has-aspect-ratio\"><div class=\"wp-block-embed__wrapper\">\n<iframe loading=\"lazy\" title=\"\u00bfCON QU\u00c9 TC SE ENCONTRAR\u00c1 CANAPINO?\" width=\"500\" height=\"281\" src=\"https:\/\/www.youtube.com\/embed\/kCbdGdXiaoY?feature=oembed\" frameborder=\"0\" allow=\"accelerometer; autoplay; clipboard-write; encrypted-media; gyroscope; picture-in-picture; web-share\" referrerpolicy=\"strict-origin-when-cross-origin\" allowfullscreen><\/iframe>\n<\/div><\/figure>\n","protected":false},"excerpt":{"rendered":"<p>Adrian Newey deja la escuder\u00eda austriaca y est\u00e1 cerca de ser anunciado en Aston Martin, pero record\u00f3 los momentos memorables en casi 20 a\u00f1os de colaboraci\u00f3n con la escuder\u00eda de bebidas energizantes en la F\u00f3rmula 1.<\/p>\n","protected":false},"author":0,"featured_media":1010250746,"comment_status":"closed","ping_status":"closed","sticky":false,"template":"","format":"standard","meta":{"42wp_featured_image_caption":"","42wp_featured_image_credits":"","42wp_featured_video":"","42wp_featured_image_hidden":false,"42wp_authors_list":[],"footnotes":""},"categories":[5],"tags":[742,209,9877,181,184,179,970,199,269,9572,206,208,480],"42wp_author":[14237],"class_list":["post-12307","post","type-post","status-publish","format-standard","has-post-thumbnail","hentry","category-f1","tag-adrian-newey","tag-aston-martin","tag-caso-horner","tag-f1","tag-fernando-alonso","tag-formula-1","tag-lawrence-stroll","tag-lewis-hamilton","tag-mclaren","tag-mika-hakkinen-2","tag-red-bull","tag-sebastian-vettel","tag-silverstone","42wp_author-gabriel-garcia"],"_links":{"self":[{"href":"https:\/\/grandepremio.com\/es\/wp-json\/wp\/v2\/posts\/12307","targetHints":{"allow":["GET"]}}],"collection":[{"href":"https:\/\/grandepremio.com\/es\/wp-json\/wp\/v2\/posts"}],"about":[{"href":"https:\/\/grandepremio.com\/es\/wp-json\/wp\/v2\/types\/post"}],"replies":[{"embeddable":true,"href":"https:\/\/grandepremio.com\/es\/wp-json\/wp\/v2\/comments?post=12307"}],"version-history":[{"count":0,"href":"https:\/\/grandepremio.com\/es\/wp-json\/wp\/v2\/posts\/12307\/revisions"}],"wp:featuredmedia":[{"embeddable":true,"href":"https:\/\/grandepremio.com\/es\/wp-json\/wp\/v2\/media\/1010250746"}],"wp:attachment":[{"href":"https:\/\/grandepremio.com\/es\/wp-json\/wp\/v2\/media?parent=12307"}],"wp:term":[{"taxonomy":"category","embeddable":true,"href":"https:\/\/grandepremio.com\/es\/wp-json\/wp\/v2\/categories?post=12307"},{"taxonomy":"post_tag","embeddable":true,"href":"https:\/\/grandepremio.com\/es\/wp-json\/wp\/v2\/tags?post=12307"},{"taxonomy":"42wp_author","embeddable":true,"href":"https:\/\/grandepremio.com\/es\/wp-json\/wp\/v2\/42wp_author?post=12307"}],"curies":[{"name":"wp","href":"https:\/\/api.w.org\/{rel}","templated":true}]}}