{"id":12311,"date":"2024-08-17T11:32:54","date_gmt":"2024-08-17T14:32:54","guid":{"rendered":"https:\/\/grandepremio.com\/es\/2024\/08\/17\/briatore-dice-piloto-no-hace-diferencia-alpine\/"},"modified":"2024-08-17T11:33:00","modified_gmt":"2024-08-17T14:33:00","slug":"briatore-dice-piloto-no-hace-diferencia-alpine","status":"publish","type":"post","link":"https:\/\/grandepremio.com\/es\/f1\/briatore-dice-piloto-no-hace-diferencia-alpine\/","title":{"rendered":"Briatore dice que &#8220;el piloto no hace ninguna diferencia&#8221; en Alpine: &#8220;Lo har\u00e1 en 2026&#8221;"},"content":{"rendered":"\n<p class=\"wp-block-paragraph\">Que el equipo<strong> Alpine<\/strong> necesita una reorganizaci\u00f3n, eso qued\u00f3 claro despu\u00e9s de los muchos cambios que se han producido en los dos \u00faltimos a\u00f1os, con la salida de toda la c\u00fapula el a\u00f1o pasado y el despido, hace pocas semanas, de <strong>Bruno Famin<\/strong> como jefe de la escuder\u00eda y la llegada desde <strong>Hitech<\/strong> de <strong>Oliver Oakes.<\/strong><\/p>\n\n\n\n<p class=\"wp-block-paragraph\">Y, tambi\u00e9n, lleg\u00f3 <strong>Flavio Briatore<\/strong>. El ex jefe de <strong>Renault<\/strong> acept\u00f3 volver a la F\u00f3rmula 1 llamado por el CEO del fabricante franc\u00e9s, <strong>Luca De Meo<\/strong>. Para el italiano, lo importante es mejorar el auto y volver a pelear por podios m\u00e1s que enfocarse en los pilotos. Hay que decir que la salida de <strong>Esteban Ocon<\/strong> se tom\u00f3 antes de su llegada, y <strong>Jack Doohan<\/strong>, el probador, es candidato a reemplazar al ganador del GP de Hungr\u00eda de 2021.<\/p>\n\n\n\n<p class=\"wp-block-paragraph\">\ud83d\udfe5&nbsp;<strong><em>\u00a1Todas las novedades te esperan en el canal de&nbsp;<\/em><\/strong><a href=\"https:\/\/www.youtube.com\/@GrandePremioES\" target=\"_blank\" rel=\"noreferrer noopener\"><em>YouTube<\/em><\/a><strong><em>&nbsp;de Grande Pr\u00eamio en Espa\u00f1ol!<\/em><\/strong>&nbsp;\ud83d\udfe8<\/p>\n\n\n\n<p class=\"wp-block-paragraph\">Durante una entrevista con el podcast Formula For Success, el empresario afirm\u00f3: <strong>\u201cEn este momento necesitamos organizar el equipo desde el punto de vista comercial, t\u00e9cnico y de gesti\u00f3n. El piloto ya no hace ninguna diferencia. Marcar\u00e1 la diferencia en 2026, 2027 y 2028. Si tienes un buen coche, necesitas un buen conductor. Si el coche no funciona, no tiene sentido\u201d.<\/strong><\/p>\n\n\n\n<figure class=\"wp-block-image size-full\"><img decoding=\"async\" src=\"https:\/\/grandepremio.com\/es\/wp-content\/uploads\/2024\/08\/Doohan-na-Hungria2.jpg\" alt=\"\" class=\"wp-image-250721\"\/><figcaption class=\"wp-element-caption\">Jack Doohan deber\u00eda ser piloto de Alpine en 2025 (Foto: Agencia Holandesa de Fotograf\u00eda)<\/figcaption><\/figure>\n\n\n\n<p class=\"wp-block-paragraph\">Adem\u00e1s de la salida de Famin, que qued\u00f3 relegado a otro cargo en la empresa como parte de los programas deportivos, Briatore ha realizado cambios internos para poder favorecer el regreso de Alpine a los primeros planos. No solo eso, sino que decidi\u00f3 detener la producci\u00f3n de motores y acercarse a <strong>Mercedes<\/strong> como nueva proveedora de unidades de potencia.<\/p>\n\n\n\n<p class=\"wp-block-paragraph\"><strong>\u201cNuestro objetivo en este momento es poner toda nuestra energ\u00eda en el aspecto t\u00e9cnico y garantizar que el coche Alpine est\u00e9 mejorando y evolucionando para el pr\u00f3ximo a\u00f1o. En 2026, creo, veremos el nuevo Alpine\u201d,<\/strong> concluy\u00f3 quien fuera jefe de Fernando Alonso.<\/p>\n\n\n\n<p class=\"wp-block-paragraph\">\u23e9&nbsp;<em><strong>\u00a1Seguinos en redes por&nbsp;<\/strong><\/em><a href=\"https:\/\/twitter.com\/grandepremioES\" target=\"_blank\" rel=\"noreferrer noopener\"><em>Twitter&nbsp;<\/em><\/a><em><strong>e&nbsp;<\/strong><\/em><a href=\"https:\/\/www.instagram.com\/grandepremioes\/\" target=\"_blank\" rel=\"noreferrer noopener\"><em>Instagram!<\/em><\/a><br><strong>\u23e9<\/strong>&nbsp;<em><strong>Adem\u00e1s, tenemos nuestro&nbsp;<\/strong><\/em><a href=\"https:\/\/whatsapp.com\/channel\/0029VaDZ5zb0gcfDxuwxBM05\" target=\"_blank\" rel=\"noreferrer noopener\"><em>canal de Whatsapp<\/em><\/a><em><strong>&nbsp;con toda la informaci\u00f3n al instante<\/strong><\/em>&nbsp;\ud83c\udfc1<\/p>\n\n\n\n<p class=\"wp-block-paragraph\">La F\u00f3rmula 1 volver\u00e1 a las pistas tras el par\u00f3n estival entre el 23 y 25 de agosto para el GP de Holanda en Zandvoort.<\/p>\n\n\n\n<figure class=\"wp-block-embed is-type-video is-provider-youtube wp-block-embed-youtube wp-embed-aspect-16-9 wp-has-aspect-ratio\"><div class=\"wp-block-embed__wrapper\">\n<iframe loading=\"lazy\" title=\"\u00bfCON QU\u00c9 TC SE ENCONTRAR\u00c1 CANAPINO?\" width=\"500\" height=\"281\" src=\"https:\/\/www.youtube.com\/embed\/kCbdGdXiaoY?feature=oembed\" frameborder=\"0\" allow=\"accelerometer; autoplay; clipboard-write; encrypted-media; gyroscope; picture-in-picture; web-share\" referrerpolicy=\"strict-origin-when-cross-origin\" allowfullscreen><\/iframe>\n<\/div><\/figure>\n","protected":false},"excerpt":{"rendered":"<p>Flavio Briatore, que tiene como misi\u00f3n encomendada por parte del CEO de Renault poder ordenar al equipo Alpine, dijo que necesitan mejorar las prestaciones del auto m\u00e1s que enfocarse en el talento de los pilotos.<\/p>\n","protected":false},"author":0,"featured_media":1010250719,"comment_status":"closed","ping_status":"closed","sticky":false,"template":"","format":"standard","meta":{"42wp_featured_image_caption":"","42wp_featured_image_credits":"","42wp_featured_video":"","42wp_featured_image_hidden":false,"42wp_authors_list":[],"footnotes":""},"categories":[5],"tags":[678,2233,362,181,2326,179,284,1011,683,197,10593,210],"42wp_author":[14237],"class_list":["post-12311","post","type-post","status-publish","format-standard","has-post-thumbnail","hentry","category-f1","tag-alpine","tag-bruno-famin","tag-esteban-ocon","tag-f1","tag-flavio-briatore","tag-formula-1","tag-hitech","tag-jack-doohan","tag-luca-de-meo","tag-mercedes","tag-oliver-oakes","tag-renault","42wp_author-gabriel-garcia"],"_links":{"self":[{"href":"https:\/\/grandepremio.com\/es\/wp-json\/wp\/v2\/posts\/12311","targetHints":{"allow":["GET"]}}],"collection":[{"href":"https:\/\/grandepremio.com\/es\/wp-json\/wp\/v2\/posts"}],"about":[{"href":"https:\/\/grandepremio.com\/es\/wp-json\/wp\/v2\/types\/post"}],"replies":[{"embeddable":true,"href":"https:\/\/grandepremio.com\/es\/wp-json\/wp\/v2\/comments?post=12311"}],"version-history":[{"count":0,"href":"https:\/\/grandepremio.com\/es\/wp-json\/wp\/v2\/posts\/12311\/revisions"}],"wp:featuredmedia":[{"embeddable":true,"href":"https:\/\/grandepremio.com\/es\/wp-json\/wp\/v2\/media\/1010250719"}],"wp:attachment":[{"href":"https:\/\/grandepremio.com\/es\/wp-json\/wp\/v2\/media?parent=12311"}],"wp:term":[{"taxonomy":"category","embeddable":true,"href":"https:\/\/grandepremio.com\/es\/wp-json\/wp\/v2\/categories?post=12311"},{"taxonomy":"post_tag","embeddable":true,"href":"https:\/\/grandepremio.com\/es\/wp-json\/wp\/v2\/tags?post=12311"},{"taxonomy":"42wp_author","embeddable":true,"href":"https:\/\/grandepremio.com\/es\/wp-json\/wp\/v2\/42wp_author?post=12311"}],"curies":[{"name":"wp","href":"https:\/\/api.w.org\/{rel}","templated":true}]}}