{"id":1234,"date":"2026-05-15T13:46:53","date_gmt":"2026-05-15T16:46:53","guid":{"rendered":"https:\/\/grandepremio.com\/es\/2026\/05\/15\/max-verstappen-condiciones-dificiles-nurburgring\/"},"modified":"2026-05-15T13:46:56","modified_gmt":"2026-05-15T16:46:56","slug":"max-verstappen-condiciones-dificiles-nurburgring","status":"publish","type":"post","link":"https:\/\/grandepremio.com\/es\/resistencia\/max-verstappen-condiciones-dificiles-nurburgring\/","title":{"rendered":"Verstappen explica condiciones &#8220;incre\u00edblemente dif\u00edciles&#8221; de N\u00fcrburgring"},"content":{"rendered":"\n<p class=\"wp-block-paragraph\"><strong>Max Verstappen<\/strong> celebr\u00f3 su clasificaci\u00f3n para la <strong>Top Qualifying 3 <\/strong>de las<strong> 24 Horas de N\u00fcrburgring<\/strong> tras terminar la segunda sesi\u00f3n de clasificaci\u00f3n de este viernes con el sexto mejor tiempo. El resultado coloc\u00f3 al <strong>Mercedes<\/strong> #3 en la lucha por la pole position de la carrera alemana, y <strong>Daniel Juncadella<\/strong> asegur\u00f3 posteriormente el cuarto puesto en la fase definitoria.<\/p>\n\n\n\n<p class=\"wp-block-paragraph\">El objetivo principal del neerland\u00e9s era terminar entre los siete primeros para avanzar a la <strong>Top Qualifying 3. <\/strong>Verstappen lleg\u00f3 a asumir el liderazgo de la sesi\u00f3n con un tiempo de 8m11s614, pero su situaci\u00f3n se tens\u00f3 en los \u00faltimos tres minutos, cuando otros cinco autos mejoraron sus tiempos. Aun as\u00ed, su Mercedes qued\u00f3 entre los siete primeros clasificados.<\/p>\n\n\n\n<p class=\"wp-block-paragraph\"><strong><em>\u00a1Todas las novedades te esperan en el canal de <a href=\"https:\/\/www.youtube.com\/@GrandePremioES\" target=\"_blank\" rel=\"noreferrer noopener\">YouTube<\/a> de Grande Pr\u00eamio en Espa\u00f1ol!<\/em><\/strong><\/p>\n\n\n\n<figure class=\"wp-block-embed is-type-video is-provider-youtube wp-block-embed-youtube wp-embed-aspect-16-9 wp-has-aspect-ratio\"><div class=\"wp-block-embed__wrapper\">\n<iframe loading=\"lazy\" title=\"\u00bfVUELVEN LOS MOTORES V8 A LA F\u00d3RMULA 1?\" width=\"500\" height=\"281\" src=\"https:\/\/www.youtube.com\/embed\/F-C6Km_8elw?feature=oembed\" frameborder=\"0\" allow=\"accelerometer; autoplay; clipboard-write; encrypted-media; gyroscope; picture-in-picture; web-share\" referrerpolicy=\"strict-origin-when-cross-origin\" allowfullscreen><\/iframe>\n<\/div><\/figure>\n\n\n\n<p class=\"wp-block-paragraph\">En una entrevista con la prensa justo despu\u00e9s de la segunda sesi\u00f3n de clasificaci\u00f3n, Verstappen destac\u00f3 la competitividad de la actividad y elogi\u00f3 el rendimiento del auto.<\/p>\n\n\n\n<p class=\"wp-block-paragraph\">\u00abMe sent\u00ed c\u00f3modo en el auto. Nuestro objetivo era llegar al Top Qualifying 3 y, obviamente, eso no era f\u00e1cil con la competencia. Fue incre\u00edblemente dif\u00edcil, porque hay muchos autos r\u00e1pidos, pero logramos estar entre ellos por poco, y esa \u00faltima vuelta fue suficiente. Afortunadamente, la pista estaba seca, el auto andaba bien y logramos completar la sesi\u00f3n. Ese era el objetivo\u00bb, afirm\u00f3.<\/p>\n\n\n\n<p class=\"wp-block-paragraph\">El jueves por la noche, Verstappen particip\u00f3 en la sesi\u00f3n de pr\u00e1ctica libre nocturna para probar las condiciones de la pista en la oscuridad. El cuatro veces campe\u00f3n de <strong>F\u00f3rmula 1 <\/strong>destac\u00f3 que la actividad lo ayud\u00f3 a adaptarse para la competencia de este fin de semana.<\/p>\n\n\n\n<p class=\"wp-block-paragraph\"><strong><em>\u00a1Seguinos en redes por <a href=\"https:\/\/twitter.com\/grandepremioES\" target=\"_blank\" rel=\"noreferrer noopener\">Twitter <\/a>e <a href=\"https:\/\/www.instagram.com\/grandepremioes\/\" target=\"_blank\" rel=\"noreferrer noopener\">Instagram!<\/a><\/em><\/strong><br><strong><em>Adem\u00e1s, tenemos nuestro <a href=\"https:\/\/whatsapp.com\/channel\/0029VaDZ5zb0gcfDxuwxBM05\" target=\"_blank\" rel=\"noreferrer noopener\">canal de Whatsapp<\/a> con toda la informaci\u00f3n al instante<\/em><\/strong><\/p>\n\n\n\n<figure class=\"wp-block-embed is-type-video is-provider-youtube wp-block-embed-youtube wp-embed-aspect-16-9 wp-has-aspect-ratio\"><div class=\"wp-block-embed__wrapper\">\n<iframe loading=\"lazy\" title=\"\u00bfRUSSELL EN CRISIS? ANTONELLI SE AFIANZA COMO L\u00cdDER EN MERCEDES\" width=\"500\" height=\"281\" src=\"https:\/\/www.youtube.com\/embed\/gfE1joF6GRo?feature=oembed\" frameborder=\"0\" allow=\"accelerometer; autoplay; clipboard-write; encrypted-media; gyroscope; picture-in-picture; web-share\" referrerpolicy=\"strict-origin-when-cross-origin\" allowfullscreen><\/iframe>\n<\/div><\/figure>\n\n\n\n<p class=\"wp-block-paragraph\">\u00abAyer hubo muchos cambios en las condiciones de la pista, y para m\u00ed fue la primera vez que corr\u00eda de noche. Probablemente tambi\u00e9n en las peores condiciones posibles, con lluvia y niebla, pero al menos me llev\u00e9 una buena primera impresi\u00f3n de lo que podemos esperar durante la carrera. Eso fue muy bueno\u00bb, declar\u00f3.<\/p>\n\n\n\n<p class=\"wp-block-paragraph\">\u00abPara ser honesto, creo que nos hemos preparado de la mejor manera posible como equipo, incluso en las \u00faltimas carreras. Para este fin de semana, contamos con personas muy profesionales, dedicadas en cuerpo y alma a todo. As\u00ed que esperamos obtener un buen resultado\u00bb, concluy\u00f3 Verstappen.<\/p>\n\n\n\n<p class=\"wp-block-paragraph\"><strong>La edici\u00f3n 2026 de las 24 Horas de N\u00fcrburgring se disputar\u00e1 entre el 16 y el 17 de mayo.<\/strong><\/p>\n\n\n\n<p class=\"wp-block-paragraph\"><\/p>\n","protected":false},"excerpt":{"rendered":"<p>Max Verstappen hizo un balance de su clasificaci\u00f3n para las 24 Horas de N\u00fcrburgring, competencia que disputar\u00e1 este fin de semana largando desde la cuarta posici\u00f3n. <\/p>\n","protected":false},"author":0,"featured_media":1010401277,"comment_status":"closed","ping_status":"closed","sticky":false,"template":"","format":"standard","meta":{"42wp_featured_image_caption":"","42wp_featured_image_credits":"","42wp_featured_video":"","42wp_featured_image_hidden":false,"42wp_authors_list":[],"footnotes":""},"categories":[19],"tags":[14028,249,206,564],"42wp_author":[14223],"class_list":["post-1234","post","type-post","status-publish","format-standard","has-post-thumbnail","hentry","category-resistencia","tag-24-horas-de-nurburgring-2026","tag-max-verstappen","tag-red-bull","tag-resistencia","42wp_author-esteban-nieto"],"_links":{"self":[{"href":"https:\/\/grandepremio.com\/es\/wp-json\/wp\/v2\/posts\/1234","targetHints":{"allow":["GET"]}}],"collection":[{"href":"https:\/\/grandepremio.com\/es\/wp-json\/wp\/v2\/posts"}],"about":[{"href":"https:\/\/grandepremio.com\/es\/wp-json\/wp\/v2\/types\/post"}],"replies":[{"embeddable":true,"href":"https:\/\/grandepremio.com\/es\/wp-json\/wp\/v2\/comments?post=1234"}],"version-history":[{"count":0,"href":"https:\/\/grandepremio.com\/es\/wp-json\/wp\/v2\/posts\/1234\/revisions"}],"wp:featuredmedia":[{"embeddable":true,"href":"https:\/\/grandepremio.com\/es\/wp-json\/wp\/v2\/media\/1010401277"}],"wp:attachment":[{"href":"https:\/\/grandepremio.com\/es\/wp-json\/wp\/v2\/media?parent=1234"}],"wp:term":[{"taxonomy":"category","embeddable":true,"href":"https:\/\/grandepremio.com\/es\/wp-json\/wp\/v2\/categories?post=1234"},{"taxonomy":"post_tag","embeddable":true,"href":"https:\/\/grandepremio.com\/es\/wp-json\/wp\/v2\/tags?post=1234"},{"taxonomy":"42wp_author","embeddable":true,"href":"https:\/\/grandepremio.com\/es\/wp-json\/wp\/v2\/42wp_author?post=1234"}],"curies":[{"name":"wp","href":"https:\/\/api.w.org\/{rel}","templated":true}]}}