{"id":12351,"date":"2024-08-14T11:44:36","date_gmt":"2024-08-14T14:44:36","guid":{"rendered":"https:\/\/grandepremio.com\/es\/2024\/08\/14\/juncos-hollinger-reemplazo-agustin-canapino-conor-daly-indycar-2024\/"},"modified":"2024-08-14T11:44:43","modified_gmt":"2024-08-14T14:44:43","slug":"juncos-hollinger-reemplazo-agustin-canapino-conor-daly-indycar-2024","status":"publish","type":"post","link":"https:\/\/grandepremio.com\/es\/indy\/juncos-hollinger-reemplazo-agustin-canapino-conor-daly-indycar-2024\/","title":{"rendered":"Juncos anuncia a Daly como sustituto de Canapino para \u00faltimas fechas de Indy 2024"},"content":{"rendered":"\n<p class=\"wp-block-paragraph\">Despu\u00e9s de la abrupta salida de <strong>Agust\u00edn Canapino<\/strong> de <strong>IndyCar<\/strong>, a falta de cinco fechas para concluir la temporada 2024, <strong>Juncos Hollinger Racing<\/strong> defini\u00f3 qui\u00e9n ser\u00e1 el reemplazo del argentino en el coche #78: <strong>Conor Daly.<\/strong> El norteamericano de 32 a\u00f1os particip\u00f3 en una jornada de pruebas con el equipo a principios de agosto y fue confirmado para disputar las competencias restantes del campeonato, a desarrollarse en <strong>Gateway, Milwaukee<\/strong> (doble carrera), <strong>Portland<\/strong> y <strong>Nashville<\/strong>.<\/p>\n\n\n\n<p class=\"wp-block-paragraph\">\ud83d\udfe5&nbsp;<strong><em>\u00a1Todas las novedades te esperan en el canal de&nbsp;<\/em><\/strong><a href=\"https:\/\/www.youtube.com\/@GrandePremioES\" target=\"_blank\" rel=\"noreferrer noopener\"><em><strong>YouTube<\/strong><\/em><\/a><strong><em>&nbsp;de Grande Pr\u00eamio en Espa\u00f1ol!<\/em><\/strong>&nbsp;\ud83d\udfe8<\/p>\n\n\n\n<p class=\"wp-block-paragraph\">\u00abEstoy muy contento de reunirme con <strong>Ricardo Juncos<\/strong> despu\u00e9s de nuestro \u00e9xito juntos en el <strong>Road To Indy<\/strong>. Ricardo apost\u00f3 por m\u00ed cuando era joven y eso marc\u00f3 una gran diferencia en mi carrera. Hay mucha gente en este equipo con la que he trabajado antes y eso me da mucha confianza. Me considero muy afortunado de poder competir durante el resto de la temporada y ganar los puntos necesarios para el Chevrolet #78. Agradezco el apoyo detr\u00e1s de m\u00ed para volver a competir.\u00bb, declar\u00f3 <strong>Daly <\/strong>en el anuncio oficial divulgado por el equipo.<\/p>\n\n\n\n<p class=\"wp-block-paragraph\">\u00abTener a <strong>Conor Daly<\/strong> de vuelta en JHR despu\u00e9s de muchos a\u00f1os es retrotraer algunos grandes recuerdos, ya que logramos mucho juntos. Ahora es el momento de centrarnos en lo que tenemos por delante y aspirar a grandes resultados en el resto de la temporada de IndyCar\u00bb, destac\u00f3 Ricardo Juncos, propietario de la escuder\u00eda.<\/p>\n\n\n\n<p class=\"wp-block-paragraph\">\u23e9\u00a0<em><strong>\u00a1Seguinos en redes por\u00a0<\/strong><\/em><a href=\"https:\/\/twitter.com\/grandepremioES\" target=\"_blank\" rel=\"noreferrer noopener\"><em><strong>Twitter<\/strong>\u00a0<\/em><\/a><em><strong>e\u00a0<\/strong><\/em><a href=\"https:\/\/www.instagram.com\/grandepremioes\/\" target=\"_blank\" rel=\"noreferrer noopener\"><em><strong>Instagram!<\/strong><\/em><\/a><br><strong>\u23e9<\/strong>\u00a0<em><strong>Adem\u00e1s, tenemos nuestro\u00a0<\/strong><\/em><a href=\"https:\/\/whatsapp.com\/channel\/0029VaDZ5zb0gcfDxuwxBM05\" target=\"_blank\" rel=\"noreferrer noopener\"><em><strong>canal de WhatsApp<\/strong><\/em><\/a><em><strong>\u00a0con toda la informaci\u00f3n al instante<\/strong><\/em>\u00a0\ud83c\udfc1<\/p>\n\n\n\n<figure class=\"wp-block-image size-large\"><img decoding=\"async\" src=\"https:\/\/grandepremio.com\/es\/wp-content\/uploads\/2024\/06\/04CJ-INDYCAR-LAGUNA-SECA-004984-1024x682.jpg\" alt=\"\" class=\"wp-image-244918\"\/><figcaption class=\"wp-element-caption\">Conor Daly utilizar\u00e1 el coche en el cual, hasta la fecha de Toronto, compiti\u00f3 Agust\u00edn Canapino (Foto: IndyCar)<\/figcaption><\/figure>\n\n\n\n<p class=\"wp-block-paragraph\">\u00abLos a\u00f1os de experiencia de Conor en <strong>IndyCar <\/strong>ayudar\u00e1n al equipo a crecer y desarrollar a\u00fan m\u00e1s el coche\u00bb, mencion\u00f3 <strong>Brad Hollinger<\/strong>, copropietario del equipo.<\/p>\n\n\n\n<p class=\"wp-block-paragraph\">Daly debut\u00f3 en <strong>IndyCar <\/strong>en 2013, luego de competir en <strong>GP2 <\/strong>y la <strong>F\u00f3rmula Star Mazda<\/strong> de Estados Unidos. Corri\u00f3 a tiempo completo en equipos como <strong>Dale Coyne, AJ Foyt<\/strong> y <strong>Ed Carpenter Racing<\/strong>, disputando un total de 110 carreras en la categor\u00eda, logrando un podio y una pole position. En 2024 disput\u00f3 las <strong>500 Millas de Indian\u00e1polis<\/strong> con <strong>Dreyer &amp; Reinbold<\/strong>, y la doble fecha de <strong>Iowa <\/strong>con <strong>Dale Coyne.<\/strong><\/p>\n\n\n\n<p class=\"wp-block-paragraph\"><strong>La Indy regresa este fin de semana con la ronda en el \u00f3valo de Gateway, que se disputar\u00e1 el s\u00e1bado 17 por la noche en Madison, Illinois.<\/strong><\/p>\n\n\n\n<figure class=\"wp-block-embed is-type-video is-provider-youtube wp-block-embed-youtube wp-embed-aspect-16-9 wp-has-aspect-ratio\"><div class=\"wp-block-embed__wrapper\">\n<iframe loading=\"lazy\" title=\"MCLAREN AVANZA Y BUSCA DESTRONAR A RED BULL EN F1 2024\" width=\"500\" height=\"281\" src=\"https:\/\/www.youtube.com\/embed\/1FFavObh6D0?feature=oembed\" frameborder=\"0\" allow=\"accelerometer; autoplay; clipboard-write; encrypted-media; gyroscope; picture-in-picture; web-share\" referrerpolicy=\"strict-origin-when-cross-origin\" allowfullscreen><\/iframe>\n<\/div><\/figure>\n","protected":false},"excerpt":{"rendered":"<p>Juncos Hollinger eligi\u00f3 al reemplazo de Agust\u00edn Canapino en el coche #78 de IndyCar, y Conor Daly disputar\u00e1 las fechas restantes de la temporada 2024 a partir de Gateway<\/p>\n","protected":false},"author":0,"featured_media":1010233010,"comment_status":"closed","ping_status":"closed","sticky":false,"template":"","format":"standard","meta":{"42wp_featured_image_caption":"","42wp_featured_image_credits":"","42wp_featured_video":"","42wp_featured_image_hidden":false,"42wp_authors_list":[],"footnotes":""},"categories":[7],"tags":[3502,3122,2742,1488,925,310,2294,3508,1360,9466],"42wp_author":[14239],"class_list":["post-12351","post","type-post","status-publish","format-standard","has-post-thumbnail","hentry","category-indy","tag-agustin-canapino","tag-brad-hollinger","tag-conor-daly","tag-grande-premio","tag-indy","tag-indycar","tag-indycar-2024","tag-juncos-hollinger-racing","tag-ricardo-juncos","tag-temporada-2024-indycar","42wp_author-jp-otrosky"],"_links":{"self":[{"href":"https:\/\/grandepremio.com\/es\/wp-json\/wp\/v2\/posts\/12351","targetHints":{"allow":["GET"]}}],"collection":[{"href":"https:\/\/grandepremio.com\/es\/wp-json\/wp\/v2\/posts"}],"about":[{"href":"https:\/\/grandepremio.com\/es\/wp-json\/wp\/v2\/types\/post"}],"replies":[{"embeddable":true,"href":"https:\/\/grandepremio.com\/es\/wp-json\/wp\/v2\/comments?post=12351"}],"version-history":[{"count":0,"href":"https:\/\/grandepremio.com\/es\/wp-json\/wp\/v2\/posts\/12351\/revisions"}],"wp:featuredmedia":[{"embeddable":true,"href":"https:\/\/grandepremio.com\/es\/wp-json\/wp\/v2\/media\/1010233010"}],"wp:attachment":[{"href":"https:\/\/grandepremio.com\/es\/wp-json\/wp\/v2\/media?parent=12351"}],"wp:term":[{"taxonomy":"category","embeddable":true,"href":"https:\/\/grandepremio.com\/es\/wp-json\/wp\/v2\/categories?post=12351"},{"taxonomy":"post_tag","embeddable":true,"href":"https:\/\/grandepremio.com\/es\/wp-json\/wp\/v2\/tags?post=12351"},{"taxonomy":"42wp_author","embeddable":true,"href":"https:\/\/grandepremio.com\/es\/wp-json\/wp\/v2\/42wp_author?post=12351"}],"curies":[{"name":"wp","href":"https:\/\/api.w.org\/{rel}","templated":true}]}}