{"id":12366,"date":"2024-08-13T12:35:49","date_gmt":"2024-08-13T15:35:49","guid":{"rendered":"https:\/\/grandepremio.com\/es\/2024\/08\/13\/mclaren-descarta-priorizar-piloto-en-f1\/"},"modified":"2024-08-13T12:35:56","modified_gmt":"2024-08-13T15:35:56","slug":"mclaren-descarta-priorizar-piloto-en-f1","status":"publish","type":"post","link":"https:\/\/grandepremio.com\/es\/f1\/mclaren-descarta-priorizar-piloto-en-f1\/","title":{"rendered":"McLaren descarta priorizar a alg\u00fan piloto en F1: &#8220;No tenemos un n\u00famero dos&#8221;"},"content":{"rendered":"\n<p class=\"wp-block-paragraph\">M\u00e1s all\u00e1 de los notables fallos del equipo <strong>McLaren<\/strong> en la gesti\u00f3n de carreras como en el <strong>GP de Gran Breta\u00f1a<\/strong> y el <strong>GP de Hungr\u00eda<\/strong>, en una, donde perdieron la victoria con <strong>Lando Norris<\/strong>, y, en la otra, dieron una pol\u00e9mica orden de equipo para que <strong>Oscar Piastri<\/strong> ganara la carrera, a pesar de que ellos mismos hab\u00edan provocado un<em> \u201cundercut\u201d <\/em>al australiano con su compa\u00f1ero, la escuder\u00eda no tiene favoritismos.<\/p>\n\n\n\n<p class=\"wp-block-paragraph\">\ud83d\udfe5&nbsp;<strong><em>\u00a1Todas las novedades te esperan en el canal de&nbsp;<\/em><\/strong><a href=\"https:\/\/www.youtube.com\/@GrandePremioES\" target=\"_blank\" rel=\"noreferrer noopener\"><em>YouTube<\/em><\/a><strong><em>&nbsp;de Grande Pr\u00eamio en Espa\u00f1ol!<\/em><\/strong>&nbsp;\ud83d\udfe8<\/p>\n\n\n\n<p class=\"wp-block-paragraph\"><strong>Zak Brown<\/strong>, el locuaz CEO del equipo de <strong>Woking<\/strong>, dijo a <em>Autosport<\/em> que intenta conciliar el car\u00e1cter de los dos pilotos:<strong> &#8220;Las relaciones, la comunicaci\u00f3n y las dos personas que tenemos. No te equivoques: los dos quieren ser el n\u00famero uno y los dos son el n\u00famero uno. Simplemente no tenemos un n\u00famero dos. Pero corren para el equipo. Son tipos que pueden luchar entre s\u00ed y respetan el hecho de que tenemos dos coches principales. Siempre lo hemos hecho y siempre lo haremos&#8221;.<\/strong><\/p>\n\n\n\n<p class=\"wp-block-paragraph\">Brown insisti\u00f3 en que tratan a Norris y a Piastri por igual, pero considerar\u00e1 un cambio en el que caso de que alguno de los dos est\u00e9 m\u00e1s cerca de la pelea por el t\u00edtulo de pilotos: <strong>&#8220;Obviamente, si llegamos m\u00e1s tarde en el campeonato y un piloto tiene m\u00e1s posibilidades que otro, podemos empezar a hacer las cosas estrat\u00e9gicamente de manera diferente. Pero tratamos a los dos por igual. Ellos lo saben, les gusta y respetan nuestras decisiones cuando tenemos que hacer concesiones&#8221;.<\/strong><\/p>\n\n\n\n<figure class=\"wp-block-image size-full\"><img decoding=\"async\" src=\"https:\/\/grandepremio.com\/es\/wp-content\/uploads\/2024\/08\/image-30.png\" alt=\"\" class=\"wp-image-250402\"\/><figcaption class=\"wp-element-caption\">Norris logr\u00f3 su primera victoria en F1 este a\u00f1o en Miami (Foto: AFP)<\/figcaption><\/figure>\n\n\n\n<p class=\"wp-block-paragraph\"><strong>&#8220;Tienen mucho respeto por eso. As\u00ed que creo que tenemos suerte de contar con las dos personas que tenemos&#8221;<\/strong>, celebr\u00f3 el empresario, que, tambi\u00e9n tiene operaciones en IndyCar, F\u00f3rmula E y Extreme E.<\/p>\n\n\n\n<p class=\"wp-block-paragraph\">Por \u00faltimo, el directivo coment\u00f3 que la cultura en el equipo no se puede forzar, sino que debe ser creada y entendida para cultivar el mejor ambiente posible: <strong>&#8220;Creo que las culturas se crean solas. T\u00fa marcas la direcci\u00f3n y el tono, pero no puedes forzarlo. Andrea [Stella] y yo, todos somos corredores aqu\u00ed. Somos justos, agresivos en la b\u00fasqueda del rendimiento. Pero de manera justa, sin ganar a cualquier precio. Creo que por eso el equipo va bien. El garaje es un gran ambiente&#8221;.<\/strong><\/p>\n\n\n\n<p class=\"wp-block-paragraph\">Norris es actualmente segundo en la F1 con 199 puntos, mientras que <strong>Max Verstappen<\/strong> lidera con 277. Piastri es cuarto con 167, diez menos que <strong>Charles Leclerc<\/strong>. En el Mundial de Constructores, <strong>Red Bull <\/strong>es l\u00edder con 408 puntos, solo 42 por delante de McLaren.<\/p>\n\n\n\n<p class=\"wp-block-paragraph\">\u23e9&nbsp;<em><strong>\u00a1Seguinos en redes por&nbsp;<\/strong><\/em><a href=\"https:\/\/twitter.com\/grandepremioES\" target=\"_blank\" rel=\"noreferrer noopener\"><em>Twitter&nbsp;<\/em><\/a><em><strong>e&nbsp;<\/strong><\/em><a href=\"https:\/\/www.instagram.com\/grandepremioes\/\" target=\"_blank\" rel=\"noreferrer noopener\"><em>Instagram!<\/em><\/a><br><strong>\u23e9<\/strong>&nbsp;<em><strong>Adem\u00e1s, tenemos nuestro&nbsp;<\/strong><\/em><a href=\"https:\/\/whatsapp.com\/channel\/0029VaDZ5zb0gcfDxuwxBM05\" target=\"_blank\" rel=\"noreferrer noopener\"><em>canal de Whatsapp<\/em><\/a><em><strong>&nbsp;con toda la informaci\u00f3n al instante<\/strong><\/em>&nbsp;\ud83c\udfc1<\/p>\n\n\n\n<p class=\"wp-block-paragraph\">Tras el par\u00f3n veraniego, la F\u00f3rmula 1 regresa entre el 23 y el 25 de agosto para el Gran Premio de Holanda, en Zandvoort.<\/p>\n\n\n\n<figure class=\"wp-block-embed is-type-video is-provider-youtube wp-block-embed-youtube wp-embed-aspect-16-9 wp-has-aspect-ratio\"><div class=\"wp-block-embed__wrapper\">\n<iframe loading=\"lazy\" title=\"MCLAREN AVANZA Y BUSCA DESTRONAR A RED BULL EN F1 2024\" width=\"500\" height=\"281\" src=\"https:\/\/www.youtube.com\/embed\/1FFavObh6D0?start=2&amp;feature=oembed\" frameborder=\"0\" allow=\"accelerometer; autoplay; clipboard-write; encrypted-media; gyroscope; picture-in-picture; web-share\" referrerpolicy=\"strict-origin-when-cross-origin\" allowfullscreen><\/iframe>\n<\/div><\/figure>\n","protected":false},"excerpt":{"rendered":"<p>El director ejecutivo de McLaren, Zak Brown, explic\u00f3 que la cultura interna del equipo es tratar a Lando Norris y Oscar Piastri en igualdad de condiciones. Sin embargo, cuando el campeonato se complique, la escuder\u00eda brit\u00e1nica no descarta cambiar su enfoque y dar prioridad a los dos.<\/p>\n","protected":false},"author":0,"featured_media":1010250397,"comment_status":"closed","ping_status":"closed","sticky":false,"template":"","format":"standard","meta":{"42wp_featured_image_caption":"","42wp_featured_image_credits":"","42wp_featured_video":"","42wp_featured_image_hidden":false,"42wp_authors_list":[],"footnotes":""},"categories":[5],"tags":[247,181,179,507,421,268,249,269,278,2646,328],"42wp_author":[14237],"class_list":["post-12366","post","type-post","status-publish","format-standard","has-post-thumbnail","hentry","category-f1","tag-charles-leclerc","tag-f1","tag-formula-1","tag-gp-de-gran-bretana","tag-gp-de-hungria","tag-lando-norris","tag-max-verstappen","tag-mclaren","tag-oscar-piastri","tag-woking","tag-zak-brown","42wp_author-gabriel-garcia"],"_links":{"self":[{"href":"https:\/\/grandepremio.com\/es\/wp-json\/wp\/v2\/posts\/12366","targetHints":{"allow":["GET"]}}],"collection":[{"href":"https:\/\/grandepremio.com\/es\/wp-json\/wp\/v2\/posts"}],"about":[{"href":"https:\/\/grandepremio.com\/es\/wp-json\/wp\/v2\/types\/post"}],"replies":[{"embeddable":true,"href":"https:\/\/grandepremio.com\/es\/wp-json\/wp\/v2\/comments?post=12366"}],"version-history":[{"count":0,"href":"https:\/\/grandepremio.com\/es\/wp-json\/wp\/v2\/posts\/12366\/revisions"}],"wp:featuredmedia":[{"embeddable":true,"href":"https:\/\/grandepremio.com\/es\/wp-json\/wp\/v2\/media\/1010250397"}],"wp:attachment":[{"href":"https:\/\/grandepremio.com\/es\/wp-json\/wp\/v2\/media?parent=12366"}],"wp:term":[{"taxonomy":"category","embeddable":true,"href":"https:\/\/grandepremio.com\/es\/wp-json\/wp\/v2\/categories?post=12366"},{"taxonomy":"post_tag","embeddable":true,"href":"https:\/\/grandepremio.com\/es\/wp-json\/wp\/v2\/tags?post=12366"},{"taxonomy":"42wp_author","embeddable":true,"href":"https:\/\/grandepremio.com\/es\/wp-json\/wp\/v2\/42wp_author?post=12366"}],"curies":[{"name":"wp","href":"https:\/\/api.w.org\/{rel}","templated":true}]}}