{"id":12368,"date":"2024-08-13T11:29:03","date_gmt":"2024-08-13T14:29:03","guid":{"rendered":"https:\/\/grandepremio.com\/es\/2024\/08\/13\/andretti-anuncia-muller-nuevo-companero-dennis\/"},"modified":"2024-08-13T11:29:10","modified_gmt":"2024-08-13T14:29:10","slug":"andretti-anuncia-muller-nuevo-companero-dennis","status":"publish","type":"post","link":"https:\/\/grandepremio.com\/es\/formula-e\/andretti-anuncia-muller-nuevo-companero-dennis\/","title":{"rendered":"Andretti anuncia a M\u00fcller como nuevo compa\u00f1ero de Dennis en la F\u00f3rmula E"},"content":{"rendered":"\n<p class=\"wp-block-paragraph\">Finalmente, se han confirmado los rumores y <strong>Jake Dennis <\/strong>contar\u00e1 con su quinto compa\u00f1ero diferente en cinco a\u00f1os de la <strong>F\u00f3rmula E<\/strong>, ya que llegar\u00e1 <strong>Nico M\u00fcller<\/strong> desde <strong>Abt Cupra<\/strong> para reemplazar a <strong>Norman Nato<\/strong>, a trav\u00e9s de un acuerdo con <strong>Porsche<\/strong>, que espera hacerse los servicios del suizo en la categor\u00eda para el futuro.<\/p>\n\n\n\n<p class=\"wp-block-paragraph\">Hay que recordar que M\u00fcller lleg\u00f3 varias veces a la zona de duelos en muchas clasificaciones de la temporada anterior, y bati\u00f3 con solvencia a su compa\u00f1ero, <strong>Lucas Di Grassi<\/strong>. De hecho, acab\u00f3 la temporada diez con 54 puntos en el 12\u00b0 puesto, por delante de pilotos oficiales, como <strong>Sacha Fenestraz<\/strong> de <strong>Nissan<\/strong>, por ejemplo. El suizo termin\u00f3 el campeonato en gran forma, con cuatro finales entre los seis primeros consecutivos en las dos \u00faltimas citas dobles en Portland y Londres.<\/p>\n\n\n\n<p class=\"wp-block-paragraph\">\ud83d\udfe5&nbsp;<strong><em>\u00a1Todas las novedades te esperan en el canal de&nbsp;<\/em><\/strong><a href=\"https:\/\/www.youtube.com\/@GrandePremioES\" target=\"_blank\" rel=\"noreferrer noopener\"><em>YouTube<\/em><\/a><strong><em>&nbsp;de Grande Pr\u00eamio en Espa\u00f1ol!<\/em><\/strong>&nbsp;\ud83d\udfe8<\/p>\n\n\n\n<p class=\"wp-block-paragraph\">Con su salida ya confirmada de <strong>Peugeot<\/strong> para el a\u00f1o que viene, el suizo dejar\u00e1 de correr en el Mundial de Resistencia, pero, tambi\u00e9n, tiene experiencia en <strong>DTM<\/strong>, donde fue subcampe\u00f3n, el World RX, la GT World Challenge Europe y venci\u00f3 en las <strong>24 horas de N\u00fcrburgring<\/strong>, adem\u00e1s de una participaci\u00f3n en el StockCar en 2018.<\/p>\n\n\n\n<p class=\"wp-block-paragraph\"><strong>&#8220;Estoy muy emocionado de unirme a Andretti&#8221;<\/strong>, dijo M\u00fcller. <strong>&#8220;Ha sido un equipo exitoso desde el comienzo del campeonato, particularmente en la era Gen3 como socio de Porsche. Trabajar con Jake [Dennis], un campe\u00f3n del mundo, es un honor, y estoy deseando que llegue esta oportunidad&#8221;,<\/strong> a\u00f1adi\u00f3.<\/p>\n\n\n\n<figure class=\"wp-block-image size-full\"><img decoding=\"async\" src=\"https:\/\/grandepremio.com\/es\/wp-content\/uploads\/2024\/08\/NICO.jpg\" alt=\"\" class=\"wp-image-250385\"\/><figcaption class=\"wp-element-caption\">Tras una gran temporada, M\u00fcller consigui\u00f3 un coche mejor en la parrilla (Foto: Andretti)<\/figcaption><\/figure>\n\n\n\n<p class=\"wp-block-paragraph\"><strong>&#8220;Voy a hacer todo lo posible para contribuir al \u00e9xito del equipo. Espero aspirar a algunos podios y quiz\u00e1 a mi primera victoria en la F\u00f3rmula E, ese es el objetivo. Estoy impaciente por empezar&#8221;<\/strong>, concluy\u00f3.<\/p>\n\n\n\n<p class=\"wp-block-paragraph\">Por su parte, <strong>Roger Griffiths<\/strong>, director del equipo Andretti, coment\u00f3: <strong>&#8220;Estamos encantados de dar la bienvenida a Nico al equipo Andretti de F\u00f3rmula E para la 11\u00aa temporada. Su familiaridad con las carreras el\u00e9ctricas est\u00e1 probada, y ha demostrado que puede ofrecer buenos resultados en una amplia variedad de circuitos de F\u00f3rmula E. Nico es un ganador de carreras en muchas disciplinas del automovilismo, y esperamos que se alinee junto a Jake Dennis en la carrera inaugural en Brasil&#8221;.<\/strong><\/p>\n\n\n\n<p class=\"wp-block-paragraph\">Si bien se esperaba mucho de Norman Nato, que fue desplazado por Venturi primero, y por Nissan despu\u00e9s, pero solo sum\u00f3 47 puntos en la temporada que termin\u00f3 con el doble <strong>eP de Londres<\/strong>. El franc\u00e9s ha quedado como agente libre y aspira a continuar en F\u00f3rmula E, aunque puede que siga su carrera en el WEC, donde corre a tiempo completo con el Porsche cliente del JOTA.<\/p>\n\n\n\n<p class=\"wp-block-paragraph\">\u23e9&nbsp;<em><strong>\u00a1Seguinos en redes por&nbsp;<\/strong><\/em><a href=\"https:\/\/twitter.com\/grandepremioES\" target=\"_blank\" rel=\"noreferrer noopener\"><em>Twitter&nbsp;<\/em><\/a><em><strong>e&nbsp;<\/strong><\/em><a href=\"https:\/\/www.instagram.com\/grandepremioes\/\" target=\"_blank\" rel=\"noreferrer noopener\"><em>Instagram!<\/em><\/a><br><strong>\u23e9<\/strong>&nbsp;<em><strong>Adem\u00e1s, tenemos nuestro&nbsp;<\/strong><\/em><a href=\"https:\/\/whatsapp.com\/channel\/0029VaDZ5zb0gcfDxuwxBM05\" target=\"_blank\" rel=\"noreferrer noopener\"><em>canal de Whatsapp<\/em><\/a><em><strong>&nbsp;con toda la informaci\u00f3n al instante<\/strong><\/em>&nbsp;\ud83c\udfc1<\/p>\n\n\n\n<p class=\"wp-block-paragraph\">La F\u00f3rmula E volver\u00e1 a la actividad en pista entre el 4 y el 7 de noviembre, con los test colectivos de pretemporada en el circuito espa\u00f1ol de Valencia. La temporada 2024\/25 arrancar\u00e1 con el eP de S\u00e3o Paulo, el 7 de diciembre.<\/p>\n\n\n\n<figure class=\"wp-block-embed is-type-video is-provider-youtube wp-block-embed-youtube wp-embed-aspect-16-9 wp-has-aspect-ratio\"><div class=\"wp-block-embed__wrapper\">\n<iframe loading=\"lazy\" title=\"MCLAREN AVANZA Y BUSCA DESTRONAR A RED BULL EN F1 2024\" width=\"500\" height=\"281\" src=\"https:\/\/www.youtube.com\/embed\/1FFavObh6D0?start=2&amp;feature=oembed\" frameborder=\"0\" allow=\"accelerometer; autoplay; clipboard-write; encrypted-media; gyroscope; picture-in-picture; web-share\" referrerpolicy=\"strict-origin-when-cross-origin\" allowfullscreen><\/iframe>\n<\/div><\/figure>\n","protected":false},"excerpt":{"rendered":"<p>Luego de una d\u00e9cima temporada en la que estuvo por encima de las expectativas con Abt Cupra, Nico M\u00fcller ha sido confirmado esta ma\u00f1ana como nuevo piloto de Andretti para el pr\u00f3ximo ejercicio, en el marco de la alianza con Porsche, que provee las unidades de potencia a la escuder\u00eda norteamericana.<\/p>\n","protected":false},"author":0,"featured_media":1010250379,"comment_status":"closed","ping_status":"closed","sticky":false,"template":"","format":"standard","meta":{"42wp_featured_image_caption":"","42wp_featured_image_credits":"","42wp_featured_video":"","42wp_featured_image_hidden":false,"42wp_authors_list":[],"footnotes":""},"categories":[18],"tags":[7270,5324,773,462,3057,1086,2630,756,3008,1479,308,8985,3007],"42wp_author":[14237],"class_list":["post-12368","post","type-post","status-publish","format-standard","has-post-thumbnail","hentry","category-formula-e","tag-24-horas-de-nurburgring","tag-abt-cupra","tag-dtm","tag-formula-e","tag-jake-dennis","tag-lucas-di-grassi","tag-nico-muller","tag-nissan","tag-norman-nato","tag-peugeot","tag-porsche","tag-roger-griffiths","tag-sacha-fenestraz","42wp_author-gabriel-garcia"],"_links":{"self":[{"href":"https:\/\/grandepremio.com\/es\/wp-json\/wp\/v2\/posts\/12368","targetHints":{"allow":["GET"]}}],"collection":[{"href":"https:\/\/grandepremio.com\/es\/wp-json\/wp\/v2\/posts"}],"about":[{"href":"https:\/\/grandepremio.com\/es\/wp-json\/wp\/v2\/types\/post"}],"replies":[{"embeddable":true,"href":"https:\/\/grandepremio.com\/es\/wp-json\/wp\/v2\/comments?post=12368"}],"version-history":[{"count":0,"href":"https:\/\/grandepremio.com\/es\/wp-json\/wp\/v2\/posts\/12368\/revisions"}],"wp:featuredmedia":[{"embeddable":true,"href":"https:\/\/grandepremio.com\/es\/wp-json\/wp\/v2\/media\/1010250379"}],"wp:attachment":[{"href":"https:\/\/grandepremio.com\/es\/wp-json\/wp\/v2\/media?parent=12368"}],"wp:term":[{"taxonomy":"category","embeddable":true,"href":"https:\/\/grandepremio.com\/es\/wp-json\/wp\/v2\/categories?post=12368"},{"taxonomy":"post_tag","embeddable":true,"href":"https:\/\/grandepremio.com\/es\/wp-json\/wp\/v2\/tags?post=12368"},{"taxonomy":"42wp_author","embeddable":true,"href":"https:\/\/grandepremio.com\/es\/wp-json\/wp\/v2\/42wp_author?post=12368"}],"curies":[{"name":"wp","href":"https:\/\/api.w.org\/{rel}","templated":true}]}}