{"id":12389,"date":"2024-08-12T08:21:20","date_gmt":"2024-08-12T11:21:20","guid":{"rendered":"https:\/\/grandepremio.com\/es\/2024\/08\/12\/mercedes-dice-hamilton-sufrio-mas-que-russell-f1-2024\/"},"modified":"2024-08-12T08:25:49","modified_gmt":"2024-08-12T11:25:49","slug":"mercedes-dice-hamilton-sufrio-mas-que-russell-f1-2024","status":"publish","type":"post","link":"https:\/\/grandepremio.com\/es\/f1\/mercedes-dice-hamilton-sufrio-mas-que-russell-f1-2024\/","title":{"rendered":"Mercedes dice que Hamilton sufri\u00f3 m\u00e1s que Russell con un &#8220;coche muy dif\u00edcil de manejar&#8221;"},"content":{"rendered":"\n<p class=\"wp-block-paragraph\"><strong>Mercedes <\/strong>entr\u00f3 en el receso de verano de la <strong>F\u00f3rmula 1<\/strong> con una racha impresionante, que incluye tres victorias en los \u00faltimos cuatro Grandes Premios y seis podios consecutivos. Sin embargo, el panorama a principios de a\u00f1o era totalmente diferente, con <strong>Lewis Hamilton<\/strong>, que ya ha ganado dos veces en 2024, teniendo numerosas dificultades para lidiar con un coche desequilibrado, seg\u00fan el propio equipo.<\/p>\n\n\n\n<p class=\"wp-block-paragraph\">El director de ingenier\u00eda de pista de la escuder\u00eda alemana, <strong>Andrew Shovlin<\/strong>, se\u00f1al\u00f3 que al principio de la temporada, cuando el equipo no ten\u00eda un coche tan competitivo, Hamilton tuvo m\u00e1s dificultades que <strong>George Russell<\/strong>.<\/p>\n\n\n\n<p class=\"wp-block-paragraph\">Tras el <strong>Gran Premio de M\u00f3naco<\/strong>, el \u00faltimo antes del primer podio de Mercedes, el siete veces campe\u00f3n del mundo era octavo en el <strong>Campeonato del Mundo de Pilotos<\/strong> con 42 puntos, por detr\u00e1s de Russell. Hoy, Hamilton es quinto con 150 puntos, 34 m\u00e1s que su compa\u00f1ero, que es s\u00e9ptimo.<\/p>\n\n\n\n<p class=\"wp-block-paragraph\"><strong><em>\u00a1Todas las novedades te esperan en el canal de\u00a0<a href=\"https:\/\/www.youtube.com\/@GrandePremioES\" target=\"_blank\" rel=\"noreferrer noopener\">YouTube<\/a>\u00a0de Grande Pr\u00eamio en Espa\u00f1ol!<\/em><\/strong><\/p>\n\n\n\n<figure class=\"wp-block-image size-large\"><img decoding=\"async\" src=\"https:\/\/grandepremio.com\/es\/wp-content\/uploads\/2024\/06\/andrew-shovlin-mercedes-2024-f1-testing-1024x682-1-1-1024x682.jpg\" alt=\"\" class=\"wp-image-244440\"\/><figcaption class=\"wp-element-caption\">Andrew Shovlin confes\u00f3 que a Hamilton sufri\u00f3 m\u00e1s con el inicio complicado del W15.  (Foto: Mercedes)<\/figcaption><\/figure>\n\n\n\n<p class=\"wp-block-paragraph\">\u23e9<strong><em>\u00a1Seguinos en redes por\u00a0<a href=\"https:\/\/twitter.com\/grandepremioES\" target=\"_blank\" rel=\"noreferrer noopener\">Twitter\u00a0<\/a>e\u00a0<a href=\"https:\/\/www.instagram.com\/grandepremioes\/\" target=\"_blank\" rel=\"noreferrer noopener\">Instagram!<\/a><\/em><\/strong><br>\u23e9<strong><em>Adem\u00e1s, tenemos nuestro\u00a0<a href=\"https:\/\/whatsapp.com\/channel\/0029VaDZ5zb0gcfDxuwxBM05\" target=\"_blank\" rel=\"noreferrer noopener\">canal de Whatsapp<\/a>\u00a0con toda la informaci\u00f3n al instante<\/em><\/strong><\/p>\n\n\n\n<p class=\"wp-block-paragraph\">&#8220;Creo que al principio Lewis encontraba el coche mucho m\u00e1s dif\u00edcil de manejar. Una de las \u00e1reas en las que mejoramos fue en la puesta a punto en la Pr\u00e1ctica 1, que nos dio una buena base para empezar a mejorar el rendimiento y afinarlo, lo que nos ayud\u00f3 mucho durante el fin de semana&#8221;, coment\u00f3.<\/p>\n\n\n\n<p class=\"wp-block-paragraph\">&#8220;Al principio del a\u00f1o hicimos cambios relativamente peque\u00f1os. De repente, todo el equilibrio del auto se alter\u00f3 y est\u00e1bamos sufriendo mucho, as\u00ed que eso nos ayud\u00f3&#8221;. Probablemente sea correcto decir que, en las primeras carreras, a Lewis le resultaba m\u00e1s dif\u00edcil poner a punto el coche que a George&#8221;, concluy\u00f3.<\/p>\n\n\n\n<p class=\"wp-block-paragraph\">En el<strong> Campeonato del Mundo de Constructores<\/strong>, Mercedes sigue en cuarta posici\u00f3n. Incluso con tres victorias este a\u00f1o y s\u00f3lo por detr\u00e1s del l\u00edder Red Bull en este aspecto, el equipo alem\u00e1n sigue por detr\u00e1s de <strong>Ferrari <\/strong>y <strong>McLaren <\/strong>y ocupa la cuarta plaza con 266 puntos.<\/p>\n\n\n\n<p class=\"wp-block-paragraph\">Tras el receso de verano, la <strong>F\u00f3rmula 1<\/strong> volver\u00e1 a tener competencia entre el 23 y el 25 de agosto para el <strong>Gran Premio de Pa\u00edses Bajos<\/strong> en <strong>Zandvoort<\/strong>.<\/p>\n\n\n\n<figure class=\"wp-block-embed is-type-video is-provider-youtube wp-block-embed-youtube wp-embed-aspect-16-9 wp-has-aspect-ratio\"><div class=\"wp-block-embed__wrapper\">\n<iframe loading=\"lazy\" title=\"MCLAREN AVANZA Y BUSCA DESTRONAR A RED BULL EN F1 2024\" width=\"500\" height=\"281\" src=\"https:\/\/www.youtube.com\/embed\/1FFavObh6D0?feature=oembed\" frameborder=\"0\" allow=\"accelerometer; autoplay; clipboard-write; encrypted-media; gyroscope; picture-in-picture; web-share\" referrerpolicy=\"strict-origin-when-cross-origin\" allowfullscreen><\/iframe>\n<\/div><\/figure>\n","protected":false},"excerpt":{"rendered":"<p>Antes de su racha triunfal previo al receso, el equipo alem\u00e1n tuvo un nuevo inicio complicado en la temporada 2024 y que se asemejaba al comienzo de los dos a\u00f1os anteriores, en el cual el siete veces campe\u00f3n del mundo le cost\u00f3 m\u00e1s que a su compa\u00f1ero adaptarse al auto, seg\u00fan Mercedes.<\/p>\n","protected":false},"author":0,"featured_media":1010248254,"comment_status":"closed","ping_status":"closed","sticky":false,"template":"","format":"standard","meta":{"42wp_featured_image_caption":"","42wp_featured_image_credits":"","42wp_featured_video":"","42wp_featured_image_hidden":false,"42wp_authors_list":[],"footnotes":""},"categories":[5],"tags":[1411,2249,179,253,199,197,1203,10648,9580],"42wp_author":[14240],"class_list":["post-12389","post","type-post","status-publish","format-standard","has-post-thumbnail","hentry","category-f1","tag-andrew-shovlin","tag-f1-2024","tag-formula-1","tag-george-russell","tag-lewis-hamilton","tag-mercedes","tag-mundial-de-constructores","tag-mundial-de-equipos","tag-w15","42wp_author-ignacio-bogado"],"_links":{"self":[{"href":"https:\/\/grandepremio.com\/es\/wp-json\/wp\/v2\/posts\/12389","targetHints":{"allow":["GET"]}}],"collection":[{"href":"https:\/\/grandepremio.com\/es\/wp-json\/wp\/v2\/posts"}],"about":[{"href":"https:\/\/grandepremio.com\/es\/wp-json\/wp\/v2\/types\/post"}],"replies":[{"embeddable":true,"href":"https:\/\/grandepremio.com\/es\/wp-json\/wp\/v2\/comments?post=12389"}],"version-history":[{"count":0,"href":"https:\/\/grandepremio.com\/es\/wp-json\/wp\/v2\/posts\/12389\/revisions"}],"wp:featuredmedia":[{"embeddable":true,"href":"https:\/\/grandepremio.com\/es\/wp-json\/wp\/v2\/media\/1010248254"}],"wp:attachment":[{"href":"https:\/\/grandepremio.com\/es\/wp-json\/wp\/v2\/media?parent=12389"}],"wp:term":[{"taxonomy":"category","embeddable":true,"href":"https:\/\/grandepremio.com\/es\/wp-json\/wp\/v2\/categories?post=12389"},{"taxonomy":"post_tag","embeddable":true,"href":"https:\/\/grandepremio.com\/es\/wp-json\/wp\/v2\/tags?post=12389"},{"taxonomy":"42wp_author","embeddable":true,"href":"https:\/\/grandepremio.com\/es\/wp-json\/wp\/v2\/42wp_author?post=12389"}],"curies":[{"name":"wp","href":"https:\/\/api.w.org\/{rel}","templated":true}]}}