{"id":12403,"date":"2024-08-10T18:24:16","date_gmt":"2024-08-10T21:24:16","guid":{"rendered":"https:\/\/grandepremio.com\/es\/2024\/08\/10\/mercedes-kimi-antonelli-gp-italia-formula-1\/"},"modified":"2024-08-10T18:24:22","modified_gmt":"2024-08-10T21:24:22","slug":"mercedes-kimi-antonelli-gp-italia-formula-1","status":"publish","type":"post","link":"https:\/\/grandepremio.com\/es\/f1\/mercedes-kimi-antonelli-gp-italia-formula-1\/","title":{"rendered":"Mercedes planifica anunciar a Antonelli en el fin de semana del GP de Italia de F\u00f3rmula 1"},"content":{"rendered":"\n<p class=\"wp-block-paragraph\">Al ser <strong>Max Verstappen <\/strong>un sue\u00f1o casi imposible,<strong> Mercedes<\/strong> ir\u00e1 por <strong>Andrea Kimi Antonelli <\/strong>para la <strong>temporada 2025 de F\u00f3rmula 1 <\/strong>como sustituto de<strong> Lewis Hamilton,<\/strong> <a href=\"https:\/\/grandepremio.com\/es\/f1\/ferrari-termina-con-rumores-y-confirma-a-hamilton-como-piloto-desde-2025\/\">que se marchar\u00e1 a <strong>Ferrari <\/strong>a finales de este a\u00f1o.<\/a> La escuder\u00eda esperar\u00e1 al <strong>Gran Premio de Italia, que se llevar\u00e1 a cabo en Monza entre el 30 de agosto y el 1 de septiembre, <\/strong>para confirmar el fichaje.<\/p>\n\n\n\n<p class=\"wp-block-paragraph\">La informaci\u00f3n procede de la revista italiana Autosprint, que ha publicado esta semana un extenso an\u00e1lisis en el que defiende el paso del actual piloto de <strong>Prema <\/strong>de la <strong>F\u00f3rmula 2<\/strong> a la m\u00e1xima categor\u00eda del automovilismo mundial. Desde el anuncio de la marcha de Hamilton, el joven piloto se convirti\u00f3 en el gran candidato a ocupar la vacante.<\/p>\n\n\n\n<figure class=\"wp-block-embed is-type-video is-provider-youtube wp-block-embed-youtube wp-embed-aspect-16-9 wp-has-aspect-ratio\"><div class=\"wp-block-embed__wrapper\">\n<iframe loading=\"lazy\" title=\"RETROSPECTIVA GP - MERCEDES DEJA ATR\u00c1S LOS PROBLEMAS Y VUELVE A GANAR EN F1\" width=\"500\" height=\"281\" src=\"https:\/\/www.youtube.com\/embed\/vdoxm3PDm7g?feature=oembed\" frameborder=\"0\" allow=\"accelerometer; autoplay; clipboard-write; encrypted-media; gyroscope; picture-in-picture; web-share\" referrerpolicy=\"strict-origin-when-cross-origin\" allowfullscreen><\/iframe>\n<\/div><\/figure>\n\n\n\n<p class=\"wp-block-paragraph\">La prensa europea incluso rumore\u00f3 que Antonelli debutar\u00eda en la F1 este mismo a\u00f1o. El recorrido para el italiano ser\u00eda el mismo que el de<strong> George Russell<\/strong>, es decir, pasar primero por <strong>Williams <\/strong>antes de aterrizar en la escuder\u00eda de Brackley.<\/p>\n\n\n\n<p class=\"wp-block-paragraph\">Mercedes, por supuesto, neg\u00f3 la informaci\u00f3n, pero la <strong>Federaci\u00f3n Internacional del Autom\u00f3vil (FIA) <\/strong>confirm\u00f3 en su momento que hab\u00eda recibido una solicitud para la superlicencia de Kimi, que cumplir\u00e1 18 a\u00f1os el 25 de agosto.<\/p>\n\n\n\n<p class=\"wp-block-paragraph\">Los alemanes nunca han ocultado sus planes a corto plazo para su pupilo, hasta el punto de que decidieron pasarlo de la<strong> FRECA <\/strong>directamente a la F2. Su debut ha sido mucho m\u00e1s de aprendizaje, pero Antonelli ya llama la atenci\u00f3n por clasificarse sistem\u00e1ticamente por delante de su compa\u00f1ero<strong> Oliver Bearman,<\/strong> <a href=\"https:\/\/grandepremio.com\/es\/f1\/oliver-bearman-contratacion-haas-f1-temporada-2025\/\">futuro piloto de <strong>Haas <\/strong>en 2025.<\/a><\/p>\n\n\n\n<p class=\"wp-block-paragraph\"><strong><em>\u00a1Todas las novedades te esperan en el canal de\u00a0<a href=\"https:\/\/www.youtube.com\/@GrandePremioES\" target=\"_blank\" rel=\"noreferrer noopener\">YouTube<\/a>\u00a0de Grande Pr\u00eamio en Espa\u00f1ol!<\/em><\/strong><\/p>\n\n\n\n<figure class=\"wp-block-image size-large\"><img decoding=\"async\" src=\"https:\/\/grandepremio.com\/es\/wp-content\/uploads\/2024\/06\/SI202306300923_hires_jpeg_24bit_rgb-2-e1719344805992-1024x574.jpg\" alt=\"\" class=\"wp-image-244995\"\/><figcaption class=\"wp-element-caption\">Toto Wolff manifest\u00f3 su deseo de contar con Kimi Antonelli en Mercedes. (Foto: Lucas Pripfl \/ Red Bull Ring)<\/figcaption><\/figure>\n\n\n\n<p class=\"wp-block-paragraph\"><strong><em>\u00a1Seguinos en redes por\u00a0<a href=\"https:\/\/twitter.com\/grandepremioES\" target=\"_blank\" rel=\"noreferrer noopener\">Twitter\u00a0<\/a>e\u00a0<a href=\"https:\/\/www.instagram.com\/grandepremioes\/\" target=\"_blank\" rel=\"noreferrer noopener\">Instagram!<\/a><\/em><\/strong><br><strong><em>Adem\u00e1s, tenemos nuestro\u00a0<a href=\"https:\/\/whatsapp.com\/channel\/0029VaDZ5zb0gcfDxuwxBM05\" target=\"_blank\" rel=\"noreferrer noopener\">canal de Whatsapp<\/a>\u00a0con toda la informaci\u00f3n al instante<\/em><\/strong><\/p>\n\n\n\n<p class=\"wp-block-paragraph\">Kimi tambi\u00e9n consigui\u00f3 dos victorias esta temporada, en la sprint del GP de Gran Breta\u00f1a y en la carrera principal de la ronda h\u00fangara. En Silverstone, de hecho, revel\u00f3 que tuvo una charla con <strong>Toto Wolff <\/strong>justo despu\u00e9s de la clasificaci\u00f3n y subray\u00f3 lo mucho que le ayudan los consejos del jefe de Mercedes para sentirse m\u00e1s confiado.<\/p>\n\n\n\n<p class=\"wp-block-paragraph\">Es cierto que la llegada de Antonelli a la F1 es mucho m\u00e1s una cuesti\u00f3n de tiempo, y el propio Wolff lo confirm\u00f3 durante la gira de la categor\u00eda previa a las vacaciones en B\u00e9lgica. <a href=\"https:\/\/grandepremio.com\/es\/f1\/mercedes-kimi-antonelli-primera-opcion-formula-1-2025\/\">S\u00f3lo Verstappen podr\u00eda impedir tal movimiento, en palabras del directivo austr\u00edaco.<\/a><\/p>\n\n\n\n<p class=\"wp-block-paragraph\">Antonelli es uno de los pilotos m\u00e1s destacados de la actual hornada de categor\u00edas inferiores del automovilismo, con t\u00edtulos en la F4 italiana y alemana, la F\u00f3rmula Regional de Oriente Medio y la FRECA, entre otras. Si el acuerdo llega a buen puerto, se convertir\u00e1 en el tercer piloto m\u00e1s joven de la historia de la F1, solo por detr\u00e1s de Verstappen y<strong> Lance Stroll.<\/strong><\/p>\n\n\n\n<p class=\"wp-block-paragraph\"><strong>La F\u00f3rmula 1 se toma su tradicional descanso veraniego en Europa y regresa del 23 al 25 de agosto en Zandvoort para el Gran Premio de Pa\u00edses Bajos.<\/strong><\/p>\n","protected":false},"excerpt":{"rendered":"<p>Andrea Kimi Antonelli, pupilo de Toto Wolff y actual piloto de Prema en la F\u00f3rmula 2,  puede ser anunciado como piloto de Mercedes para la F1 2025 en el GP de Italia.<\/p>\n","protected":false},"author":0,"featured_media":1010231623,"comment_status":"closed","ping_status":"closed","sticky":false,"template":"","format":"standard","meta":{"42wp_featured_image_caption":"","42wp_featured_image_credits":"","42wp_featured_video":"","42wp_featured_image_hidden":false,"42wp_authors_list":[],"footnotes":""},"categories":[5],"tags":[6800,181,2249,179,2259,673,569],"42wp_author":[14223],"class_list":["post-12403","post","type-post","status-publish","format-standard","has-post-thumbnail","hentry","category-f1","tag-andrea-kimi-antonelli","tag-f1","tag-f1-2024","tag-formula-1","tag-formula-1-2024","tag-gp-de-italia","tag-toto-wolff","42wp_author-esteban-nieto"],"_links":{"self":[{"href":"https:\/\/grandepremio.com\/es\/wp-json\/wp\/v2\/posts\/12403","targetHints":{"allow":["GET"]}}],"collection":[{"href":"https:\/\/grandepremio.com\/es\/wp-json\/wp\/v2\/posts"}],"about":[{"href":"https:\/\/grandepremio.com\/es\/wp-json\/wp\/v2\/types\/post"}],"replies":[{"embeddable":true,"href":"https:\/\/grandepremio.com\/es\/wp-json\/wp\/v2\/comments?post=12403"}],"version-history":[{"count":0,"href":"https:\/\/grandepremio.com\/es\/wp-json\/wp\/v2\/posts\/12403\/revisions"}],"wp:featuredmedia":[{"embeddable":true,"href":"https:\/\/grandepremio.com\/es\/wp-json\/wp\/v2\/media\/1010231623"}],"wp:attachment":[{"href":"https:\/\/grandepremio.com\/es\/wp-json\/wp\/v2\/media?parent=12403"}],"wp:term":[{"taxonomy":"category","embeddable":true,"href":"https:\/\/grandepremio.com\/es\/wp-json\/wp\/v2\/categories?post=12403"},{"taxonomy":"post_tag","embeddable":true,"href":"https:\/\/grandepremio.com\/es\/wp-json\/wp\/v2\/tags?post=12403"},{"taxonomy":"42wp_author","embeddable":true,"href":"https:\/\/grandepremio.com\/es\/wp-json\/wp\/v2\/42wp_author?post=12403"}],"curies":[{"name":"wp","href":"https:\/\/api.w.org\/{rel}","templated":true}]}}