{"id":12410,"date":"2024-08-10T11:25:53","date_gmt":"2024-08-10T14:25:53","guid":{"rendered":"https:\/\/grandepremio.com\/es\/2024\/08\/10\/audi-alex-palou-segundo-asiento-mattia-binotto-f1-2026\/"},"modified":"2024-08-10T11:26:00","modified_gmt":"2024-08-10T14:26:00","slug":"audi-alex-palou-segundo-asiento-mattia-binotto-f1-2026","status":"publish","type":"post","link":"https:\/\/grandepremio.com\/es\/f1\/audi-alex-palou-segundo-asiento-mattia-binotto-f1-2026\/","title":{"rendered":"Audi busca a su segundo piloto y coloca a Palou entre los candidatos"},"content":{"rendered":"\n<p class=\"wp-block-paragraph\">La primera gran tarea de <strong>Mattia Binotto<\/strong> cuando asuma la direcci\u00f3n operativa y t\u00e9cnica del proyecto de <strong>Audi <\/strong>en la <strong>F\u00f3rmula 1<\/strong> es decidir qui\u00e9n ser\u00e1 el compa\u00f1ero de <strong>Nico H\u00fclkenberg <\/strong>la pr\u00f3xima temporada, a\u00fan bajo el nombre <strong>Sauber<\/strong>. Aunque se ha especulado mucho con nombres que trabajan o tienen alguna relaci\u00f3n con la categor\u00eda reina, la revista alemana Auto Motor und Sport se\u00f1al\u00f3 a <strong>\u00c1lex Palou<\/strong>, que compite en <strong>IndyCar<\/strong>, como uno de los posibles candidatos.<\/p>\n\n\n\n<p class=\"wp-block-paragraph\">\ud83d\udfe5&nbsp;<strong><em>\u00a1Todas las novedades te esperan en el canal de&nbsp;<\/em><\/strong><a href=\"https:\/\/www.youtube.com\/@GrandePremioES\" target=\"_blank\" rel=\"noreferrer noopener\"><em><strong>YouTube<\/strong><\/em><\/a><strong><em>&nbsp;de Grande Pr\u00eamio en Espa\u00f1ol!<\/em><\/strong>&nbsp;\ud83d\udfe8<\/p>\n\n\n\n<p class=\"wp-block-paragraph\">Tras apartar al alem\u00e1n de <strong>Haas <\/strong>a finales de abril, el sue\u00f1o de la marca era contar con <strong>Carlos Sainz <\/strong>para liderar el proyecto. El espa\u00f1ol, sin embargo, fich\u00f3 por <strong>Williams<\/strong>. Quedaba as\u00ed la segunda opci\u00f3n, <strong>Esteban Ocon<\/strong>, a quien <strong>Ayao Komatsu<\/strong> convenci\u00f3 para que se uniera al equipo propiedad de<strong> Gene Haas<\/strong> y formara dupla con<strong> Oliver Bearman<\/strong> a partir de 2025.<\/p>\n\n\n\n<p class=\"wp-block-paragraph\">Las opciones internas no parecen gustar mucho a <strong>Audi<\/strong>. Descontento con la indefinici\u00f3n del equipo, <a href=\"https:\/\/grandepremio.com\/es\/f1\/valtteri-bottas-incertidumbre-futuro-kick-sauber-f1-2024\/\">el experimentado Valtteri Bottas asegur\u00f3 que la situaci\u00f3n es &#8220;muy estresante&#8221; y dej\u00f3 claro que quiere estar en un equipo donde &#8220;le respeten&#8221;<\/a>. <strong>Guanyu Zhou<\/strong>, por su parte, conf\u00eda en que la llegada de Binotto pueda marcar un &#8220;nuevo comienzo&#8221; en las conversaciones sobre una posible renovaci\u00f3n de contrato.<\/p>\n\n\n\n<p class=\"wp-block-paragraph\">A falta de alternativas, el equipo de <strong>Hinwil <\/strong>ha empezado a fijarse en j\u00f3venes talentos. La semana pasada, el sitio web italiano Formu1aUno inform\u00f3 de que <strong>Gabriel Bortoleto<\/strong> estaba en la lista de Mattia para 2025, a pesar de pertenecer al programa de pilotos de <strong>McLaren<\/strong>. El brasile\u00f1o declar\u00f3 a GRANDE PR\u00caMIO que no estaba interesado y asegur\u00f3 que se hab\u00eda enterado del inter\u00e9s a trav\u00e9s de las redes sociales. <\/p>\n\n\n\n<p class=\"wp-block-paragraph\">Entre otras opciones, se rumore\u00f3 tambi\u00e9n un posible desembarco de <strong>Mick Schumacher<\/strong> al proyecto, sostenido en su nacionalidad, antecedentes en F1 y su relaci\u00f3n con Binotto, ya que ambos integraron el organigrama deportivo de Ferrari en el campeonato. Pero esto no prosper\u00f3 y el hijo de <strong>Michael Schumacher<\/strong> contin\u00faa su carrera deportiva en el <strong>WEC <\/strong>como piloto de <strong>Alpine<\/strong>.<\/p>\n\n\n\n<p class=\"wp-block-paragraph\">\u23e9\u00a0<em><strong>\u00a1Seguinos en redes por\u00a0<\/strong><\/em><a href=\"https:\/\/twitter.com\/grandepremioES\" target=\"_blank\" rel=\"noreferrer noopener\"><em><strong>Twitter<\/strong>\u00a0<\/em><\/a><em><strong>e\u00a0<\/strong><\/em><a href=\"https:\/\/www.instagram.com\/grandepremioes\/\" target=\"_blank\" rel=\"noreferrer noopener\"><em><strong>Instagram!<\/strong><\/em><\/a><br><strong>\u23e9<\/strong>\u00a0<em><strong>Adem\u00e1s, tenemos nuestro\u00a0<\/strong><\/em><a href=\"https:\/\/whatsapp.com\/channel\/0029VaDZ5zb0gcfDxuwxBM05\" target=\"_blank\" rel=\"noreferrer noopener\"><em><strong>canal de WhatsApp<\/strong><\/em><\/a><em><strong>\u00a0con toda la informaci\u00f3n al instante<\/strong><\/em>\u00a0\ud83c\udfc1<\/p>\n\n\n\n<figure class=\"wp-block-image size-full\"><img decoding=\"async\" src=\"https:\/\/grandepremio.com\/es\/wp-content\/uploads\/2021\/01\/mattia-binotto-in-the-paddock.jpg\" alt=\"\" class=\"wp-image-248231\"\/><figcaption class=\"wp-element-caption\">Mattia Binotto es el nuevo responsable del proyecto de Audi en F1 (Foto: Reproducci\u00f3n)<\/figcaption><\/figure>\n\n\n\n<p class=\"wp-block-paragraph\">Sin embargo, completamente fuera del entorno de la F1, la edici\u00f3n del pasado viernes de AMuS informaba de que el bicampe\u00f3n de <strong>Indy, \u00c1lex Palou<\/strong>, tambi\u00e9n est\u00e1 siendo considerado para ser piloto de <strong>Audi<\/strong>. El espa\u00f1ol ya hab\u00eda sido piloto probador de <strong>McLaren <\/strong>en la categor\u00eda reina, con derecho a participar en las sesiones de simulador y entrenamientos libres. Sin embargo, sin darse cuenta de que hab\u00eda una vacante para entrar en el Mundial, decidi\u00f3 renunciar y centrarse en el automovilismo norteamericano.<\/p>\n\n\n\n<p class=\"wp-block-paragraph\">El s\u00e1bado, el portal espa\u00f1ol SoyMotor confirm\u00f3 que el piloto de 27 a\u00f1os no hab\u00eda mantenido ning\u00fan contacto con <strong>Audi <\/strong>para tratar la posibilidad de unirse al proyecto. Seg\u00fan la web, la \u00faltima vez que \u00c1lex tuvo contacto con el fabricante fue en 2017, cuando prob\u00f3 un coche del <strong>DTM<\/strong>.<\/p>\n\n\n\n<p class=\"wp-block-paragraph\"><strong>La\u00a0<a href=\"https:\/\/es.grandepremio.com\/f1\/\" target=\"_blank\" rel=\"noreferrer noopener\"><\/a><a href=\"https:\/\/es.grandepremio.com\/f1\/\" target=\"_blank\" rel=\"noreferrer noopener\"><\/a><a href=\"https:\/\/es.grandepremio.com\/f1\/\" target=\"_blank\" rel=\"noreferrer noopener\"><\/a><a href=\"https:\/\/es.grandepremio.com\/f1\/\" target=\"_blank\" rel=\"noreferrer noopener\">F\u00f3rmula 1<\/a>\u00a0se encuentra en su tradicional descanso veraniego en Europa y regresa entre el 23 y el 25 de agosto en Zandvoort para el Gran Premio de Pa\u00edses Bajos.<\/strong><\/p>\n\n\n\n<figure class=\"wp-block-embed is-type-video is-provider-youtube wp-block-embed-youtube wp-embed-aspect-16-9 wp-has-aspect-ratio\"><div class=\"wp-block-embed__wrapper\">\n<iframe loading=\"lazy\" title=\"RETROSPECTIVA GP - MERCEDES DEJA ATR\u00c1S LOS PROBLEMAS Y VUELVE A GANAR EN F1\" width=\"500\" height=\"281\" src=\"https:\/\/www.youtube.com\/embed\/vdoxm3PDm7g?feature=oembed\" frameborder=\"0\" allow=\"accelerometer; autoplay; clipboard-write; encrypted-media; gyroscope; picture-in-picture; web-share\" referrerpolicy=\"strict-origin-when-cross-origin\" allowfullscreen><\/iframe>\n<\/div><\/figure>\n","protected":false},"excerpt":{"rendered":"<p>Mattia Binotto, nuevo responsable del proyecto Audi en F1, tiene una extensa lista de nombres para el segundo asiento del equipo alem\u00e1n y el bicampe\u00f3n de IndyCar, \u00c1lex Palou, es uno de ellos<\/p>\n","protected":false},"author":0,"featured_media":1010250155,"comment_status":"closed","ping_status":"closed","sticky":false,"template":"","format":"standard","meta":{"42wp_featured_image_caption":"","42wp_featured_image_credits":"","42wp_featured_video":"","42wp_featured_image_hidden":false,"42wp_authors_list":[],"footnotes":""},"categories":[5],"tags":[1667,612,181,2249,1680,179,2259,2429,1488,439,4540,4010],"42wp_author":[14239],"class_list":["post-12410","post","type-post","status-publish","format-standard","has-post-thumbnail","hentry","category-f1","tag-alex-palou-2","tag-audi","tag-f1","tag-f1-2024","tag-f1-2026","tag-formula-1","tag-formula-1-2024","tag-formula-1-2026","tag-grande-premio","tag-mattia-binotto","tag-temporada-2024-f1","tag-temporada-2026-f1","42wp_author-jp-otrosky"],"_links":{"self":[{"href":"https:\/\/grandepremio.com\/es\/wp-json\/wp\/v2\/posts\/12410","targetHints":{"allow":["GET"]}}],"collection":[{"href":"https:\/\/grandepremio.com\/es\/wp-json\/wp\/v2\/posts"}],"about":[{"href":"https:\/\/grandepremio.com\/es\/wp-json\/wp\/v2\/types\/post"}],"replies":[{"embeddable":true,"href":"https:\/\/grandepremio.com\/es\/wp-json\/wp\/v2\/comments?post=12410"}],"version-history":[{"count":0,"href":"https:\/\/grandepremio.com\/es\/wp-json\/wp\/v2\/posts\/12410\/revisions"}],"wp:featuredmedia":[{"embeddable":true,"href":"https:\/\/grandepremio.com\/es\/wp-json\/wp\/v2\/media\/1010250155"}],"wp:attachment":[{"href":"https:\/\/grandepremio.com\/es\/wp-json\/wp\/v2\/media?parent=12410"}],"wp:term":[{"taxonomy":"category","embeddable":true,"href":"https:\/\/grandepremio.com\/es\/wp-json\/wp\/v2\/categories?post=12410"},{"taxonomy":"post_tag","embeddable":true,"href":"https:\/\/grandepremio.com\/es\/wp-json\/wp\/v2\/tags?post=12410"},{"taxonomy":"42wp_author","embeddable":true,"href":"https:\/\/grandepremio.com\/es\/wp-json\/wp\/v2\/42wp_author?post=12410"}],"curies":[{"name":"wp","href":"https:\/\/api.w.org\/{rel}","templated":true}]}}