{"id":1243,"date":"2026-05-15T07:35:19","date_gmt":"2026-05-15T10:35:19","guid":{"rendered":"https:\/\/grandepremio.com\/es\/2026\/05\/15\/alex-marquez-lidera-fp1-gp-cataluna-motogp-2026\/"},"modified":"2026-05-15T07:35:23","modified_gmt":"2026-05-15T10:35:23","slug":"alex-marquez-lidera-fp1-gp-cataluna-motogp-2026","status":"publish","type":"post","link":"https:\/\/grandepremio.com\/es\/motogp\/alex-marquez-lidera-fp1-gp-cataluna-motogp-2026\/","title":{"rendered":"\u00c1lex M\u00e1rquez lidera la FP1 del GP de Catalu\u00f1a de MotoGP 2026"},"content":{"rendered":"\n<p class=\"wp-block-paragraph\"><strong>\u00c1lex M\u00e1rquez<\/strong> volvi\u00f3 a demostrar su fuerza en <strong>Catalu\u00f1a<\/strong> y lider\u00f3 la primera sesi\u00f3n de entrenamientos libres del fin de semana de <strong>MotoGP<\/strong> en <strong>Barcelona<\/strong>, \u200b\u200bcelebrada este viernes. El piloto de <strong>Gresini<\/strong> marc\u00f3 un tiempo de <strong>1min40s021<\/strong>, superando a <strong>Jorge Mart\u00edn<\/strong> y finalizando la sesi\u00f3n en lo m\u00e1s alto de la tabla de tiempos.<\/p>\n\n\n\n<p class=\"wp-block-paragraph\">Adem\u00e1s de \u00c1lex M\u00e1rquez y Mart\u00edn, <strong>Fabio Di Giannantonio<\/strong> tambi\u00e9n finaliz\u00f3 la sesi\u00f3n con un ritmo s\u00f3lido y fue tercero con una vuelta de <strong>1min40s343<\/strong>, seguido por <strong>Pedro Acosta<\/strong> (<strong>1min40s388<\/strong>) y <strong>Marco Bezzecchi<\/strong> (<strong>1min40s422<\/strong>) en el top 5.<\/p>\n\n\n\n<p class=\"wp-block-paragraph\">\ud83d\udfe5\u00a0<strong><em>\u00a1Todas las novedades te esperan en el canal de\u00a0<\/em><\/strong><a href=\"https:\/\/www.youtube.com\/@GrandePremioES\"><em>YouTube<\/em><\/a><strong><em>\u00a0de Grande Pr\u00eamio en Espa\u00f1ol!<\/em><\/strong>\u00a0\ud83d\udfe8<\/p>\n\n\n\n<figure class=\"wp-block-image size-full\"><img decoding=\"async\" src=\"https:\/\/grandepremio.com\/es\/wp-content\/uploads\/2026\/04\/SI202604240087-scaled-1.webp\" alt=\"\" class=\"wp-image-399087\"\/><figcaption class=\"wp-element-caption\">Jorge Mart\u00edn fue protagonista, pero tambi\u00e9n sufri\u00f3 una ca\u00edda. (Foto: Gold &#038; Goose \/ Red Bull Content Pool)<\/figcaption><\/figure>\n\n\n\n<p class=\"wp-block-paragraph\">\u23e9&nbsp;<strong><em>\u00a1Seguinos en redes por&nbsp;<\/em><\/strong><a href=\"https:\/\/twitter.com\/grandepremioES\"><em>Twitter&nbsp;<\/em><\/a><strong><em>e&nbsp;<\/em><\/strong><a href=\"https:\/\/www.instagram.com\/grandepremioes\/\"><em>Instagram!<\/em><\/a><br>\u23e9&nbsp;<strong><em>Adem\u00e1s, tenemos nuestro&nbsp;<\/em><\/strong><a href=\"https:\/\/whatsapp.com\/channel\/0029VaDZ5zb0gcfDxuwxBM05\"><em>canal de Whatsapp<\/em><\/a><strong><em>&nbsp;con toda la informaci\u00f3n al instante<\/em><\/strong>&nbsp;\ud83c\udfc1<\/p>\n\n\n\n<p class=\"wp-block-paragraph\"><strong>MotoGP<\/strong> regresa a pista este viernes, a partir de las <strong>10<\/strong> (hora de Argentina), para el entrenamiento que determinar\u00e1 a los diez pilotos que se clasifican directamente para la <strong>Q2<\/strong> del <strong>GP de Catalu\u00f1a<\/strong>.<\/p>\n\n\n\n<h2 class=\"wp-block-heading\">As\u00ed fue la FP1 del GP de Catalu\u00f1a de MotoGP:<\/h2>\n\n\n\n<p class=\"wp-block-paragraph\">El fin de semana comenz\u00f3 con tiempo nublado para las actividades del <strong>Campeonato del Mundo de Motociclismo<\/strong> en <strong>Catalu\u00f1a<\/strong>. A primera hora, las temperaturas registraron 13 \u00b0C en el aire y 30 \u00b0C en el asfalto, con vientos flojos de 4 km\/h y un 61 % de humedad.<\/p>\n\n\n\n<p class=\"wp-block-paragraph\">La principal ausencia este fin de semana es la de uno de los pilotos locales. <strong>Marc M\u00e1rquez<\/strong> se pierde la prueba tras el aparatoso accidente que sufri\u00f3 en la sprint del <strong>GP de Francia<\/strong> y tambi\u00e9n es duda para el <strong>GP de Italia<\/strong> en <strong>Mugello<\/strong> dentro de dos semanas. Sin embargo, el evento marca el regreso de <strong>Maverick Vi\u00f1ales<\/strong>, de <strong>Tech3<\/strong>, recuperado de la operaci\u00f3n en su hombro derecho.<\/p>\n\n\n\n<figure class=\"wp-block-image size-large\"><img decoding=\"async\" src=\"https:\/\/grandepremio.com\/es\/wp-content\/uploads\/2026\/05\/HIStJyWX0AAejHL-edited.webp\" alt=\"\" class=\"wp-image-401235\"\/><figcaption class=\"wp-element-caption\">Francesco Bagnaia es el \u00fanico piloto de Ducati en Barcelona por la ausencia de Marc M\u00e1rquez. (Foto: Ducati)<\/figcaption><\/figure>\n\n\n\n<p class=\"wp-block-paragraph\">En cuanto se dio la luz verde, los pilotos salieron de sus respectivos boxes para comenzar la FP1 de la categor\u00eda reina, que dur\u00f3 45 minutos en <strong>Montmel\u00f3<\/strong>.<\/p>\n\n\n\n<p class=\"wp-block-paragraph\"><strong>Jorge Mart\u00edn<\/strong> comenz\u00f3 la jornada de entrenamientos liderando con un tiempo de <strong>1min40s480<\/strong>, pero Acosta lo super\u00f3 r\u00e1pidamente, colocando a la <strong>KTM<\/strong> en lo m\u00e1s alto con <strong>1min40s388<\/strong> en los primeros diez minutos de la sesi\u00f3n. <strong>Marco Bezzecchi<\/strong> fue segundo, por delante de Mart\u00edn, <strong>Jack Miller<\/strong> y <strong>Enea Bastianini<\/strong>, quienes completaron el top 5 provisional.<\/p>\n\n\n\n<p class=\"wp-block-paragraph\">El campe\u00f3n de <strong>2024<\/strong> demostr\u00f3 desde el principio que deb\u00eda ser uno de los protagonistas de nuevo en <strong>Barcelona<\/strong> y recuper\u00f3 el liderato con la <strong>Aprilia<\/strong> marcando un tiempo de <strong>1min40s299<\/strong>. Di Giannantonio fue segundo, con <strong>1min40s343<\/strong>, seguido de Acosta, Bezzecchi y Bastianini.<\/p>\n\n\n\n<p class=\"wp-block-paragraph\">Los pilotos regresaron a boxes por primera vez para transmitir sus primeras impresiones a los ingenieros del equipo y volvieron a pista a falta de 25 minutos para el final de la sesi\u00f3n.<\/p>\n\n\n\n<figure class=\"wp-block-video\"><video class=\"video-js vjs-big-play-centered\" data-gp-vjs=\"1\" controls src=\"https:\/\/grandepremio.com\/es\/wp-content\/uploads\/2026\/05\/X2Twitter.com__-FMYou_f60QOCGC_720p.mp4\"><\/video><figcaption class=\"wp-element-caption\">Jorge Mart\u00edn sufri\u00f3 una ca\u00edda en la FP1 del GP de Catalu\u00f1a. (Video: Reproducci\u00f3n\/MotoGP)<\/figcaption><\/figure>\n\n\n\n<p class=\"wp-block-paragraph\">Mart\u00edn, que a\u00fan lideraba la sesi\u00f3n a falta de 18 minutos, perdi\u00f3 el control de su moto y sufri\u00f3 una fuerte ca\u00edda en la curva 12. El escolta del campeonato sali\u00f3 despedido contra la valla de seguridad y tuvo que ser examinado por el equipo m\u00e9dico de MotoGP, pero regres\u00f3 a boxes sin lesiones.<\/p>\n\n\n\n<p class=\"wp-block-paragraph\">Unos minutos despu\u00e9s, Acosta y <strong>Brad Binder<\/strong> tambi\u00e9n se cayeron, provocando nuevas banderas amarillas en la primera sesi\u00f3n de entrenamientos libres del fin de semana. Tanto el espa\u00f1ol como el sudafricano perdieron el control de sus KTM en la curva 2.<\/p>\n\n\n\n<p class=\"wp-block-paragraph\">Al final de la sesi\u00f3n, <strong>\u00c1lex M\u00e1rquez<\/strong> emergi\u00f3 con fuerza para tomar la delantera, marcando un tiempo de <strong>1min40s021<\/strong> y terminando la primera sesi\u00f3n de entrenamientos libres del fin de semana de MotoGP en lo m\u00e1s alto de la tabla de tiempos.<\/p>\n\n\n\n<h2 class=\"wp-block-heading\">Resultados de la FP1 del GP de Catalu\u00f1a:<\/h2>\n\n\n\n<figure class=\"wp-block-table\"><table class=\"has-fixed-layout\"><tbody><tr><td>POSICI\u00d3N<\/td><td>PILOTO<\/td><td>EQUIPO<\/td><td>TIEMPO<\/td><td>DIFERENCIA<\/td><\/tr><tr><td><strong>1<\/strong><\/td><td>\u00c1 M\u00c1RQUEZ<\/td><td>Gresini Ducati<\/td><td>1:39.950<\/td><td>&nbsp;<\/td><\/tr><tr><td><strong>2<\/strong><\/td><td>J MART\u00cdN<\/td><td>Aprilia<\/td><td>1:40.299<\/td><td>+0.349<\/td><\/tr><tr><td><strong>3<\/strong><\/td><td>F DI GIANNANTONIO<\/td><td>VR46 Ducati<\/td><td>1:40.343<\/td><td>+0.393<\/td><\/tr><tr><td><strong>4<\/strong><\/td><td>P ACOSTA<\/td><td>KTM<\/td><td>1:40.388<\/td><td>+0.438<\/td><\/tr><tr><td><strong>5<\/strong><\/td><td>M BEZZECCHI<\/td><td>Aprilia<\/td><td>1:40.422<\/td><td>+0.472<\/td><\/tr><tr><td><strong>6<\/strong><\/td><td>E BASTIANINI<\/td><td>Tech3 KTM<\/td><td>1:40.436<\/td><td>+0.486<\/td><\/tr><tr><td><strong>7<\/strong><\/td><td>F ALDEGUER<\/td><td>Gresini Ducati<\/td><td>1:40.443<\/td><td>+0.493<\/td><\/tr><tr><td><strong>8<\/strong><\/td><td>J MILLER<\/td><td>Pramac Yamaha<\/td><td>1:40.466<\/td><td>+0.516<\/td><\/tr><tr><td><strong>9<\/strong><\/td><td>F MORBIDELLI<\/td><td>VR46 Ducati<\/td><td>1:40.513<\/td><td>+0.563<\/td><\/tr><tr><td><strong>10<\/strong><\/td><td>J ZARCO<\/td><td>LCR Honda<\/td><td>1:40.544<\/td><td>+0.594<\/td><\/tr><tr><td><strong>11<\/strong><\/td><td>D MOREIRA<\/td><td>LCR Honda<\/td><td>1:40.566<\/td><td>+0.616<\/td><\/tr><tr><td><strong>12<\/strong><\/td><td>B BINDER<\/td><td>KTM<\/td><td>1:40.602<\/td><td>+0.652<\/td><\/tr><tr><td><strong>13<\/strong><\/td><td>L MARINI<\/td><td>Honda<\/td><td>1:40.703<\/td><td>+0.753<\/td><\/tr><tr><td><strong>14<\/strong><\/td><td>F QUARTARARO<\/td><td>Yamaha<\/td><td>1:40.719<\/td><td>+0.769<\/td><\/tr><tr><td><strong>15<\/strong><\/td><td>R FERN\u00c1NDEZ<\/td><td>Trackhouse Aprilia<\/td><td>1:40.733<\/td><td>+0.783<\/td><\/tr><tr><td><strong>16<\/strong><\/td><td>J MIR<\/td><td>Honda<\/td><td>1:40.770<\/td><td>+0.820<\/td><\/tr><tr><td><strong>17<\/strong><\/td><td>F BAGNAIA<\/td><td>Ducati<\/td><td>1:40.890<\/td><td>+0.940<\/td><\/tr><tr><td><strong>18<\/strong><\/td><td>A OGURA<\/td><td>Trackhouse Aprilia<\/td><td>1:40.942<\/td><td>+0.992<\/td><\/tr><tr><td><strong>19<\/strong><\/td><td>M VI\u00d1ALES<\/td><td>KTM<\/td><td>1:40.979<\/td><td>+52.800<\/td><\/tr><tr><td><strong>20<\/strong><\/td><td>A FERN\u00c1NDEZ<\/td><td>Yamaha<\/td><td>1:41.345<\/td><td>+0.923<\/td><\/tr><tr><td><strong>21<\/strong><\/td><td>T RAZGATLIOGLU<\/td><td>Pramac Yamaha<\/td><td>1:41.467<\/td><td>+1.045<\/td><\/tr><tr><td><strong>22<\/strong><\/td><td>\u00c1 RINS<\/td><td>Yamaha<\/td><td>1:41.467<\/td><td>+1.045<\/td><\/tr><\/tbody><\/table><\/figure>\n","protected":false},"excerpt":{"rendered":"<p>\u00c1lex M\u00e1rquez demostr\u00f3 su buen ritmo al final y adelant\u00f3 a Jorge Mart\u00edn para terminar la primera sesi\u00f3n de entrenamientos del fin de semana del GP de Catalu\u00f1a en cabeza.<\/p>\n","protected":false},"author":0,"featured_media":1010391006,"comment_status":"closed","ping_status":"closed","sticky":false,"template":"","format":"standard","meta":{"42wp_featured_image_caption":"","42wp_featured_image_credits":"","42wp_featured_video":"","42wp_featured_image_hidden":false,"42wp_authors_list":[],"footnotes":""},"categories":[8],"tags":[2929,1394,577,2059,1399,2055,1526,1293,8591,1296],"42wp_author":[14240],"class_list":["post-1243","post","type-post","status-publish","format-standard","has-post-thumbnail","hentry","category-motogp","tag-alex-marquez-3","tag-aprilia","tag-barcelona","tag-fabio-di-giannantonio","tag-gp-de-cataluna","tag-gresini","tag-jorge-martin","tag-motogp","tag-motogp-2026","tag-vr46","42wp_author-ignacio-bogado"],"_links":{"self":[{"href":"https:\/\/grandepremio.com\/es\/wp-json\/wp\/v2\/posts\/1243","targetHints":{"allow":["GET"]}}],"collection":[{"href":"https:\/\/grandepremio.com\/es\/wp-json\/wp\/v2\/posts"}],"about":[{"href":"https:\/\/grandepremio.com\/es\/wp-json\/wp\/v2\/types\/post"}],"replies":[{"embeddable":true,"href":"https:\/\/grandepremio.com\/es\/wp-json\/wp\/v2\/comments?post=1243"}],"version-history":[{"count":0,"href":"https:\/\/grandepremio.com\/es\/wp-json\/wp\/v2\/posts\/1243\/revisions"}],"wp:featuredmedia":[{"embeddable":true,"href":"https:\/\/grandepremio.com\/es\/wp-json\/wp\/v2\/media\/1010391006"}],"wp:attachment":[{"href":"https:\/\/grandepremio.com\/es\/wp-json\/wp\/v2\/media?parent=1243"}],"wp:term":[{"taxonomy":"category","embeddable":true,"href":"https:\/\/grandepremio.com\/es\/wp-json\/wp\/v2\/categories?post=1243"},{"taxonomy":"post_tag","embeddable":true,"href":"https:\/\/grandepremio.com\/es\/wp-json\/wp\/v2\/tags?post=1243"},{"taxonomy":"42wp_author","embeddable":true,"href":"https:\/\/grandepremio.com\/es\/wp-json\/wp\/v2\/42wp_author?post=1243"}],"curies":[{"name":"wp","href":"https:\/\/api.w.org\/{rel}","templated":true}]}}