{"id":12459,"date":"2024-08-07T13:17:24","date_gmt":"2024-08-07T16:17:24","guid":{"rendered":"https:\/\/grandepremio.com\/es\/2024\/08\/07\/alex-marquez-ve-gran-diferencia-en-ducati-da-solucion-motogp-2025\/"},"modified":"2024-08-07T13:26:07","modified_gmt":"2024-08-07T16:26:07","slug":"alex-marquez-ve-gran-diferencia-en-ducati-da-solucion-motogp-2025","status":"publish","type":"post","link":"https:\/\/grandepremio.com\/es\/motogp\/alex-marquez-ve-gran-diferencia-en-ducati-da-solucion-motogp-2025\/","title":{"rendered":"\u00c1lex M\u00e1rquez ve una gran diferencia en Ducati y da una soluci\u00f3n para 2025"},"content":{"rendered":"\n<p class=\"wp-block-paragraph\">El piloto de <strong>Gresini <\/strong>sigue sorprendido por la diferencia entre la <strong>GP23 <\/strong>y la <strong>GP24<\/strong>. Preocupado ya por la pr\u00f3xima temporada de <strong>MotoGP<\/strong>, <strong>Alex M\u00e1rquez<\/strong> esperaba que <strong>Gigi Dall&#8217;Igna<\/strong>, director de <strong>Ducati Corse<\/strong>, se fuera de vacaciones a la hora de dise\u00f1ar la nueva moto.<\/p>\n\n\n\n<p class=\"wp-block-paragraph\">De las ocho Ducati en pista en 2024, cuatro son de este a\u00f1o: las dos del equipo oficial, con <strong>Francesco Bagnaia<\/strong> y <strong>Enea Bastianini<\/strong>, y las dos del <strong>Pramac<\/strong>, con <strong>Jorge Mart\u00edn<\/strong> y <strong>Franco Morbidelli<\/strong>. \u00c1lex y <strong>Marc M\u00e1rquez<\/strong>, <strong>Marco Bezzecchi<\/strong> y <strong>Fabio Di Giannantonio<\/strong> utilizan la GP23, la versi\u00f3n del a\u00f1o pasado de la <strong>Desmosedici<\/strong>.<\/p>\n\n\n\n<p class=\"wp-block-paragraph\">Para 2025, la marca italiana cambiar\u00e1 de estrategia. S\u00f3lo habr\u00e1 tres motos para ese a\u00f1o. Bagnaia y Marc M\u00e1rquez en el equipo oficial y Fabio Di Giannantonio, que tendr\u00e1 la \u00fanica <strong>GP25 <\/strong>del <strong>VR46<\/strong>.<\/p>\n\n\n\n<figure class=\"wp-block-image size-full\"><img decoding=\"async\" src=\"https:\/\/www.grandepremio.com\/br\/wp-content\/uploads\/2023\/09\/SI202309220566.jpg\" alt=\"\" class=\"wp-image-209706\"\/><figcaption class=\"wp-element-caption\">El espa\u00f1ol confiesa que es la primera vez que ve tantas diferencias entre motos del mismo fabricante. (Foto: Red Bull Content Pool)<\/figcaption><\/figure>\n\n\n\n<p class=\"wp-block-paragraph\">Temiendo la diferencia con los prototipos, \u00c1lex esperaba que Gigi se tomara unos d\u00edas de descanso a la hora de dise\u00f1ar la nueva moto.<\/p>\n\n\n\n<p class=\"wp-block-paragraph\">&#8220;Es la primera temporada que vemos una diferencia tan grande entre dos motos de la misma f\u00e1brica y de dos a\u00f1os diferentes&#8221;, ha dicho el espa\u00f1ol. &#8220;Espero que Gigi Dall&#8217;Igna se vaya de vacaciones, as\u00ed mi GP24 no estar\u00e1 tan lejos de la GP25&#8221;, a\u00f1adi\u00f3.<\/p>\n\n\n\n<p class=\"wp-block-paragraph\">Ducati domina la clasificaci\u00f3n del <strong>Campeonato del Mundo de Motociclismo<\/strong>, pero los tres primeros de la tabla son Mart\u00edn, Bagnaia y Bastianini, todos ellos pilotos de GP24. Con la GP23, Marc M\u00e1rquez cay\u00f3 al cuarto puesto este fin de semana, a 62 puntos del l\u00edder.<\/p>\n\n\n\n<p class=\"wp-block-paragraph\"><strong>MotoGP<\/strong> vuelve a la competencia entre el 16 y el 18 de agosto con el <strong>GP de Austria<\/strong> en el<strong> Red Bull Ring<\/strong>, und\u00e9cima prueba de la <strong>temporada 2024<\/strong>.<\/p>\n","protected":false},"excerpt":{"rendered":"<p>\u00c1lex M\u00e1rquez destac\u00f3 la gran diferencia entre los dos modelos de Ducati que est\u00e1n en pista esta temporada. El espa\u00f1ol espera que Gigi Dall&#8217;Igna se vaya de vacaciones cuando el equipo de Borgo Panigale desarrolle la moto del pr\u00f3ximo a\u00f1o.<\/p>\n","protected":false},"author":0,"featured_media":1010247161,"comment_status":"closed","ping_status":"closed","sticky":false,"template":"","format":"standard","meta":{"42wp_featured_image_caption":"","42wp_featured_image_credits":"","42wp_featured_video":"","42wp_featured_image_hidden":false,"42wp_authors_list":[],"footnotes":""},"categories":[8],"tags":[1825,1340,2058,2059,1376,1307,2189,10631,10632,2055,1526,1308,1615,1293,2254,1363,1296],"42wp_author":[14240],"class_list":["post-12459","post","type-post","status-publish","format-standard","has-post-thumbnail","hentry","category-motogp","tag-alex-marquez","tag-ducati","tag-enea-bastianini","tag-fabio-di-giannantonio","tag-francesco-bagnaia","tag-franco-morbidelli","tag-gigi-dalligna","tag-gp23","tag-gp24","tag-gresini","tag-jorge-martin","tag-marc-marquez","tag-marco-bezzecchi","tag-motogp","tag-motogp-2024","tag-pramac","tag-vr46","42wp_author-ignacio-bogado"],"_links":{"self":[{"href":"https:\/\/grandepremio.com\/es\/wp-json\/wp\/v2\/posts\/12459","targetHints":{"allow":["GET"]}}],"collection":[{"href":"https:\/\/grandepremio.com\/es\/wp-json\/wp\/v2\/posts"}],"about":[{"href":"https:\/\/grandepremio.com\/es\/wp-json\/wp\/v2\/types\/post"}],"replies":[{"embeddable":true,"href":"https:\/\/grandepremio.com\/es\/wp-json\/wp\/v2\/comments?post=12459"}],"version-history":[{"count":0,"href":"https:\/\/grandepremio.com\/es\/wp-json\/wp\/v2\/posts\/12459\/revisions"}],"wp:featuredmedia":[{"embeddable":true,"href":"https:\/\/grandepremio.com\/es\/wp-json\/wp\/v2\/media\/1010247161"}],"wp:attachment":[{"href":"https:\/\/grandepremio.com\/es\/wp-json\/wp\/v2\/media?parent=12459"}],"wp:term":[{"taxonomy":"category","embeddable":true,"href":"https:\/\/grandepremio.com\/es\/wp-json\/wp\/v2\/categories?post=12459"},{"taxonomy":"post_tag","embeddable":true,"href":"https:\/\/grandepremio.com\/es\/wp-json\/wp\/v2\/tags?post=12459"},{"taxonomy":"42wp_author","embeddable":true,"href":"https:\/\/grandepremio.com\/es\/wp-json\/wp\/v2\/42wp_author?post=12459"}],"curies":[{"name":"wp","href":"https:\/\/api.w.org\/{rel}","templated":true}]}}