{"id":12482,"date":"2024-08-06T11:06:03","date_gmt":"2024-08-06T14:06:03","guid":{"rendered":"https:\/\/grandepremio.com\/es\/2024\/08\/06\/yamaha-acuerdo-augusto-fernandez-probador-2025\/"},"modified":"2024-08-06T11:06:10","modified_gmt":"2024-08-06T14:06:10","slug":"yamaha-acuerdo-augusto-fernandez-probador-2025","status":"publish","type":"post","link":"https:\/\/grandepremio.com\/es\/motogp\/yamaha-acuerdo-augusto-fernandez-probador-2025\/","title":{"rendered":"Yamaha cerca de un acuerdo con Augusto Fern\u00e1ndez para ser piloto probador en 2025"},"content":{"rendered":"\n<p class=\"wp-block-paragraph\">Tras haberse quedado sin asiento para <strong>MotoGP 2025<\/strong>, <strong>Augusto Fern\u00e1ndez<\/strong> no se quedar\u00e1 sin trabajo. Es que, luego de que el equipo <strong>Tech3<\/strong>, que alista dos KTM, decidiera colocar a <strong>Maverick Vi\u00f1ales <\/strong>y a <strong>Enea Bastianini<\/strong>, el espa\u00f1ol podr\u00eda convertirse en probador de <strong>Yamaha <\/strong>desde el a\u00f1o que viene.<\/p>\n\n\n\n<p class=\"wp-block-paragraph\">Seg\u00fan lo informado por Autosport, la casa de los diapasones quiere aprovechar el nuevo sistema de concesiones para desarrollar la M1, que no ha estado al nivel de <strong>Ducati<\/strong>, <strong>KTM <\/strong>y <strong>Aprilia<\/strong> en el <strong>Mundial de Motociclismo<\/strong>. Ante la necesidad de contar con un probador joven, la marca fue a buscar a Fern\u00e1ndez para ocupar un puesto que ha rechazado <strong>Remy Gardner<\/strong>.<\/p>\n\n\n\n<p class=\"wp-block-paragraph\">\ud83d\udfe5&nbsp;<strong><em>\u00a1Todas las novedades te esperan en el canal de&nbsp;<\/em><\/strong><a href=\"https:\/\/www.youtube.com\/@GrandePremioES\" target=\"_blank\" rel=\"noreferrer noopener\"><em>YouTube<\/em><\/a><strong><em>&nbsp;de Grande Pr\u00eamio en Espa\u00f1ol!<\/em><\/strong>&nbsp;\ud83d\udfe8<\/p>\n\n\n\n<p class=\"wp-block-paragraph\"><strong>&#8220;Estamos hablando con ellos. Si no surge nada en el paddock o en el WSBK, que es dif\u00edcil, es una buena salida para m\u00ed. Siempre pienso en la oportunidad de crecer y volver como piloto oficial en el futuro&#8221;<\/strong>, asegura el campe\u00f3n de Moto2 en 2022, confirmando las charlas en curso.<\/p>\n\n\n\n<figure class=\"wp-block-image size-large\"><img decoding=\"async\" src=\"https:\/\/grandepremio.com\/cdn-cgi\/image\/width=893,height=558,fit=contain,gravity=0.5x0.5,quality=75,format=webp\/es\/wp-content\/uploads\/2024\/08\/image-14-1024x683.png\" alt=\"\" class=\"wp-image-249740\"\/><figcaption class=\"wp-element-caption\">Augusto Fern\u00e1ndez se ha quedado sin plaza para 2025 hasta el momento (Foto: Rob Gray\/Polarity Photo)<\/figcaption><\/figure>\n\n\n\n<p class=\"wp-block-paragraph\"><strong>Massimo Meregalli<\/strong>, director deportivo de Yamaha, tambi\u00e9n fue abordado por Autosport durante el GP de Gran Breta\u00f1a del pasado fin de semana y coment\u00f3 la posibilidad de contar con Augusto Fern\u00e1ndez en un futuro pr\u00f3ximo.<\/p>\n\n\n\n<p class=\"wp-block-paragraph\"><strong>&#8220;Queremos reforzar el equipo de pruebas y fichar a un piloto, pero no estamos pensando en un veterano o en alguien que ya se haya retirado. Queremos a alguien joven, que pueda dar muchas vueltas y aprovechar al m\u00e1ximo los test que podemos hacer con las concesiones&#8221;<\/strong>, dijo el italiano.<\/p>\n\n\n\n<p class=\"wp-block-paragraph\">Por otro lado, el directivo indic\u00f3 que esto no significa que descarten contar con <strong>Cal Crutchlow<\/strong>, sino que esperan por su recuperaci\u00f3n: <strong>&#8220;Eso no significa que no podamos contar con Crutchlow, que seguir\u00e1 formando parte del equipo y volver\u00e1 al trabajo en cuanto se recupere [de una lesi\u00f3n en la mano]&#8221;.<\/strong><\/p>\n\n\n\n<p class=\"wp-block-paragraph\">\u23e9&nbsp;<em><strong>\u00a1Seguinos en redes por&nbsp;<\/strong><\/em><a href=\"https:\/\/twitter.com\/grandepremioES\" target=\"_blank\" rel=\"noreferrer noopener\"><em>Twitter&nbsp;<\/em><\/a><em><strong>e&nbsp;<\/strong><\/em><a href=\"https:\/\/www.instagram.com\/grandepremioes\/\" target=\"_blank\" rel=\"noreferrer noopener\"><em>Instagram!<\/em><\/a><br><strong>\u23e9<\/strong>&nbsp;<em><strong>Adem\u00e1s, tenemos nuestro&nbsp;<\/strong><\/em><a href=\"https:\/\/whatsapp.com\/channel\/0029VaDZ5zb0gcfDxuwxBM05\" target=\"_blank\" rel=\"noreferrer noopener\"><em>canal de Whatsapp<\/em><\/a><em><strong>&nbsp;con toda la informaci\u00f3n al instante<\/strong><\/em>&nbsp;\ud83c\udfc1<\/p>\n\n\n\n<p class=\"wp-block-paragraph\">MotoGP vuelve a la pista entre el 16 y el 18 de agosto con el GP de Austria en el Red Bull Ring, und\u00e9cima prueba de la temporada 2024. GRANDE PR\u00caMIO ofrece una cobertura completa del evento.<\/p>\n\n\n\n<figure class=\"wp-block-embed is-type-video is-provider-youtube wp-block-embed-youtube wp-embed-aspect-16-9 wp-has-aspect-ratio\"><div class=\"wp-block-embed__wrapper\">\nhttps:\/\/www.youtube.com\/@GrandePremioES\n<\/div><\/figure>\n","protected":false},"excerpt":{"rendered":"<p>Augusto Fern\u00e1ndez est\u00e1 cerca de llegar a un acuerdo con Yamaha para ser piloto probador en MotoGP desde la pr\u00f3xima temporada junto a Cal Crutchlow.<\/p>\n","protected":false},"author":0,"featured_media":1010249734,"comment_status":"closed","ping_status":"closed","sticky":false,"template":"","format":"standard","meta":{"42wp_featured_image_caption":"","42wp_featured_image_credits":"","42wp_featured_video":"","42wp_featured_image_hidden":false,"42wp_authors_list":[],"footnotes":""},"categories":[8],"tags":[1394,3341,1506,1340,2058,1381,2191,1391,9621,1764,1389,1528,1309],"42wp_author":[14237],"class_list":["post-12482","post","type-post","status-publish","format-standard","has-post-thumbnail","hentry","category-motogp","tag-aprilia","tag-augusto-fernandez","tag-cal-crutchlow","tag-ducati","tag-enea-bastianini","tag-ktm","tag-massimo-meregalli","tag-maverick-vinales","tag-motogp-2025","tag-mundial-de-motociclismo","tag-remy-gardner","tag-tech3","tag-yamaha","42wp_author-gabriel-garcia"],"_links":{"self":[{"href":"https:\/\/grandepremio.com\/es\/wp-json\/wp\/v2\/posts\/12482","targetHints":{"allow":["GET"]}}],"collection":[{"href":"https:\/\/grandepremio.com\/es\/wp-json\/wp\/v2\/posts"}],"about":[{"href":"https:\/\/grandepremio.com\/es\/wp-json\/wp\/v2\/types\/post"}],"replies":[{"embeddable":true,"href":"https:\/\/grandepremio.com\/es\/wp-json\/wp\/v2\/comments?post=12482"}],"version-history":[{"count":0,"href":"https:\/\/grandepremio.com\/es\/wp-json\/wp\/v2\/posts\/12482\/revisions"}],"wp:featuredmedia":[{"embeddable":true,"href":"https:\/\/grandepremio.com\/es\/wp-json\/wp\/v2\/media\/1010249734"}],"wp:attachment":[{"href":"https:\/\/grandepremio.com\/es\/wp-json\/wp\/v2\/media?parent=12482"}],"wp:term":[{"taxonomy":"category","embeddable":true,"href":"https:\/\/grandepremio.com\/es\/wp-json\/wp\/v2\/categories?post=12482"},{"taxonomy":"post_tag","embeddable":true,"href":"https:\/\/grandepremio.com\/es\/wp-json\/wp\/v2\/tags?post=12482"},{"taxonomy":"42wp_author","embeddable":true,"href":"https:\/\/grandepremio.com\/es\/wp-json\/wp\/v2\/42wp_author?post=12482"}],"curies":[{"name":"wp","href":"https:\/\/api.w.org\/{rel}","templated":true}]}}