{"id":12483,"date":"2024-08-06T10:57:22","date_gmt":"2024-08-06T13:57:22","guid":{"rendered":"https:\/\/grandepremio.com\/es\/2024\/08\/06\/williams-promete-mejorar-fw46-volver-pelear-puntos\/"},"modified":"2024-08-06T11:12:46","modified_gmt":"2024-08-06T14:12:46","slug":"williams-promete-mejorar-fw46-volver-pelear-puntos","status":"publish","type":"post","link":"https:\/\/grandepremio.com\/es\/f1\/williams-promete-mejorar-fw46-volver-pelear-puntos\/","title":{"rendered":"Vowles promete mejoras en el FW46 para &#8220;volver a posiciones de lucha por puntos&#8221;"},"content":{"rendered":"\n<p class=\"wp-block-paragraph\"><strong>Williams<\/strong> ha luchado por los puntos esta temporada en la <strong>F\u00f3rmula 1<\/strong> y actualmente s\u00f3lo tiene cuatro puntos en su haber, lo que sit\u00faa al equipo en la novena y pen\u00faltima posici\u00f3n del <strong>Campeonato del Mundo de Constructores<\/strong>. Sin embargo, el jefe del equipo, <strong>James Vowles<\/strong>, cree que la realidad del equipo podr\u00eda cambiar tras el par\u00f3n con las nuevas actualizaciones del <strong>FW46<\/strong>.<\/p>\n\n\n\n<p class=\"wp-block-paragraph\">Williams est\u00e1 actualmente s\u00f3lo por delante de <strong>Sauber<\/strong>, que a\u00fan no ha sumado puntos en el campeonato, un escenario diferente al del a\u00f1o pasado. En 2023, el equipo termin\u00f3 el a\u00f1o en s\u00e9ptima posici\u00f3n, con 28 puntos y por delante de <strong>AlphaTauri<\/strong>, <strong>Alfa Romeo<\/strong> y <strong>Haas<\/strong>.<\/p>\n\n\n\n<p class=\"wp-block-paragraph\"><strong><em>\u00a1Todas las novedades te esperan en el canal de\u00a0<a href=\"https:\/\/www.youtube.com\/@GrandePremioES\" target=\"_blank\" rel=\"noreferrer noopener\">YouTube<\/a>\u00a0de Grande Pr\u00eamio en Espa\u00f1ol!<\/em><\/strong><\/p>\n\n\n\n<figure class=\"wp-block-image size-full\"><img decoding=\"async\" src=\"https:\/\/grandepremio.com\/es\/wp-content\/uploads\/2024\/04\/1474358442.jpg\" alt=\"\" class=\"wp-image-236159\"\/><figcaption class=\"wp-element-caption\">James Vowles asegura que est\u00e1 trabajando en mejoras para volver a pelear por puntos. (Foto: F1)<\/figcaption><\/figure>\n\n\n\n<p class=\"wp-block-paragraph\">Seg\u00fan Vowles, estos nuevos paquetes de mejoras se introducir\u00e1n lo antes posible y abordar\u00e1n tres \u00e1reas del coche: aerodin\u00e1mica, suspensi\u00f3n y peso.<\/p>\n\n\n\n<p class=\"wp-block-paragraph\">&#8220;Tenemos actualizaciones que est\u00e1n llegando en el receso veraniego, esperemos est\u00e9n que en <strong>Zandvoort <\/strong>y de nuevo en <strong>Bak\u00fa <\/strong>o en la carrera siguiente, que es <strong>Singapur<\/strong>. Lo que puedo decir es que hay cifras que deber\u00edan mostrar que volveremos a estar en posici\u00f3n de luchar por los puntos. Esto se consigue gracias a varias cosas. Se trata de desarrollos de aerodin\u00e1micas. Tambi\u00e9n veremos una actualizaci\u00f3n de la suspensi\u00f3n y una reducci\u00f3n del peso del coche. As\u00ed que son fundamentalmente tres v\u00edas principales&#8221;, analiz\u00f3.<\/p>\n\n\n\n<p class=\"wp-block-paragraph\">&#8220;En el mundo de la F\u00f3rmula 1 estos son grandes pasos, pero lo que quiero decir es que hemos visto a <strong>RB <\/strong>sacar una actualizaci\u00f3n y dar marcha atr\u00e1s, <strong>Mercedes <\/strong>tambi\u00e9n ten\u00eda una evoluci\u00f3n pero la retir\u00f3. Normalmente no vemos eso, los equipos tienen confianza en lo que est\u00e1n haciendo&#8221;, continu\u00f3.<\/p>\n\n\n\n<p class=\"wp-block-paragraph\">Sin embargo, Williams no se centra s\u00f3lo en el corto plazo. El jefe del equipo brit\u00e1nico hizo hincapi\u00e9 en c\u00f3mo se est\u00e1 trabajando en el coche de 2025 para acelerar el desarrollo del monoplaza de 2026, cuando la F\u00f3rmula 1 introducir\u00e1 la nueva normativa.<\/p>\n\n\n\n<figure class=\"wp-block-image size-large\"><img decoding=\"async\" src=\"https:\/\/grandepremio.com\/es\/wp-content\/uploads\/2024\/06\/monaco-2024-f1-treinos-livres-williams-alexander-albon-01-1-1200x800-1-1024x683.jpg\" alt=\"\" class=\"wp-image-244095\"\/><figcaption class=\"wp-element-caption\">Con la llegada de Carlos Sainz en 2025, Williams ya trabaja en el monoplaza de la pr\u00f3xima temporada. (Foto: Williams)<\/figcaption><\/figure>\n\n\n\n<p class=\"wp-block-paragraph\">\u23e9<strong><em>\u00a1Seguinos en redes por\u00a0<a href=\"https:\/\/twitter.com\/grandepremioES\" target=\"_blank\" rel=\"noreferrer noopener\">Twitter\u00a0<\/a>e\u00a0<a href=\"https:\/\/www.instagram.com\/grandepremioes\/\" target=\"_blank\" rel=\"noreferrer noopener\">Instagram!<\/a><\/em><\/strong><br>\u23e9<strong><em>Adem\u00e1s, tenemos nuestro\u00a0<a href=\"https:\/\/whatsapp.com\/channel\/0029VaDZ5zb0gcfDxuwxBM05\" target=\"_blank\" rel=\"noreferrer noopener\">canal de Whatsapp<\/a>\u00a0con toda la informaci\u00f3n al instante<\/em><\/strong><\/p>\n\n\n\n<p class=\"wp-block-paragraph\">Con la <a href=\"https:\/\/grandepremio.com\/es\/f1\/carlos-sainz-acuerdo-williams-formula-1-2025\/\">llegada de <strong>Carlos Sainz<\/strong> para la pr\u00f3xima temporada<\/a>, Williams ya est\u00e1 probando el coche de 2025 en el t\u00fanel de viento y quiere empezar a trabajar en el monoplaza de 2026 lo antes posible.<\/p>\n\n\n\n<p class=\"wp-block-paragraph\">&#8220;Tambi\u00e9n estamos invirtiendo en 2025, as\u00ed que el coche en el t\u00fanel de viento no es el de 2024, es el de 2025 de hace unos meses. La raz\u00f3n por la que estamos haciendo esto no es porque crea en 2025, sino porque quiero tener el coche de 2026 en el t\u00fanel lo antes posible y seguir teniendo una temporada sensata en 2025&#8221;, explic\u00f3.<\/p>\n\n\n\n<p class=\"wp-block-paragraph\">&#8220;Lo que estamos haciendo es que todo est\u00e9 listo lo antes posible en 2026. Con los recursos adicionales, ahora tenemos miembros del equipo centrados en el 24, 25, 26 y un poco en 27 al mismo tiempo tambi\u00e9n. Es un cambio para Williams. Est\u00e1bamos m\u00e1s acostumbrados a trabajar con un a\u00f1o de antelaci\u00f3n o incluso en el a\u00f1o en curso. Y como puedes imaginar, lleva tiempo adaptarse. Nada de lo que he dicho aqu\u00ed es especial. Mercedes lo hace, Red Bull lo hace, pero para Williams es un gran cambio&#8221;, concluy\u00f3.<\/p>\n\n\n\n<p class=\"wp-block-paragraph\">Tras el par\u00f3n veraniego, la <strong>F\u00f3rmula 1<\/strong> regresa entre el 23 y el 25 de agosto para el <strong>Gran Premio de Pa\u00edses Bajos<\/strong> en <strong>Zandvoort<\/strong>.<\/p>\n\n\n\n<figure class=\"wp-block-embed is-type-video is-provider-youtube wp-block-embed-youtube wp-embed-aspect-16-9 wp-has-aspect-ratio\"><div class=\"wp-block-embed__wrapper\">\n<iframe loading=\"lazy\" title=\"RETROSPECTIVA GP - RED BULL PASA DEL BRILLO A LA LUZ DE ALARMA\" width=\"500\" height=\"281\" src=\"https:\/\/www.youtube.com\/embed\/7YA1c-pLEYU?feature=oembed\" frameborder=\"0\" allow=\"accelerometer; autoplay; clipboard-write; encrypted-media; gyroscope; picture-in-picture; web-share\" referrerpolicy=\"strict-origin-when-cross-origin\" allowfullscreen><\/iframe>\n<\/div><\/figure>\n","protected":false},"excerpt":{"rendered":"<p>El jefe de equipo de Williams conf\u00eda en poder regresar a pelear por posiciones puntuables y ascender dentro del Mundial de Constructores y confirma que avanza el desarrollo del monoplaza de 2025.<\/p>\n","protected":false},"author":0,"featured_media":1010249107,"comment_status":"closed","ping_status":"closed","sticky":false,"template":"","format":"standard","meta":{"42wp_featured_image_caption":"","42wp_featured_image_credits":"","42wp_featured_video":"","42wp_featured_image_hidden":false,"42wp_authors_list":[],"footnotes":""},"categories":[5],"tags":[302,2249,179,9872,1799,197,9881,206,204],"42wp_author":[14240],"class_list":["post-12483","post","type-post","status-publish","format-standard","has-post-thumbnail","hentry","category-f1","tag-carlos-sainz","tag-f1-2024","tag-formula-1","tag-fw46","tag-james-vowles","tag-mercedes","tag-rb","tag-red-bull","tag-williams","42wp_author-ignacio-bogado"],"_links":{"self":[{"href":"https:\/\/grandepremio.com\/es\/wp-json\/wp\/v2\/posts\/12483","targetHints":{"allow":["GET"]}}],"collection":[{"href":"https:\/\/grandepremio.com\/es\/wp-json\/wp\/v2\/posts"}],"about":[{"href":"https:\/\/grandepremio.com\/es\/wp-json\/wp\/v2\/types\/post"}],"replies":[{"embeddable":true,"href":"https:\/\/grandepremio.com\/es\/wp-json\/wp\/v2\/comments?post=12483"}],"version-history":[{"count":0,"href":"https:\/\/grandepremio.com\/es\/wp-json\/wp\/v2\/posts\/12483\/revisions"}],"wp:featuredmedia":[{"embeddable":true,"href":"https:\/\/grandepremio.com\/es\/wp-json\/wp\/v2\/media\/1010249107"}],"wp:attachment":[{"href":"https:\/\/grandepremio.com\/es\/wp-json\/wp\/v2\/media?parent=12483"}],"wp:term":[{"taxonomy":"category","embeddable":true,"href":"https:\/\/grandepremio.com\/es\/wp-json\/wp\/v2\/categories?post=12483"},{"taxonomy":"post_tag","embeddable":true,"href":"https:\/\/grandepremio.com\/es\/wp-json\/wp\/v2\/tags?post=12483"},{"taxonomy":"42wp_author","embeddable":true,"href":"https:\/\/grandepremio.com\/es\/wp-json\/wp\/v2\/42wp_author?post=12483"}],"curies":[{"name":"wp","href":"https:\/\/api.w.org\/{rel}","templated":true}]}}