{"id":12498,"date":"2024-08-05T12:57:07","date_gmt":"2024-08-05T15:57:07","guid":{"rendered":"https:\/\/grandepremio.com\/es\/2024\/08\/05\/marquez-destaca-problemas-en-silverstone-motogp-2024\/"},"modified":"2024-08-05T13:20:53","modified_gmt":"2024-08-05T16:20:53","slug":"marquez-destaca-problemas-en-silverstone-motogp-2024","status":"publish","type":"post","link":"https:\/\/grandepremio.com\/es\/motogp\/marquez-destaca-problemas-en-silverstone-motogp-2024\/","title":{"rendered":"M\u00e1rquez destaca problemas en Silverstone y ve el 4\u00ba puesto como &#8220;buen resultado&#8221;"},"content":{"rendered":"\n<p class=\"wp-block-paragraph\">El seis veces campe\u00f3n de <strong>MotoGP<\/strong> no tuvo una actuaci\u00f3n destacable durante el fin de semana en <strong>Silverstone<\/strong>. Siempre lejos de las primeras posiciones, a\u00fan as\u00ed se asegur\u00f3 un cuarto puesto en la carrera principal en Gran Breta\u00f1a, pero vio c\u00f3mo <strong>Enea Bastianini<\/strong> ganaba y se colocaba tercero en la tabla de puntos.<\/p>\n\n\n\n<p class=\"wp-block-paragraph\">Tras la carrera, M\u00e1rquez habl\u00f3 con la cadena brit\u00e1nica <em>TNT Sports<\/em> y trat\u00f3 de buscar razones para su actuaci\u00f3n desapercibida. A pesar de ello, el espa\u00f1ol destac\u00f3 que hab\u00eda conseguido acercarse a <strong>Francesco Bagnaia<\/strong> en las \u00faltimas vueltas y casi arrebatarle el podio en el circuito ingl\u00e9s.<\/p>\n\n\n\n<figure class=\"wp-block-image size-large\"><img decoding=\"async\" src=\"https:\/\/grandepremio.com\/es\/wp-content\/uploads\/2024\/07\/marc-marquez-1-1200x800-1-1024x683.jpeg\" alt=\"\" class=\"wp-image-248297\"\/><figcaption class=\"wp-element-caption\">Marc M\u00e1rquez finaliz\u00f3 4\u00b0 en Silverstone a pesar de los problemas en su moto.<\/figcaption><\/figure>\n\n\n\n<p class=\"wp-block-paragraph\">\u23e9<strong><em>\u00a1Seguinos en redes por\u00a0<a href=\"https:\/\/twitter.com\/grandepremioES\" target=\"_blank\" rel=\"noreferrer noopener\">Twitter\u00a0<\/a>e\u00a0<a href=\"https:\/\/www.instagram.com\/grandepremioes\/\" target=\"_blank\" rel=\"noreferrer noopener\">Instagram!<\/a><\/em><\/strong><br>\u23e9<strong><em>Adem\u00e1s, tenemos nuestro\u00a0<a href=\"https:\/\/whatsapp.com\/channel\/0029VaDZ5zb0gcfDxuwxBM05\" target=\"_blank\" rel=\"noreferrer noopener\">canal de Whatsapp<\/a>\u00a0con toda la informaci\u00f3n al instante<\/em><\/strong><\/p>\n\n\n\n<p class=\"wp-block-paragraph\">&#8220;Sinceramente, hemos trabajado mucho este fin de semana y el equipo hizo un gran trabajo. Empezamos con nuestra base, pero por alguna raz\u00f3n que a\u00fan no entendemos, est\u00e1bamos muy por detr\u00e1s de los dem\u00e1s&#8221;, dijo el piloto de Gresini.<\/p>\n\n\n\n<p class=\"wp-block-paragraph\">&#8220;Paso a paso, me he sentido mejor y ellos [el equipo] me han dado lo que necesitaba, lo han entendido perfectamente. En la carrera, nos acercamos a los l\u00edderes en las diez primeras vueltas. Cuando los neum\u00e1ticos perdieron rendimiento, [Enea] Bastianini y [Jorge] <strong>Mart\u00edn<\/strong> en particular siguieron siendo r\u00e1pidos, pero Pecco [Bagnaia] no estaba muy lejos&#8221;, prosigui\u00f3.<\/p>\n\n\n\n<figure class=\"wp-block-image size-full\"><img decoding=\"async\" src=\"https:\/\/grandepremio.com\/es\/wp-content\/uploads\/2024\/04\/SI202403090370_hires_jpeg_24bit_rgb-1-1024x683-1.jpg\" alt=\"\" class=\"wp-image-238376\"\/><figcaption class=\"wp-element-caption\">El espa\u00f1ol reconoci\u00f3 le trabajo del equipo para llegar al domingo de la mejor manera. (Foto: Red Bull Content Pool)<\/figcaption><\/figure>\n\n\n\n<p class=\"wp-block-paragraph\"><strong><em>\u00a1Todas las novedades te esperan en el canal de\u00a0<a href=\"https:\/\/www.youtube.com\/@GrandePremioES\" target=\"_blank\" rel=\"noreferrer noopener\">YouTube<\/a>\u00a0de Grande Pr\u00eamio en Espa\u00f1ol!<\/em><\/strong><\/p>\n\n\n\n<p class=\"wp-block-paragraph\">&#8220;Estoy contento con el cuarto puesto. Tuvimos un peque\u00f1o problema con la aceleraci\u00f3n, algo iba mal, pero ya nos hemos dado cuenta de lo que pasaba. Me costaba acelerar y llegaba al l\u00edmite en las frenadas. A pesar de ello, ha sido un buen resultado&#8221;, concluy\u00f3 el espa\u00f1ol.<\/p>\n\n\n\n<p class=\"wp-block-paragraph\"><strong>MotoGP<\/strong> vuelve a tener actividad entre el 16 y el 18 de agosto con el <strong>GP de Austria<\/strong> en el <strong>Red Bull Ring<\/strong>, und\u00e9cima prueba de la <strong>temporada 2024<\/strong>.<\/p>\n","protected":false},"excerpt":{"rendered":"<p>Marc M\u00e1rquez acus\u00f3 inconvenientes en la Ducati del equipo Gresini a pesar del avance que lo dej\u00f3 a un paso del podio en el Gran Premio de Gran Breta\u00f1a del pasado fin de semana.<\/p>\n","protected":false},"author":0,"featured_media":1010247338,"comment_status":"closed","ping_status":"closed","sticky":false,"template":"","format":"standard","meta":{"42wp_featured_image_caption":"","42wp_featured_image_credits":"","42wp_featured_video":"","42wp_featured_image_hidden":false,"42wp_authors_list":[],"footnotes":""},"categories":[8],"tags":[485,2055,1308,1293,2254,480],"42wp_author":[14240],"class_list":["post-12498","post","type-post","status-publish","format-standard","has-post-thumbnail","hentry","category-motogp","tag-gp-gran-bretana","tag-gresini","tag-marc-marquez","tag-motogp","tag-motogp-2024","tag-silverstone","42wp_author-ignacio-bogado"],"_links":{"self":[{"href":"https:\/\/grandepremio.com\/es\/wp-json\/wp\/v2\/posts\/12498","targetHints":{"allow":["GET"]}}],"collection":[{"href":"https:\/\/grandepremio.com\/es\/wp-json\/wp\/v2\/posts"}],"about":[{"href":"https:\/\/grandepremio.com\/es\/wp-json\/wp\/v2\/types\/post"}],"replies":[{"embeddable":true,"href":"https:\/\/grandepremio.com\/es\/wp-json\/wp\/v2\/comments?post=12498"}],"version-history":[{"count":0,"href":"https:\/\/grandepremio.com\/es\/wp-json\/wp\/v2\/posts\/12498\/revisions"}],"wp:featuredmedia":[{"embeddable":true,"href":"https:\/\/grandepremio.com\/es\/wp-json\/wp\/v2\/media\/1010247338"}],"wp:attachment":[{"href":"https:\/\/grandepremio.com\/es\/wp-json\/wp\/v2\/media?parent=12498"}],"wp:term":[{"taxonomy":"category","embeddable":true,"href":"https:\/\/grandepremio.com\/es\/wp-json\/wp\/v2\/categories?post=12498"},{"taxonomy":"post_tag","embeddable":true,"href":"https:\/\/grandepremio.com\/es\/wp-json\/wp\/v2\/tags?post=12498"},{"taxonomy":"42wp_author","embeddable":true,"href":"https:\/\/grandepremio.com\/es\/wp-json\/wp\/v2\/42wp_author?post=12498"}],"curies":[{"name":"wp","href":"https:\/\/api.w.org\/{rel}","templated":true}]}}