{"id":12507,"date":"2024-08-04T16:42:49","date_gmt":"2024-08-04T19:42:49","guid":{"rendered":"https:\/\/grandepremio.com\/es\/2024\/08\/04\/daniel-ricciardo-rb-equipo-junior-formula-1\/"},"modified":"2024-08-04T16:42:55","modified_gmt":"2024-08-04T19:42:55","slug":"daniel-ricciardo-rb-equipo-junior-formula-1","status":"publish","type":"post","link":"https:\/\/grandepremio.com\/es\/f1\/daniel-ricciardo-rb-equipo-junior-formula-1\/","title":{"rendered":"Ricciardo considera que RB ya no es un equipo  junior en F1: &#8220;No me sentir\u00eda c\u00f3modo aqu\u00ed&#8221;"},"content":{"rendered":"\n<p class=\"wp-block-paragraph\">Veterano de la <strong>F\u00f3rmula 1, Daniel Ricciardo<\/strong> tiene una larga historia con<strong> RB.<\/strong> Aunque regres\u00f3 al equipo en 2023, cuando todav\u00eda se denominaba <strong>AlphaTauri<\/strong>, el australiano de 35 a\u00f1os form\u00f3 parte del segundo equipo de <strong>Red Bull <\/strong>en <strong>2012<\/strong>, <strong>Toro Rosso<\/strong> en ese entonces, antes de ascender a la escuder\u00eda austr\u00edaca. Pero ahora la situaci\u00f3n es diferente. Para el #3, RB ya no es s\u00f3lo un trampol\u00edn para las promesas de<strong> Milton Keynes.<\/strong><\/p>\n\n\n\n<p class=\"wp-block-paragraph\">&#8220;S\u00ed, parece diferente. Es f\u00e1cil cambiar la marca y tener una nueva est\u00e9tica, pero estas acciones deben continuar. Laurent [Mekies], Peter [Bayer], Alan [Permane], muchos de los que llegaron lo hicieron. Eso no quiere decir que lo que se hizo antes con Franz no fuera lo correcto, pero el cambio a veces es bueno, con nuevas ideas&#8221;, coment\u00f3 el piloto.<\/p>\n\n\n\n<p class=\"wp-block-paragraph\">&#8220;Todos han estado en otros equipos. As\u00ed que es una nueva forma de ver las cosas. Creo que eso en s\u00ed mismo ha hecho que las cosas cambien y que la gente diga: &#8216;Bueno, esto ya no es un equipo junior&#8217;. Es bonito verlo&#8221;, a\u00f1adi\u00f3 Ricciardo.<\/p>\n\n\n\n<p class=\"wp-block-paragraph\">El puesto del australiano en el equipo ha estado amenazado en los \u00faltimos meses, pero reaccion\u00f3 en las \u00faltimas carreras <a href=\"https:\/\/grandepremio.com\/es\/f1\/daniel-ricciardo-continuidad-visa-cashapp-rb-temporada-2024-f1\/\">y recibi\u00f3 el apoyo de Christian Horner y Helmut Marko hasta el final de la temporada.<\/a><\/p>\n\n\n\n<p class=\"wp-block-paragraph\"><strong><em>\u00a1Todas las novedades te esperan en el canal de\u00a0<a href=\"https:\/\/www.youtube.com\/@GrandePremioES\" target=\"_blank\" rel=\"noreferrer noopener\">YouTube<\/a>\u00a0de Grande Pr\u00eamio en Espa\u00f1ol!<\/em><\/strong><\/p>\n\n\n\n<figure class=\"wp-block-image size-large\"><img decoding=\"async\" src=\"https:\/\/grandepremio.com\/cdn-cgi\/image\/width=893,height=558,fit=contain,gravity=0.5x0.5,quality=75,format=webp\/es\/wp-content\/uploads\/2024\/08\/SI202407280647_hires_jpeg_24bit_rgb-1024x648.jpg\" alt=\"\" class=\"wp-image-249569\"\/><figcaption class=\"wp-element-caption\">Daniel Ricciardo fue ratificado en RB durante el receso de mitad de temporada. (Foto: Getty Images \/ Red Bull Content Pool)<\/figcaption><\/figure>\n\n\n\n<p class=\"wp-block-paragraph\"><strong><em>\u00a1Seguinos en redes por\u00a0<a href=\"https:\/\/twitter.com\/grandepremioES\" target=\"_blank\" rel=\"noreferrer noopener\">Twitter\u00a0<\/a>e\u00a0<a href=\"https:\/\/www.instagram.com\/grandepremioes\/\" target=\"_blank\" rel=\"noreferrer noopener\">Instagram!<\/a><\/em><\/strong><br><strong><em>Adem\u00e1s, tenemos nuestro\u00a0<a href=\"https:\/\/whatsapp.com\/channel\/0029VaDZ5zb0gcfDxuwxBM05\" target=\"_blank\" rel=\"noreferrer noopener\">canal de Whatsapp<\/a>\u00a0con toda la informaci\u00f3n al instante<\/em><\/strong><\/p>\n\n\n\n<p class=\"wp-block-paragraph\">Aunque el equipo de Faenza sigue estando controlado por Red Bull, Daniel dijo que si el perfil de RB siguiera siendo el de un equipo formativo, se sentir\u00eda inc\u00f3modo en su puesto.<\/p>\n\n\n\n<p class=\"wp-block-paragraph\">&#8220;Soy sincero conmigo mismo. Si siguiera siendo un equipo junior, no me sentir\u00eda c\u00f3modo aqu\u00ed. Ya tengo 35 a\u00f1os. As\u00ed que creo que me sentir\u00eda un poco fuera de lugar, pero no es as\u00ed. Creo que tambi\u00e9n es una buena manera de entender la situaci\u00f3n&#8221;, concluy\u00f3.<\/p>\n\n\n\n<p class=\"wp-block-paragraph\"><strong>La F\u00f3rmula 1 se encuentra de vacaciones y retornar\u00e1 los d\u00edas 23-25 de agosto en Zandvoort para el Gran Premio de Pa\u00edses Bajos.<\/strong><\/p>\n\n\n\n<figure class=\"wp-block-embed is-type-video is-provider-youtube wp-block-embed-youtube wp-embed-aspect-16-9 wp-has-aspect-ratio\"><div class=\"wp-block-embed__wrapper\">\n<iframe loading=\"lazy\" title=\"RETROSPECTIVA GP - RED BULL PASA DEL BRILLO A LA LUZ DE ALARMA\" width=\"500\" height=\"281\" src=\"https:\/\/www.youtube.com\/embed\/7YA1c-pLEYU?feature=oembed\" frameborder=\"0\" allow=\"accelerometer; autoplay; clipboard-write; encrypted-media; gyroscope; picture-in-picture; web-share\" referrerpolicy=\"strict-origin-when-cross-origin\" allowfullscreen><\/iframe>\n<\/div><\/figure>\n","protected":false},"excerpt":{"rendered":"<p>Daniel Ricciardo consider\u00f3 que RB ya no es un equipo para pilotos juveniles de Red Bull, ya que si fuera as\u00ed, estar\u00eda inc\u00f3modo en su puesto.<\/p>\n","protected":false},"author":0,"featured_media":1010249572,"comment_status":"closed","ping_status":"closed","sticky":false,"template":"","format":"standard","meta":{"42wp_featured_image_caption":"","42wp_featured_image_credits":"","42wp_featured_video":"","42wp_featured_image_hidden":false,"42wp_authors_list":[],"footnotes":""},"categories":[5],"tags":[365,181,2249,179,2259,9881],"42wp_author":[14223],"class_list":["post-12507","post","type-post","status-publish","format-standard","has-post-thumbnail","hentry","category-f1","tag-daniel-ricciardo","tag-f1","tag-f1-2024","tag-formula-1","tag-formula-1-2024","tag-rb","42wp_author-esteban-nieto"],"_links":{"self":[{"href":"https:\/\/grandepremio.com\/es\/wp-json\/wp\/v2\/posts\/12507","targetHints":{"allow":["GET"]}}],"collection":[{"href":"https:\/\/grandepremio.com\/es\/wp-json\/wp\/v2\/posts"}],"about":[{"href":"https:\/\/grandepremio.com\/es\/wp-json\/wp\/v2\/types\/post"}],"replies":[{"embeddable":true,"href":"https:\/\/grandepremio.com\/es\/wp-json\/wp\/v2\/comments?post=12507"}],"version-history":[{"count":0,"href":"https:\/\/grandepremio.com\/es\/wp-json\/wp\/v2\/posts\/12507\/revisions"}],"wp:featuredmedia":[{"embeddable":true,"href":"https:\/\/grandepremio.com\/es\/wp-json\/wp\/v2\/media\/1010249572"}],"wp:attachment":[{"href":"https:\/\/grandepremio.com\/es\/wp-json\/wp\/v2\/media?parent=12507"}],"wp:term":[{"taxonomy":"category","embeddable":true,"href":"https:\/\/grandepremio.com\/es\/wp-json\/wp\/v2\/categories?post=12507"},{"taxonomy":"post_tag","embeddable":true,"href":"https:\/\/grandepremio.com\/es\/wp-json\/wp\/v2\/tags?post=12507"},{"taxonomy":"42wp_author","embeddable":true,"href":"https:\/\/grandepremio.com\/es\/wp-json\/wp\/v2\/42wp_author?post=12507"}],"curies":[{"name":"wp","href":"https:\/\/api.w.org\/{rel}","templated":true}]}}