{"id":12536,"date":"2024-08-01T15:10:33","date_gmt":"2024-08-01T18:10:33","guid":{"rendered":"https:\/\/grandepremio.com\/es\/2024\/08\/01\/alpine-admite-fracaso-no-merece-producir-motores-f1\/"},"modified":"2024-08-01T15:10:40","modified_gmt":"2024-08-01T18:10:40","slug":"alpine-admite-fracaso-no-merece-producir-motores-f1","status":"publish","type":"post","link":"https:\/\/grandepremio.com\/es\/f1\/alpine-admite-fracaso-no-merece-producir-motores-f1\/","title":{"rendered":"Alpine admite su fracaso y dice que &#8220;no merece la pena&#8221; producir motores en F1: &#8220;Alto costo&#8221;"},"content":{"rendered":"\n<p class=\"wp-block-paragraph\">La crisis interna en un equipo que supo ser ganador y dominador en la <strong>F\u00f3rmula 1<\/strong>, como <strong>Alpine<\/strong>, antes conocido como <strong>Renault<\/strong>, ha llevado al fabricante franc\u00e9s a dejar de producir sus propios motores, y comenzar a depender de otras marcas, como puede llegar a ser <strong>Mercedes<\/strong>.<\/p>\n\n\n\n<p class=\"wp-block-paragraph\"><strong>Bruno Famin<\/strong>, ahora ex jefe de equipo, y actual vicepresidente de automovilismo, reconoci\u00f3 abiertamente el fracaso de Renault como proveedor de motores en la F1. Desde 2021, cuando <strong>McLaren<\/strong> volvi\u00f3 a asociarse con Mercedes, ning\u00fan otro equipo ha utilizado el motor de la marca francesa.<\/p>\n\n\n\n<p class=\"wp-block-paragraph\">Para el directivo, se trata de un asunto econ\u00f3mico: <strong>&#8220;El hecho es que este modelo de negocio, si se puede decir as\u00ed, es un poco extra\u00f1o. El sistema de premios definido en el Pacto de la Concordia s\u00f3lo beneficia a los equipos. Al mismo tiempo, las reglas financieras y deportivas de la FIA [Federaci\u00f3n Internacional de Automovilismo] obligan al fabricante de motores a comercializar las unidades y a un precio preestablecido&#8221;.<\/strong><\/p>\n\n\n\n<p class=\"wp-block-paragraph\">\ud83d\udfe5&nbsp;<strong><em>\u00a1Todas las novedades te esperan en el canal de&nbsp;<\/em><\/strong><a href=\"https:\/\/www.youtube.com\/@GrandePremioES\" target=\"_blank\" rel=\"noreferrer noopener\"><em>YouTube<\/em><\/a><strong><em>&nbsp;de Grande Pr\u00eamio en Espa\u00f1ol!<\/em><\/strong>&nbsp;\ud83d\udfe8<\/p>\n\n\n\n<p class=\"wp-block-paragraph\"><strong>&#8220;Cuando analizas el costo de desarrollar la unidad de potencia en comparaci\u00f3n con la compra de un motor, hay una diferencia enorme. No vale la pena, especialmente con todo el dinero del premio que va al equipo. No hablamos de rendimiento, sino de costes. Son 120 millones de euros por un lado y 17 millones de euros por el otro. Ese es el c\u00e1lculo anual<\/strong>&#8220;, a\u00f1adi\u00f3 Famin.<\/p>\n\n\n\n<figure class=\"wp-block-image size-full\"><img decoding=\"async\" src=\"https:\/\/grandepremio.com\/es\/wp-content\/uploads\/2024\/08\/Bruno-Famin-1024x538-1.jpg\" alt=\"\" class=\"wp-image-249360\"\/><figcaption class=\"wp-element-caption\">Bruno Famin ya no es el jefe de Alpine en la F1 (Foto: Reproducci\u00f3n)<\/figcaption><\/figure>\n\n\n\n<p class=\"wp-block-paragraph\">Sobre el motor, Famin se explay\u00f3 y dijo que eran mucho m\u00e1s lentos que sus rivales en t\u00e9rminos de potencia: <strong>&#8220;Nuestro motor actual tiene un d\u00e9ficit, unos 15 kW menos que los dem\u00e1s, que son las cifras que da la FIA. Renault cometi\u00f3 un error [en el desarrollo]. S\u00f3lo la unidad de potencia nos deja 0s2 de retraso de media, que var\u00eda seg\u00fan la pista. Si nos fijamos en todo el coche, somos m\u00e1s de 1s, 1s5 m\u00e1s lentos&#8221;.<\/strong><\/p>\n\n\n\n<p class=\"wp-block-paragraph\">M\u00e1s all\u00e1 de los problemas con el impulsor, Famin no ocult\u00f3 que hay otras razones que hacen al flaco rendimiento del monoplaza: <strong>&#8220;No podemos escondernos detr\u00e1s del motor. El coche tiene diferentes problemas. Falta de tracci\u00f3n, d\u00e9ficit de carga aerodin\u00e1mica, demasiada resistencia, falta de potencia&#8230; tenemos que mejorarlo todo. No podemos hacer mucho con la unidad de potencia, que est\u00e1 congelada por reglamento. Tenemos que reducir peso, entender un poco m\u00e1s el coche para hacer algunas actualizaciones o adaptar la puesta a punto&#8221;.<\/strong><\/p>\n\n\n\n<p class=\"wp-block-paragraph\">Hay que recordar que, ya desde el a\u00f1o pasado, en Alpine se relev\u00f3 a toda la c\u00fapula directiva, al ex jefe de equipo, <strong>Otmar Szafnauer<\/strong> y al director t\u00e9cnico, <strong>Pat Fry<\/strong>. Tras menos de un a\u00f1o de gesti\u00f3n, Famin dejar\u00e1 la direcci\u00f3n general en manos de <strong>Oliver Oakes<\/strong>, que se fue de <strong>Hitech<\/strong>, la escuder\u00eda de la F2.<\/p>\n\n\n\n<p class=\"wp-block-paragraph\">Actualmente, Alpine est\u00e1 octavo en el Mundial de Constructores, con 11 puntos, solo delante de Williams y de Sauber. <strong>Pierre Gasly <\/strong>sum\u00f3 seis puntos y <strong>Esteban Ocon<\/strong>, los otros cinco. RB y Haas lideran la zona baja de la tabla con 34 y 27 puntos, respectivamente.<\/p>\n\n\n\n<p class=\"wp-block-paragraph\">\u23e9&nbsp;<em><strong>\u00a1Seguinos en redes por&nbsp;<\/strong><\/em><a href=\"https:\/\/twitter.com\/grandepremioES\" target=\"_blank\" rel=\"noreferrer noopener\"><em>Twitter&nbsp;<\/em><\/a><em><strong>e&nbsp;<\/strong><\/em><a href=\"https:\/\/www.instagram.com\/grandepremioes\/\" target=\"_blank\" rel=\"noreferrer noopener\"><em>Instagram!<\/em><\/a><br><strong>\u23e9<\/strong>&nbsp;<em><strong>Adem\u00e1s, tenemos nuestro&nbsp;<\/strong><\/em><a href=\"https:\/\/whatsapp.com\/channel\/0029VaDZ5zb0gcfDxuwxBM05\" target=\"_blank\" rel=\"noreferrer noopener\"><em>canal de Whatsapp<\/em><\/a><em><strong>&nbsp;con toda la informaci\u00f3n al instante<\/strong><\/em>&nbsp;\ud83c\udfc1<\/p>\n\n\n\n<p class=\"wp-block-paragraph\">La F\u00f3rmula 1 se toma ahora su tradicional descanso veraniego en Europa y regresar\u00e1 del 23 al 25 de agosto en Zandvoort para el Gran Premio de Holanda.<\/p>\n\n\n\n<figure class=\"wp-block-embed is-type-video is-provider-youtube wp-block-embed-youtube wp-embed-aspect-16-9 wp-has-aspect-ratio\"><div class=\"wp-block-embed__wrapper\">\n<iframe loading=\"lazy\" title=\"\u00bfCANAPINO SE JUEGA SU \u00daLTIMA CHANCE EN LA INDYCAR?\" width=\"500\" height=\"281\" src=\"https:\/\/www.youtube.com\/embed\/eKWFFvW4-3A?feature=oembed\" frameborder=\"0\" allow=\"accelerometer; autoplay; clipboard-write; encrypted-media; gyroscope; picture-in-picture; web-share\" referrerpolicy=\"strict-origin-when-cross-origin\" allowfullscreen><\/iframe>\n<\/div><\/figure>\n","protected":false},"excerpt":{"rendered":"<p>Bruno Famin, que asumir\u00e1 el cargo de vicepresidente de motorsport en Alpine, se\u00f1al\u00f3 que es m\u00e1s ventajoso comprar un motor para la F\u00f3rmula 1 que producirlo, en medio de los rumores de negociaciones con Mercedes para la provisi\u00f3n de impulsores desde 2026.<\/p>\n","protected":false},"author":0,"featured_media":1010249355,"comment_status":"closed","ping_status":"closed","sticky":false,"template":"","format":"standard","meta":{"42wp_featured_image_caption":"","42wp_featured_image_credits":"","42wp_featured_video":"","42wp_featured_image_hidden":false,"42wp_authors_list":[],"footnotes":""},"categories":[5],"tags":[678,2233,362,181,179,284,269,197,10593,1562,2183,427,210],"42wp_author":[14237],"class_list":["post-12536","post","type-post","status-publish","format-standard","has-post-thumbnail","hentry","category-f1","tag-alpine","tag-bruno-famin","tag-esteban-ocon","tag-f1","tag-formula-1","tag-hitech","tag-mclaren","tag-mercedes","tag-oliver-oakes","tag-otmar-szafnauer","tag-pat-fry","tag-pierre-gasly","tag-renault","42wp_author-gabriel-garcia"],"_links":{"self":[{"href":"https:\/\/grandepremio.com\/es\/wp-json\/wp\/v2\/posts\/12536","targetHints":{"allow":["GET"]}}],"collection":[{"href":"https:\/\/grandepremio.com\/es\/wp-json\/wp\/v2\/posts"}],"about":[{"href":"https:\/\/grandepremio.com\/es\/wp-json\/wp\/v2\/types\/post"}],"replies":[{"embeddable":true,"href":"https:\/\/grandepremio.com\/es\/wp-json\/wp\/v2\/comments?post=12536"}],"version-history":[{"count":0,"href":"https:\/\/grandepremio.com\/es\/wp-json\/wp\/v2\/posts\/12536\/revisions"}],"wp:featuredmedia":[{"embeddable":true,"href":"https:\/\/grandepremio.com\/es\/wp-json\/wp\/v2\/media\/1010249355"}],"wp:attachment":[{"href":"https:\/\/grandepremio.com\/es\/wp-json\/wp\/v2\/media?parent=12536"}],"wp:term":[{"taxonomy":"category","embeddable":true,"href":"https:\/\/grandepremio.com\/es\/wp-json\/wp\/v2\/categories?post=12536"},{"taxonomy":"post_tag","embeddable":true,"href":"https:\/\/grandepremio.com\/es\/wp-json\/wp\/v2\/tags?post=12536"},{"taxonomy":"42wp_author","embeddable":true,"href":"https:\/\/grandepremio.com\/es\/wp-json\/wp\/v2\/42wp_author?post=12536"}],"curies":[{"name":"wp","href":"https:\/\/api.w.org\/{rel}","templated":true}]}}