{"id":12549,"date":"2024-08-01T09:34:34","date_gmt":"2024-08-01T12:34:34","guid":{"rendered":"https:\/\/grandepremio.com\/es\/2024\/08\/01\/yamaha-renovacion-alex-rins-continuidad-motogp-2024\/"},"modified":"2024-08-01T09:36:59","modified_gmt":"2024-08-01T12:36:59","slug":"yamaha-renovacion-alex-rins-continuidad-motogp-2024","status":"publish","type":"post","link":"https:\/\/grandepremio.com\/es\/motogp\/yamaha-renovacion-alex-rins-continuidad-motogp-2024\/","title":{"rendered":"Yamaha cumple expectativas, renueva con Rins por dos temporadas y cierra el d\u00fao de MotoGP"},"content":{"rendered":"\n<p class=\"wp-block-paragraph\"><strong>Yamaha <\/strong>ya tiene una alineaci\u00f3n completa de pilotos para las dos pr\u00f3ximas temporadas de <strong>MotoGP<\/strong>. La escuder\u00eda de Iwata anunci\u00f3 este jueves la renovaci\u00f3n del contrato de <strong>\u00c1lex Rins<\/strong> por dos a\u00f1os m\u00e1s, lo que garantiza la permanencia del espa\u00f1ol junto a <strong>Fabio Quartararo<\/strong> las temporadas 2025 y 2026.<\/p>\n\n\n\n<p class=\"wp-block-paragraph\">\ud83d\udfe5&nbsp;<strong><em>\u00a1Todas las novedades te esperan en el canal de&nbsp;<\/em><\/strong><a href=\"https:\/\/www.youtube.com\/@GrandePremioES\" target=\"_blank\" rel=\"noreferrer noopener\"><em>YouTube<\/em><\/a><strong><em>&nbsp;de Grande Pr\u00eamio en Espa\u00f1ol!<\/em><\/strong>&nbsp;\ud83d\udfe8<\/p>\n\n\n\n<p class=\"wp-block-paragraph\">La renovaci\u00f3n de Rins no es ninguna sorpresa, pues la direcci\u00f3n del equipo ya hab\u00eda admitido a la prensa su inter\u00e9s en renovar al #42 m\u00e1s all\u00e1 de su temporada de debut sobre la <strong>YZR-M1.<\/strong><\/p>\n\n\n\n<p class=\"wp-block-paragraph\">Adem\u00e1s del curr\u00edculum ganador de <strong>Rins<\/strong>, con 18 victorias en el Campeonato del Mundo de Motociclismo, seis de ellas en <strong>MotoGP<\/strong>, el equipo de los tres diapasones cit\u00f3 una &#8220;excelente \u00e9tica de trabajo y atenci\u00f3n al detalle&#8221; como razones para renovar al piloto de 28 a\u00f1os. Seg\u00fan el equipo, &#8220;la vasta experiencia de Rins demostr\u00f3 ser extremadamente valiosa en 2024 y mantenerle como parte del proyecto era un elemento crucial en el plan plurianual de <strong>Yamaha <\/strong>en el que el desarrollo de la moto tiene la m\u00e1xima prioridad.&#8221;<\/p>\n\n\n\n<p class=\"wp-block-paragraph\">El director de Yamaha,<strong> Lin Jarvis<\/strong>, elogi\u00f3 a Rins y dijo que, junto con <strong>Quartararo<\/strong>, el espa\u00f1ol tiene un importante papel que desempe\u00f1ar en el desarrollo de la <strong>YZR-M1.<\/strong><\/p>\n\n\n\n<p class=\"wp-block-paragraph\">\u23e9&nbsp;<em><strong>\u00a1Seguinos en redes por&nbsp;<\/strong><\/em><a href=\"https:\/\/twitter.com\/grandepremioES\" target=\"_blank\" rel=\"noreferrer noopener\"><em>Twitter&nbsp;<\/em><\/a><em><strong>e&nbsp;<\/strong><\/em><a href=\"https:\/\/www.instagram.com\/grandepremioes\/\" target=\"_blank\" rel=\"noreferrer noopener\"><em>Instagram!<\/em><\/a><br><strong>\u23e9<\/strong>&nbsp;<em><strong>Adem\u00e1s, tenemos nuestro&nbsp;<\/strong><\/em><a href=\"https:\/\/whatsapp.com\/channel\/0029VaDZ5zb0gcfDxuwxBM05\" target=\"_blank\" rel=\"noreferrer noopener\"><em>canal de Whatsapp<\/em><\/a><em><strong>&nbsp;con toda la informaci\u00f3n al instante<\/strong><\/em>&nbsp;\ud83c\udfc1<\/p>\n\n\n\n<figure class=\"wp-block-image size-large\"><img decoding=\"async\" src=\"https:\/\/grandepremio.com\/es\/wp-content\/uploads\/2024\/08\/MotoGP-2024-Gra-Bretanha-Silverstone-Alex-Rins-Lin-Jarvis2-1200x800-1-1024x683.jpeg\" alt=\"\" class=\"wp-image-249253\"\/><figcaption class=\"wp-element-caption\">\u00c1lex Rins seguir\u00e1 en MotoGP hasta la temporada 2026 (Foto: Yamaha)<\/figcaption><\/figure>\n\n\n\n<p class=\"wp-block-paragraph\">&#8220;Estamos muy contentos de anunciar que \u00c1lex Rins continuar\u00e1 como piloto oficial de Yamaha durante dos a\u00f1os m\u00e1s&#8221;, dijo Jarvis. &#8220;Hemos dejado muy claro que tenemos el deseo y la intenci\u00f3n de volver a lo m\u00e1s alto en el <strong>MotoGP<\/strong>. Para lograr este objetivo, ya contratamos nuevo personal y mejoramos nuestras instalaciones, nos comprometimos a ampliar nuestra presencia en 2025 con un segundo equipo de f\u00e1brica independiente y ahora es el momento de asegurarnos de que tenemos los pilotos que queremos para lograr nuestros objetivos&#8221;, continu\u00f3.<\/p>\n\n\n\n<p class=\"wp-block-paragraph\">&#8220;Firmar a <strong>\u00c1lex<\/strong> por otros dos a\u00f1os es una parte importante de nuestro plan para el proyecto de <strong>MotoGP<\/strong>&#8220;, se\u00f1al\u00f3 Jarvis. &#8220;\u00c1lex no es s\u00f3lo un piloto con mucho talento y muy r\u00e1pido, sino que tambi\u00e9n tiene experiencia t\u00e9cnica, es muy trabajador y un verdadero jugador de equipo. La colaboraci\u00f3n entre \u00c1lex y Fabio da a <strong>Yamaha <\/strong>la confianza de que juntos pueden fortalecer el proyecto de desarrollo de la moto&#8221;, subray\u00f3.<\/p>\n\n\n\n<p class=\"wp-block-paragraph\">&#8220;Ahora que la alineaci\u00f3n de pilotos de <strong>Yamaha <\/strong>est\u00e1 cerrada para 2025-26, tenemos muchas ganas de afrontar las pr\u00f3ximas 11 carreras de la temporada 2024 con \u00c1lex y Fabio, completamente centrados en la tarea que tenemos entre manos&#8221;, a\u00f1adi\u00f3.<\/p>\n\n\n\n<p class=\"wp-block-paragraph\">Rins celebr\u00f3 el nuevo contrato, agradeci\u00f3 a <strong>Yamaha <\/strong>su confianza y destac\u00f3 el compromiso de la marca para devolver la competitividad a la M1.<\/p>\n\n\n\n<p class=\"wp-block-paragraph\">&#8220;Estoy muy contento de seguir trabajando con Yamaha dos a\u00f1os m\u00e1s y quiero agradecer al equipo y a la direcci\u00f3n de Iwata la confianza depositada en m\u00ed&#8221;, dijo Rins. &#8220;Tenemos un objetivo claro, que es poner a Yamaha donde le corresponde, que es en la lucha por el campeonato. Desde el primer momento he visto la voluntad de Yamaha de mejorar y c\u00f3mo est\u00e1n poniendo todos sus recursos para conseguir este objetivo. Como resultado, y gracias a nuestro trabajo, esta temporada hemos dado pasos importantes en esta direcci\u00f3n, y queremos seguir por este camino en los pr\u00f3ximos a\u00f1os&#8221;, subray\u00f3.<\/p>\n\n\n\n<p class=\"wp-block-paragraph\">&#8220;Estoy muy contento de seguir aportando mi experiencia en <strong>MotoGP <\/strong>y mi \u00e9tica de trabajo a un equipo que ha demostrado trabajar muy duro junto y que seguir\u00e1 haci\u00e9ndolo&#8221;, concluy\u00f3.<\/p>\n\n\n\n<p class=\"wp-block-paragraph\">Tras las vacaciones,&nbsp;<strong>MotoGP&nbsp;<\/strong>vuelve a la acci\u00f3n este fin de semana con el&nbsp;<strong>GP de Gran Breta\u00f1a<\/strong>&nbsp;en&nbsp;<strong>Silverstone<\/strong>, d\u00e9cima prueba de la temporada 2024. GRANDE PR\u00caMIO tiene la cobertura completa del evento.<\/p>\n\n\n\n<figure class=\"wp-block-embed is-type-video is-provider-youtube wp-block-embed-youtube wp-embed-aspect-16-9 wp-has-aspect-ratio\"><div class=\"wp-block-embed__wrapper\">\n<iframe loading=\"lazy\" title=\"\u00bfCANAPINO SE JUEGA SU \u00daLTIMA CHANCE EN LA INDYCAR?\" width=\"500\" height=\"281\" src=\"https:\/\/www.youtube.com\/embed\/eKWFFvW4-3A?feature=oembed\" frameborder=\"0\" allow=\"accelerometer; autoplay; clipboard-write; encrypted-media; gyroscope; picture-in-picture; web-share\" referrerpolicy=\"strict-origin-when-cross-origin\" allowfullscreen><\/iframe>\n<\/div><\/figure>\n","protected":false},"excerpt":{"rendered":"<p>Como ya se hab\u00eda anunciado, Yamaha confirm\u00f3 este jueves la renovaci\u00f3n del contrato de \u00c1lex Rins. El espa\u00f1ol formar\u00e1 equipo con Fabio Quartararo, que recibi\u00f3 una extensi\u00f3n de contrato a principios de temporada<\/p>\n","protected":false},"author":0,"featured_media":1010249254,"comment_status":"closed","ping_status":"closed","sticky":false,"template":"","format":"standard","meta":{"42wp_featured_image_caption":"","42wp_featured_image_credits":"","42wp_featured_video":"","42wp_featured_image_hidden":false,"42wp_authors_list":[],"footnotes":""},"categories":[8],"tags":[1395,1306,1488,1293,2254,9685,1309],"42wp_author":[14239],"class_list":["post-12549","post","type-post","status-publish","format-standard","has-post-thumbnail","hentry","category-motogp","tag-alex-rins","tag-fabio-quartararo","tag-grande-premio","tag-motogp","tag-motogp-2024","tag-temporada-2024-motogp","tag-yamaha","42wp_author-jp-otrosky"],"_links":{"self":[{"href":"https:\/\/grandepremio.com\/es\/wp-json\/wp\/v2\/posts\/12549","targetHints":{"allow":["GET"]}}],"collection":[{"href":"https:\/\/grandepremio.com\/es\/wp-json\/wp\/v2\/posts"}],"about":[{"href":"https:\/\/grandepremio.com\/es\/wp-json\/wp\/v2\/types\/post"}],"replies":[{"embeddable":true,"href":"https:\/\/grandepremio.com\/es\/wp-json\/wp\/v2\/comments?post=12549"}],"version-history":[{"count":0,"href":"https:\/\/grandepremio.com\/es\/wp-json\/wp\/v2\/posts\/12549\/revisions"}],"wp:featuredmedia":[{"embeddable":true,"href":"https:\/\/grandepremio.com\/es\/wp-json\/wp\/v2\/media\/1010249254"}],"wp:attachment":[{"href":"https:\/\/grandepremio.com\/es\/wp-json\/wp\/v2\/media?parent=12549"}],"wp:term":[{"taxonomy":"category","embeddable":true,"href":"https:\/\/grandepremio.com\/es\/wp-json\/wp\/v2\/categories?post=12549"},{"taxonomy":"post_tag","embeddable":true,"href":"https:\/\/grandepremio.com\/es\/wp-json\/wp\/v2\/tags?post=12549"},{"taxonomy":"42wp_author","embeddable":true,"href":"https:\/\/grandepremio.com\/es\/wp-json\/wp\/v2\/42wp_author?post=12549"}],"curies":[{"name":"wp","href":"https:\/\/api.w.org\/{rel}","templated":true}]}}