{"id":12552,"date":"2024-07-31T17:34:45","date_gmt":"2024-07-31T20:34:45","guid":{"rendered":"https:\/\/grandepremio.com\/es\/2024\/07\/31\/wrc-anuncia-su-calendario-2025-se-incorporan-las-islas-canarias-paraguay-y-arabia-saudita\/"},"modified":"2024-07-31T17:34:51","modified_gmt":"2024-07-31T20:34:51","slug":"wrc-anuncia-su-calendario-2025-se-incorporan-las-islas-canarias-paraguay-y-arabia-saudita","status":"publish","type":"post","link":"https:\/\/grandepremio.com\/es\/rally\/wrc-anuncia-su-calendario-2025-se-incorporan-las-islas-canarias-paraguay-y-arabia-saudita\/","title":{"rendered":"WRC anuncia su calendario 2025: Se incorporan  las Islas Canarias, Paraguay y Arabia Saudita"},"content":{"rendered":"\n<figure class=\"wp-block-embed is-type-video is-provider-youtube wp-block-embed-youtube wp-embed-aspect-16-9 wp-has-aspect-ratio\"><div class=\"wp-block-embed__wrapper\">\n<iframe loading=\"lazy\" title=\"\u00bfCANAPINO SE JUEGA SU \u00daLTIMA CHANCE EN LA INDYCAR?\" width=\"500\" height=\"281\" src=\"https:\/\/www.youtube.com\/embed\/eKWFFvW4-3A?feature=oembed\" frameborder=\"0\" allow=\"accelerometer; autoplay; clipboard-write; encrypted-media; gyroscope; picture-in-picture; web-share\" referrerpolicy=\"strict-origin-when-cross-origin\" allowfullscreen><\/iframe>\n<\/div><\/figure>\n\n\n\n<p class=\"wp-block-paragraph\">Este mi\u00e9rcoles, el <strong>WRC <\/strong>public\u00f3 el calendario para la<strong> temporada 2025 <\/strong>con importantes cambios: se eliminan las etapas en <strong>Croacia<\/strong>, <strong>Letonia<\/strong> y <strong>Polonia <\/strong>para dar lugar a <strong>Estonia<\/strong>, <strong>Espa\u00f1a<\/strong>, <strong>Arabia Saudita<\/strong> y <strong>Paraguay<\/strong>, siendo estas \u00faltimas tres novedades en la categor\u00eda.<\/p>\n\n\n\n<p class=\"wp-block-paragraph\"><strong>\u23e9\u00a0<em>\u00a1Seguinos en redes por\u00a0<\/em><a href=\"https:\/\/twitter.com\/grandepremioES\" target=\"_blank\" rel=\"noreferrer noopener\"><em>Twitter\u00a0<\/em><\/a><em>e\u00a0<\/em><a href=\"https:\/\/www.instagram.com\/grandepremioes\/\" target=\"_blank\" rel=\"noreferrer noopener\"><em>Instagram!<\/em><\/a><br>\u23e9\u00a0<em>Adem\u00e1s, tenemos nuestro\u00a0<\/em><a href=\"https:\/\/whatsapp.com\/channel\/0029VaDZ5zb0gcfDxuwxBM05\" target=\"_blank\" rel=\"noreferrer noopener\"><em>canal de Whatsapp<\/em><\/a><em>\u00a0con toda la informaci\u00f3n al instante<\/em>\u00a0\ud83c\udfc1<\/strong><\/p>\n\n\n\n<p class=\"wp-block-paragraph\">La apertura de la temporada ser\u00e1 en <strong>M\u00f3naco<\/strong>, con el<strong> Rally de<\/strong> <strong>Monte Carlo<\/strong>, prueba realizada en terreno mixto, programado para el fin de semana del 26 de enero. Las siguientes etapas tendr\u00e1n lugar en la nieve de <strong>Suecia<\/strong>, el 16 de febrero, y en <strong>Kenia<\/strong>, el 23 de marzo, siguiendo el mismo orden que este a\u00f1o.<\/p>\n\n\n\n<p class=\"wp-block-paragraph\">La primera novedad del calendario ocurre en la cuarta ronda, con el <strong>Rally de las Islas Canarias<\/strong>, archipi\u00e9lago espa\u00f1ol, el fin de semana del 27 de abril. El<strong> Rally de Portugal<\/strong>, por su parte, ya es una plaza conocida y vuelve a figurar como quinta etapa del certamen, el 18 de mayo.<\/p>\n\n\n\n<figure class=\"wp-block-image size-large\"><img decoding=\"async\" src=\"https:\/\/grandepremio.com\/cdn-cgi\/image\/width=893,height=558,fit=contain,gravity=0.5x0.5,quality=75,format=webp\/es\/wp-content\/uploads\/2024\/07\/image-224-1024x683.png\" alt=\"\" class=\"wp-image-249237\"\/><figcaption class=\"wp-element-caption\">Ott T\u00e4nak\u00a0en el Rally de Polonia (Foto: WRC)<\/figcaption><\/figure>\n\n\n\n<p class=\"wp-block-paragraph\">El <strong>Rally de Italia-Cerde\u00f1a <\/strong>sigue a continuaci\u00f3n, el 8 de junio. Mientras que la carrera en <strong>Grecia <\/strong>constituye el tramo final de la temporada 2024, en 2025, esta etapa se ha adelantado para ocurrir a finales de junio, el d\u00eda 29. L<strong>as siguientes dos paradas son en Estonia, que regresa al calendario del WRC, el 20 de julio, y en Finlandia, el 3 de agosto.<\/strong><\/p>\n\n\n\n<p class=\"wp-block-paragraph\"><strong>\ud83d\udfe5&nbsp;<em>\u00a1Todas las novedades te esperan en el canal de&nbsp;<\/em><a href=\"https:\/\/www.youtube.com\/@GrandePremioES\" target=\"_blank\" rel=\"noreferrer noopener\"><em>YouTube<\/em><\/a><em>&nbsp;de Grande Pr\u00eamio en Espa\u00f1ol!<\/em>&nbsp;\ud83d\udfe8<\/strong><\/p>\n\n\n\n<p class=\"wp-block-paragraph\">Los pilotos luego abandonan <strong>Europa <\/strong>y viajan a <strong>Sudam\u00e9rica<\/strong>, donde enfrentan la segunda novedad de la competencia, el <strong>Rally de Paraguay<\/strong>, el 31 de agosto. Pocos d\u00edas despu\u00e9s se llevar\u00e1 a cabo el ya conocido <strong>Rally de Chile<\/strong>, cerrando la parte sudamericana, el 14 de septiembre.<\/p>\n\n\n\n<p class=\"wp-block-paragraph\">La recta final de la temporada estar\u00e1 compuesta por<strong> Europa Central <\/strong>(19 de octubre), <strong>Jap\u00f3n <\/strong>(9 de noviembre) y <strong>Arabia Saudita<\/strong> (30 de noviembre), la tercera y \u00faltima novedad del calendario.<\/p>\n","protected":false},"excerpt":{"rendered":"<p>El calendario 2025 del WRC consta 14 etapas y cuenta con el regreso del Rally de Estonia, pero deja sin lugar a Polonia, Croacia y Lituania<\/p>\n","protected":false},"author":0,"featured_media":1010249236,"comment_status":"closed","ping_status":"closed","sticky":false,"template":"","format":"standard","meta":{"42wp_featured_image_caption":"","42wp_featured_image_credits":"","42wp_featured_video":"","42wp_featured_image_hidden":false,"42wp_authors_list":[],"footnotes":""},"categories":[9],"tags":[9244,2575,3471,452,10355,6635,1226,9895],"42wp_author":[14235],"class_list":["post-12552","post","type-post","status-publish","format-standard","has-post-thumbnail","hentry","category-rally","tag-calendario-wrc","tag-campeonato-mundial-de-rally","tag-mundial-de-rally","tag-rally","tag-rally-2025","tag-rally-mundial","tag-wrc","tag-wrc-2025","42wp_author-barbara-mincioni"],"_links":{"self":[{"href":"https:\/\/grandepremio.com\/es\/wp-json\/wp\/v2\/posts\/12552","targetHints":{"allow":["GET"]}}],"collection":[{"href":"https:\/\/grandepremio.com\/es\/wp-json\/wp\/v2\/posts"}],"about":[{"href":"https:\/\/grandepremio.com\/es\/wp-json\/wp\/v2\/types\/post"}],"replies":[{"embeddable":true,"href":"https:\/\/grandepremio.com\/es\/wp-json\/wp\/v2\/comments?post=12552"}],"version-history":[{"count":0,"href":"https:\/\/grandepremio.com\/es\/wp-json\/wp\/v2\/posts\/12552\/revisions"}],"wp:featuredmedia":[{"embeddable":true,"href":"https:\/\/grandepremio.com\/es\/wp-json\/wp\/v2\/media\/1010249236"}],"wp:attachment":[{"href":"https:\/\/grandepremio.com\/es\/wp-json\/wp\/v2\/media?parent=12552"}],"wp:term":[{"taxonomy":"category","embeddable":true,"href":"https:\/\/grandepremio.com\/es\/wp-json\/wp\/v2\/categories?post=12552"},{"taxonomy":"post_tag","embeddable":true,"href":"https:\/\/grandepremio.com\/es\/wp-json\/wp\/v2\/tags?post=12552"},{"taxonomy":"42wp_author","embeddable":true,"href":"https:\/\/grandepremio.com\/es\/wp-json\/wp\/v2\/42wp_author?post=12552"}],"curies":[{"name":"wp","href":"https:\/\/api.w.org\/{rel}","templated":true}]}}