{"id":1256,"date":"2026-05-14T12:39:00","date_gmt":"2026-05-14T15:39:00","guid":{"rendered":"https:\/\/grandepremio.com\/es\/2026\/05\/14\/hulkenberg-ataca-criticos-f1-2026-audi\/"},"modified":"2026-05-14T12:39:05","modified_gmt":"2026-05-14T15:39:05","slug":"hulkenberg-ataca-criticos-f1-2026-audi","status":"publish","type":"post","link":"https:\/\/grandepremio.com\/es\/f1\/hulkenberg-ataca-criticos-f1-2026-audi\/","title":{"rendered":"H\u00fclkenberg ataca a cr\u00edticos de F1 2026: &#8220;Si no te gusta, no necesitas verla&#8221;"},"content":{"rendered":"\n<p class=\"wp-block-paragraph\"><strong>Nico H\u00fclkenberg<\/strong> respondi\u00f3 a las cr\u00edticas dirigidas al reglamento t\u00e9cnico de la <strong>F\u00f3rmula 1<\/strong> de <strong>2026<\/strong>. El piloto de <strong>Audi<\/strong> admiti\u00f3 que tambi\u00e9n le gustan los aspectos cl\u00e1sicos, como el sonido de los motores <strong>V10<\/strong> y <strong>V12<\/strong>, pero defendi\u00f3 la necesidad de que la categor\u00eda se mantenga al d\u00eda con la evoluci\u00f3n tecnol\u00f3gica de la industria automotriz. Adem\u00e1s, envi\u00f3 un mensaje directo a los cr\u00edticos de las carreras.<\/p>\n\n\n\n<p class=\"wp-block-paragraph\">La <strong>temporada 2026<\/strong> comenz\u00f3 rodeada de debates sobre el nuevo reglamento, especialmente debido a la mayor dependencia del sistema el\u00e9ctrico y la gesti\u00f3n de la bater\u00eda. Tras las quejas de los pilotos en las primeras carreras, la <strong>Federaci\u00f3n Internacional del Autom\u00f3vil (FIA)<\/strong> introdujo ajustes en el <strong>GP de Miami<\/strong> para reducir los problemas relacionados con el consumo de energ\u00eda y las diferencias de velocidad en las rectas.<\/p>\n\n\n\n<p class=\"wp-block-paragraph\">\ud83d\udfe5&nbsp;<strong><em>\u00a1Todas las novedades te esperan en el canal de&nbsp;<\/em><\/strong><a href=\"https:\/\/www.youtube.com\/@GrandePremioES\"><em>YouTube<\/em><\/a><strong><em>&nbsp;de Grande Pr\u00eamio en Espa\u00f1ol!<\/em><\/strong>&nbsp;\ud83d\udfe8<\/p>\n\n\n\n<figure class=\"wp-block-embed is-type-rich is-provider-gestor-del-servicio wp-block-embed-gestor-del-servicio wp-embed-aspect-16-9 wp-has-aspect-ratio\"><div class=\"wp-block-embed__wrapper\">\nhttps:\/\/youtube.com\/watch?v=F-C6Km_8elw%3Fversion%3D3%26rel%3D1%26showsearch%3D0%26showinfo%3D1%26iv_load_policy%3D1%26fs%3D1%26hl%3Des-ES%26autohide%3D2%26wmode%3Dtransparent\n<\/div><\/figure>\n\n\n\n<p class=\"wp-block-paragraph\">Aun as\u00ed, el futuro del reglamento sigue generando debates en el paddock, especialmente en medio de las conversaciones sobre un <a href=\"https:\/\/grandepremio.com\/es\/f1\/mohammed-ben-sulayem-presidente-fia-regreso-motores-v8-f1-2030\/\">posible regreso de los motores <strong>V8<\/strong><\/a><strong> <\/strong>ya en <strong>2030<\/strong> o <strong>2031<\/strong>. El alem\u00e1n, sin embargo, cree que la F1 debe mirar hacia el futuro en lugar de intentar reproducir el pasado y defendi\u00f3 el espect\u00e1culo que brindaron las primeras carreras de la temporada.<\/p>\n\n\n\n<p class=\"wp-block-paragraph\">&#8220;Para ser honesto, siempre ha sido as\u00ed en la F1, \u00bfno? Se trata de liderar en tecnolog\u00eda y hay que estar al d\u00eda. Si miramos la industria automotriz de hace cinco o diez a\u00f1os, es muy diferente ahora. Todo ha cambiado&#8221;, declar\u00f3 a <em>The Drive<\/em>.<\/p>\n\n\n\n<p class=\"wp-block-paragraph\">&#8220;Viendo las carreras que hemos tenido hasta ahora en 2026, creo que han sido divertidas. Fueron buenas carreras para ver, con mucha acci\u00f3n en la pista. Y, sinceramente, si no te gusta, no tienes por qu\u00e9 verlas&#8221;, dispar\u00f3.<\/p>\n\n\n\n<p class=\"wp-block-paragraph\">A pesar de admitir que tambi\u00e9n aprecia los antiguos motores atmosf\u00e9ricos, H\u00fclkenberg cuestion\u00f3 si un regreso a los V8 ser\u00eda realmente compatible con la realidad actual. El alem\u00e1n tambi\u00e9n record\u00f3 que la sostenibilidad ha sido un tema central en la industria automotriz en los \u00faltimos a\u00f1os y cree que esto ha influido directamente en el rumbo que ha tomado la categor\u00eda.<\/p>\n\n\n\n<figure class=\"wp-block-image size-large\"><img decoding=\"async\" src=\"https:\/\/grandepremio.com\/es\/wp-content\/uploads\/2026\/03\/A265809_3_11zon-1024x683.webp\" alt=\"\" class=\"wp-image-396585\"\/><figcaption class=\"wp-element-caption\">Nico H\u00fclkenberg defendi\u00f3 la motorizaci\u00f3n de la F1 2026. (Foto: Audi)<\/figcaption><\/figure>\n\n\n\n<p class=\"wp-block-paragraph\">\u23e9&nbsp;<strong><em>\u00a1Seguinos en redes por&nbsp;<\/em><\/strong><a href=\"https:\/\/twitter.com\/grandepremioES\"><em>Twitter&nbsp;<\/em><\/a><strong><em>e&nbsp;<\/em><\/strong><a href=\"https:\/\/www.instagram.com\/grandepremioes\/\"><em>Instagram!<\/em><\/a><br>\u23e9&nbsp;<strong><em>Adem\u00e1s, tenemos nuestro&nbsp;<\/em><\/strong><a href=\"https:\/\/whatsapp.com\/channel\/0029VaDZ5zb0gcfDxuwxBM05\"><em>canal de Whatsapp<\/em><\/a><strong><em>&nbsp;con toda la informaci\u00f3n al instante<\/em><\/strong>&nbsp;\ud83c\udfc1<\/p>\n\n\n\n<p class=\"wp-block-paragraph\">&#8220;La F1 est\u00e1 en constante evoluci\u00f3n. Obviamente, hay puristas que adoran la vieja escuela y el sonido de los V10 y V12 atmosf\u00e9ricos, entre los que me incluyo. Pero la realidad es que las cosas ya no funcionan as\u00ed. Hace unos a\u00f1os, la sostenibilidad era un tema crucial, hoy quiz\u00e1s un poco menos. Pero siento que la F1 y los responsables de las reglas se han visto obligados a tomar esta direcci\u00f3n para adaptarse a los tiempos&#8221;, explic\u00f3.<\/p>\n\n\n\n<p class=\"wp-block-paragraph\">&#8220;Si se quiere seguir siendo relevante y mantener un modelo de negocio y entretenimiento leg\u00edtimo, es necesario seguir este camino&#8221;, concluy\u00f3.<\/p>\n\n\n\n<p class=\"wp-block-paragraph\">La&nbsp;<strong>F\u00f3rmula 1<\/strong>&nbsp;vuelve a la acci\u00f3n entre el 22 y 24 de mayo para disputar el&nbsp;<strong>GP de Canad\u00e1,<\/strong>&nbsp;quinta fecha de la&nbsp;<strong>temporada 2026<\/strong>.<\/p>\n","protected":false},"excerpt":{"rendered":"<p>Nico H\u00fclkenberg afirm\u00f3 que la F\u00f3rmula 1 necesita mantenerse al d\u00eda con la evoluci\u00f3n tecnol\u00f3gica de la industria automotriz y dijo que la categor\u00eda seguir\u00e1 ofreciendo carreras divertidas en 2026.<\/p>\n","protected":false},"author":0,"featured_media":1010392119,"comment_status":"closed","ping_status":"closed","sticky":false,"template":"","format":"standard","meta":{"42wp_featured_image_caption":"","42wp_featured_image_credits":"","42wp_featured_video":"","42wp_featured_image_hidden":false,"42wp_authors_list":[],"footnotes":""},"categories":[5],"tags":[612,1680,263,179,12604,8588,7930],"42wp_author":[14240],"class_list":["post-1256","post","type-post","status-publish","format-standard","has-post-thumbnail","hentry","category-f1","tag-audi","tag-f1-2026","tag-fia","tag-formula-1","tag-motores-v8","tag-nico-hlkenberg","tag-reglamento-2026","42wp_author-ignacio-bogado"],"_links":{"self":[{"href":"https:\/\/grandepremio.com\/es\/wp-json\/wp\/v2\/posts\/1256","targetHints":{"allow":["GET"]}}],"collection":[{"href":"https:\/\/grandepremio.com\/es\/wp-json\/wp\/v2\/posts"}],"about":[{"href":"https:\/\/grandepremio.com\/es\/wp-json\/wp\/v2\/types\/post"}],"replies":[{"embeddable":true,"href":"https:\/\/grandepremio.com\/es\/wp-json\/wp\/v2\/comments?post=1256"}],"version-history":[{"count":0,"href":"https:\/\/grandepremio.com\/es\/wp-json\/wp\/v2\/posts\/1256\/revisions"}],"wp:featuredmedia":[{"embeddable":true,"href":"https:\/\/grandepremio.com\/es\/wp-json\/wp\/v2\/media\/1010392119"}],"wp:attachment":[{"href":"https:\/\/grandepremio.com\/es\/wp-json\/wp\/v2\/media?parent=1256"}],"wp:term":[{"taxonomy":"category","embeddable":true,"href":"https:\/\/grandepremio.com\/es\/wp-json\/wp\/v2\/categories?post=1256"},{"taxonomy":"post_tag","embeddable":true,"href":"https:\/\/grandepremio.com\/es\/wp-json\/wp\/v2\/tags?post=1256"},{"taxonomy":"42wp_author","embeddable":true,"href":"https:\/\/grandepremio.com\/es\/wp-json\/wp\/v2\/42wp_author?post=1256"}],"curies":[{"name":"wp","href":"https:\/\/api.w.org\/{rel}","templated":true}]}}