{"id":12565,"date":"2024-07-30T16:30:26","date_gmt":"2024-07-30T19:30:26","guid":{"rendered":"https:\/\/grandepremio.com\/es\/2024\/07\/30\/mclaren-pilotos-efecto-dominio-indy-2024\/"},"modified":"2024-07-30T16:30:32","modified_gmt":"2024-07-30T19:30:32","slug":"mclaren-pilotos-efecto-dominio-indy-2024","status":"publish","type":"post","link":"https:\/\/grandepremio.com\/es\/indy\/mclaren-pilotos-efecto-dominio-indy-2024\/","title":{"rendered":"McLaren culpa a Palou por mala fama con pilotos en la Indy: &#8220;Efecto domin\u00f3&#8221;"},"content":{"rendered":"\n<p class=\"wp-block-paragraph\">El director ejecutivo de <strong>McLaren, Zak Brown<\/strong>, se defendi\u00f3 de los cuestionamientos a la hora de gestionar su alineaci\u00f3n de pilotos en la <strong>Indy<\/strong>, y cit\u00f3 a un posible culpable: <strong>\u00c1lex Palou.<\/strong> El bicampe\u00f3n de la categor\u00eda hab\u00eda firmado con la escuder\u00eda naranja, pero dio marcha atr\u00e1s en su decisi\u00f3n y se uni\u00f3 a <strong>Ganassi,<\/strong> lo que cambi\u00f3 los planes del equipo para el auto #6.<\/p>\n\n\n\n<p class=\"wp-block-paragraph\">Sin Palou, McLaren emprendi\u00f3 acciones legales contra el espa\u00f1ol y eligi\u00f3 a <strong>David Malukas<\/strong> como su sustituto. Pero el estadounidense ni siquiera lleg\u00f3 a debutar tras sufrir una lesi\u00f3n en la mu\u00f1eca y fue sustituido por <strong>Th\u00e9o Pourchaire<\/strong>, vigente campe\u00f3n de<strong> F\u00f3rmula 2.<\/strong> Sin embargo, el franc\u00e9s fue finalmente relevado para dar paso al novato <strong>Nolan Siegel.<\/strong><\/p>\n\n\n\n<p class=\"wp-block-paragraph\">\u00abHa sido decepcionante y lo entiendo. Forma parte de estar en un equipo de alto nivel. Creo que se nos ha etiquetado injustamente por la situaci\u00f3n de los pilotos, y hay algunos que se meten en la conversaci\u00f3n. S\u00e9 que a todo el mundo le gusta meter p\u00faa, a m\u00ed me gustar\u00eda meter p\u00faa. Pero si vas a hacerlo, tienes que ser capaz de retractarte\u00bb, declar\u00f3 Brown en una entrevista concedida a la p\u00e1gina web de la revista brit\u00e1nica Autosport.<\/p>\n\n\n\n<p class=\"wp-block-paragraph\"><strong><em>\u00a1Todas las novedades te esperan en el canal de\u00a0<a href=\"https:\/\/www.youtube.com\/@GrandePremioES\" target=\"_blank\" rel=\"noreferrer noopener\">YouTube<\/a>\u00a0de Grande Pr\u00eamio en Espa\u00f1ol!<\/em><\/strong><\/p>\n\n\n\n<figure class=\"wp-block-image size-large\"><img decoding=\"async\" src=\"https:\/\/grandepremio.com\/es\/wp-content\/uploads\/2024\/07\/Zak-Brown-Photo-Credit_-Chris-Owens_Large-Image-Without-Watermark_m73198-scaled-1-1024x683.jpg\" alt=\"\" class=\"wp-image-247129\"\/><figcaption class=\"wp-element-caption\">Zak Brown record\u00f3 el v\u00ednculo fallido entre McLaren y Alex Palou. (Foto: IndyCar)<\/figcaption><\/figure>\n\n\n\n<p class=\"wp-block-paragraph\"><strong><em>\u00a1Seguinos en redes por&nbsp;<\/em><\/strong><strong><em><a target=\"_blank\" href=\"https:\/\/twitter.com\/grandepremioES\" rel=\"noreferrer noopener\">Twitter&nbsp;<\/a><\/em><\/strong><strong><em>e&nbsp;<\/em><\/strong><strong><em><a target=\"_blank\" href=\"https:\/\/www.instagram.com\/grandepremioes\/\" rel=\"noreferrer noopener\">Instagram!<\/a><\/em><\/strong><br><strong><em>Adem\u00e1s, tenemos nuestro&nbsp;<\/em><\/strong><strong><em><a target=\"_blank\" href=\"https:\/\/whatsapp.com\/channel\/0029VaDZ5zb0gcfDxuwxBM05\" rel=\"noreferrer noopener\">canal de Whatsapp<\/a><\/em><\/strong><strong><em>&nbsp;con toda la informaci\u00f3n al instante<\/em><\/strong><\/p>\n\n\n\n<p class=\"wp-block-paragraph\">En su defensa, Brown habl\u00f3 de c\u00f3mo ha mantenido a<strong> Pato O&#8217;Ward<\/strong> en el coche #5 desde que el mexicano fue contratado en 2020, y de c\u00f3mo no ha roto el v\u00ednculo de dos temporadas con <strong>Alexander Rossi<\/strong>, que se ir\u00e1 al final de su contrato para dejar paso al piloto dan\u00e9s <strong>Christian Lundgaard<\/strong> en 2025.<\/p>\n\n\n\n<p class=\"wp-block-paragraph\">\u00abTrajimos a Pato [O&#8217;Ward] a la categor\u00eda y lo mantuvimos. \u00bfAlex Palou? Ten\u00edamos el contrato, hicimos nuestra parte. Eso cre\u00f3 un efecto domin\u00f3. \u00c1lex [Rossi] cumpli\u00f3 todo su contrato, le dimos una oportunidad a Nolan, trajimos de vuelta a Th\u00e9o. As\u00ed que esta situaci\u00f3n de Palou desgraciadamente nos ha etiquetado como dif\u00edciles, que somos duros con los pilotos, cuando en realidad nuestra relaci\u00f3n con ellos es una de nuestras mayores ventajas\u00bb, concluy\u00f3.<\/p>\n\n\n\n<p class=\"wp-block-paragraph\"><strong>La pr\u00f3xima carrera de Indy ser\u00e1 el 17 de agosto, en el \u00f3valo de Gateway, en Illinois. Ser\u00e1 la 13\u00aa de las 17 pruebas de la temporada.<\/strong><\/p>\n","protected":false},"excerpt":{"rendered":"<p>Seg\u00fan Zak Brown, CEO de McLaren, la quiebra del contrato con Alex Palou desencaden\u00f3 un &#8220;efecto domin\u00f3&#8221; que gener\u00f3 una inestabilidad en la alineaci\u00f3n del equipo en Indy.<\/p>\n","protected":false},"author":0,"featured_media":1010249171,"comment_status":"closed","ping_status":"closed","sticky":false,"template":"","format":"standard","meta":{"42wp_featured_image_caption":"","42wp_featured_image_credits":"","42wp_featured_video":"","42wp_featured_image_hidden":false,"42wp_authors_list":[],"footnotes":""},"categories":[7],"tags":[925,2295],"42wp_author":[14223],"class_list":["post-12565","post","type-post","status-publish","format-standard","has-post-thumbnail","hentry","category-indy","tag-indy","tag-indy-2024","42wp_author-esteban-nieto"],"_links":{"self":[{"href":"https:\/\/grandepremio.com\/es\/wp-json\/wp\/v2\/posts\/12565","targetHints":{"allow":["GET"]}}],"collection":[{"href":"https:\/\/grandepremio.com\/es\/wp-json\/wp\/v2\/posts"}],"about":[{"href":"https:\/\/grandepremio.com\/es\/wp-json\/wp\/v2\/types\/post"}],"replies":[{"embeddable":true,"href":"https:\/\/grandepremio.com\/es\/wp-json\/wp\/v2\/comments?post=12565"}],"version-history":[{"count":0,"href":"https:\/\/grandepremio.com\/es\/wp-json\/wp\/v2\/posts\/12565\/revisions"}],"wp:featuredmedia":[{"embeddable":true,"href":"https:\/\/grandepremio.com\/es\/wp-json\/wp\/v2\/media\/1010249171"}],"wp:attachment":[{"href":"https:\/\/grandepremio.com\/es\/wp-json\/wp\/v2\/media?parent=12565"}],"wp:term":[{"taxonomy":"category","embeddable":true,"href":"https:\/\/grandepremio.com\/es\/wp-json\/wp\/v2\/categories?post=12565"},{"taxonomy":"post_tag","embeddable":true,"href":"https:\/\/grandepremio.com\/es\/wp-json\/wp\/v2\/tags?post=12565"},{"taxonomy":"42wp_author","embeddable":true,"href":"https:\/\/grandepremio.com\/es\/wp-json\/wp\/v2\/42wp_author?post=12565"}],"curies":[{"name":"wp","href":"https:\/\/api.w.org\/{rel}","templated":true}]}}