{"id":12569,"date":"2024-07-30T11:08:38","date_gmt":"2024-07-30T14:08:38","guid":{"rendered":"https:\/\/grandepremio.com\/es\/2024\/07\/30\/daniel-ricciardo-continuidad-visa-cashapp-rb-temporada-2024-f1\/"},"modified":"2024-07-30T11:08:44","modified_gmt":"2024-07-30T14:08:44","slug":"daniel-ricciardo-continuidad-visa-cashapp-rb-temporada-2024-f1","status":"publish","type":"post","link":"https:\/\/grandepremio.com\/es\/f1\/daniel-ricciardo-continuidad-visa-cashapp-rb-temporada-2024-f1\/","title":{"rendered":"Red Bull da un nuevo voto de confianza y mantiene a Ricciardo en RB"},"content":{"rendered":"\n<p class=\"wp-block-paragraph\"><strong>Red Bull<\/strong> ha decidido dar un nuevo voto de confianza a <strong>Daniel Ricciardo<\/strong> y continuar\u00e1 en <strong>RB<\/strong> tras el receso estival de la <strong>F\u00f3rmula 1<\/strong>. El piloto, muy cuestionado durante toda la primera mitad de la temporada, reaccion\u00f3 en las \u00faltimas carreras y permanecer\u00e1 en la parrilla, junto al japon\u00e9s <strong>Yuki Tsunoda,<\/strong> al menos hasta finales de 2024. En el <strong>Gran Premio de B\u00e9lgica<\/strong> del pasado domingo, el australiano finaliz\u00f3 en d\u00e9cima posici\u00f3n y sum\u00f3 otro punto para el equipo de Faenza. Ricciardo se encuentra decimotercero en el Mundial de Pilotos con 12 puntos, 10 menos que Tsunoda, decimosegundo.<\/p>\n\n\n\n<p class=\"wp-block-paragraph\">\ud83d\udfe5&nbsp;<strong><em>\u00a1Todas las novedades te esperan en el canal de&nbsp;<\/em><\/strong><a href=\"https:\/\/www.youtube.com\/@GrandePremioES\" target=\"_blank\" rel=\"noreferrer noopener\"><em>YouTube<\/em><\/a><strong><em>&nbsp;de Grande Pr\u00eamio en Espa\u00f1ol!<\/em><\/strong>&nbsp;\ud83d\udfe8<\/p>\n\n\n\n<p class=\"wp-block-paragraph\">Seg\u00fan la revista brit\u00e1nica Autosport, el jefe de <strong>Red Bull, Christian Horner<\/strong>, y el asesor de la escuder\u00eda austriaca, <strong>Helmut Marko<\/strong>, se reunieron en la f\u00e1brica del equipo en Milton Keynes y, adem\u00e1s de decidir mantener a <strong>Sergio P\u00e9rez<\/strong>, tambi\u00e9n tomaron la decisi\u00f3n de continuar con el australiano al volante del <strong>VCARB 01<\/strong>.<\/p>\n\n\n\n<p class=\"wp-block-paragraph\">Al igual que los jefes de <strong>Red Bull, Peter Bayer,<\/strong> director de <strong>RB<\/strong>, tambi\u00e9n se mostr\u00f3 a favor de mantener el #3. Lleva tiempo insistiendo en que, aunque Ricciardo tuvo algunas dificultades a principios de a\u00f1o, era importante que el equipo trabajara duro para que se sintiera m\u00e1s c\u00f3modo en el coche.<\/p>\n\n\n\n<p class=\"wp-block-paragraph\">\u23e9\u00a0<em><strong>\u00a1Seguinos en redes por\u00a0<\/strong><\/em><a href=\"https:\/\/twitter.com\/grandepremioES\" target=\"_blank\" rel=\"noreferrer noopener\"><em><strong>Twitter<\/strong>\u00a0<\/em><\/a><em><strong>e\u00a0<\/strong><\/em><a href=\"https:\/\/www.instagram.com\/grandepremioes\/\" target=\"_blank\" rel=\"noreferrer noopener\"><em><strong>Instagram!<\/strong><\/em><\/a><br><strong>\u23e9<\/strong>\u00a0<em><strong>Adem\u00e1s, tenemos nuestro\u00a0<\/strong><\/em><a href=\"https:\/\/whatsapp.com\/channel\/0029VaDZ5zb0gcfDxuwxBM05\" target=\"_blank\" rel=\"noreferrer noopener\"><strong><em>canal de Whatsapp<\/em><\/strong><\/a><em><strong>\u00a0con toda la informaci\u00f3n al instante<\/strong><\/em>\u00a0\ud83c\udfc1<\/p>\n\n\n\n<figure class=\"wp-block-image size-full\"><img decoding=\"async\" src=\"https:\/\/grandepremio.com\/es\/wp-content\/uploads\/2024\/07\/ricciardo.jpg\" alt=\"\" class=\"wp-image-248202\"\/><figcaption class=\"wp-element-caption\">RB destaca la experiencia y aporte de Daniel Ricciardo para la escuder\u00eda (Foto: Red Bull Content Pool)<\/figcaption><\/figure>\n\n\n\n<p class=\"wp-block-paragraph\">&#8220;Si echamos la vista atr\u00e1s al a\u00f1o pasado, cuando se uni\u00f3 al equipo, aport\u00f3 una energ\u00eda y un esp\u00edritu totalmente nuevos al equipo y ha sido de gran ayuda a la hora de apoyar a <strong>Yuki<\/strong>, quien declar\u00f3 recientemente que sigue aprendiendo de <strong>Daniel<\/strong>. Es parte de nuestro trabajo, tambi\u00e9n como misi\u00f3n accionarial, desarrollar pilotos. Y eso es lo que estamos haciendo en estos momentos&#8221;, declar\u00f3 Bayer recientemente a Autosport.<\/p>\n\n\n\n<p class=\"wp-block-paragraph\">Antes de las carreras en <strong>Hungaroring<\/strong> y <strong>Spa-Francorchamps, Ricciardo<\/strong> dijo que ve\u00eda las dos carreras como esenciales si quer\u00eda seguir compitiendo en la <strong>F\u00f3rmula 1.<\/strong><\/p>\n\n\n\n<p class=\"wp-block-paragraph\">&#8220;No me dijeron nada, pero me dije a m\u00ed mismo: &#8216;Hazlo, ve r\u00e1pido&#8221;, dijo el piloto. &#8220;Tienes dos carreras para darlo todo, y eso sinceramente, ni siquiera con la idea de subir de categor\u00eda. S\u00f3lo intento asegurarme algo para el a\u00f1o que viene&#8221;, a\u00f1adi\u00f3.<\/p>\n\n\n\n<p class=\"wp-block-paragraph\">La&nbsp;<a href=\"https:\/\/es.grandepremio.com\/f1\/\" target=\"_blank\" rel=\"noreferrer noopener\">F\u00f3rmula 1<\/a>&nbsp;se toma ahora su tradicional descanso veraniego en Europa y regresar\u00e1 del 23 al 25 de agosto en&nbsp;<strong>Zandvoort&nbsp;<\/strong>para el&nbsp;<strong>Gran Premio de Pa\u00edses Bajos.<\/strong><\/p>\n\n\n\n<figure class=\"wp-block-embed is-type-video is-provider-youtube wp-block-embed-youtube wp-embed-aspect-16-9 wp-has-aspect-ratio\"><div class=\"wp-block-embed__wrapper\">\n<iframe loading=\"lazy\" title=\"GP DE B\u00c9LGICA - EL RESUMEN\" width=\"500\" height=\"281\" src=\"https:\/\/www.youtube.com\/embed\/OMz-jMJzECs?feature=oembed\" frameborder=\"0\" allow=\"accelerometer; autoplay; clipboard-write; encrypted-media; gyroscope; picture-in-picture; web-share\" referrerpolicy=\"strict-origin-when-cross-origin\" allowfullscreen><\/iframe>\n<\/div><\/figure>\n","protected":false},"excerpt":{"rendered":"<p>Daniel Ricciardo comenz\u00f3 la temporada muy criticado por sus malos resultados, pero mejor\u00f3 en las \u00faltimas carreras y consigui\u00f3 quedarse en RB, al menos hasta finales de 2024<\/p>\n","protected":false},"author":0,"featured_media":1010249149,"comment_status":"closed","ping_status":"closed","sticky":false,"template":"","format":"standard","meta":{"42wp_featured_image_caption":"","42wp_featured_image_credits":"","42wp_featured_video":"","42wp_featured_image_hidden":false,"42wp_authors_list":[],"footnotes":""},"categories":[5],"tags":[365,181,2249,179,2259,1488,2153,9881,206,4540,9810],"42wp_author":[14239],"class_list":["post-12569","post","type-post","status-publish","format-standard","has-post-thumbnail","hentry","category-f1","tag-daniel-ricciardo","tag-f1","tag-f1-2024","tag-formula-1","tag-formula-1-2024","tag-grande-premio","tag-peter-bayer","tag-rb","tag-red-bull","tag-temporada-2024-f1","tag-visa-cashapp-rb","42wp_author-jp-otrosky"],"_links":{"self":[{"href":"https:\/\/grandepremio.com\/es\/wp-json\/wp\/v2\/posts\/12569","targetHints":{"allow":["GET"]}}],"collection":[{"href":"https:\/\/grandepremio.com\/es\/wp-json\/wp\/v2\/posts"}],"about":[{"href":"https:\/\/grandepremio.com\/es\/wp-json\/wp\/v2\/types\/post"}],"replies":[{"embeddable":true,"href":"https:\/\/grandepremio.com\/es\/wp-json\/wp\/v2\/comments?post=12569"}],"version-history":[{"count":0,"href":"https:\/\/grandepremio.com\/es\/wp-json\/wp\/v2\/posts\/12569\/revisions"}],"wp:featuredmedia":[{"embeddable":true,"href":"https:\/\/grandepremio.com\/es\/wp-json\/wp\/v2\/media\/1010249149"}],"wp:attachment":[{"href":"https:\/\/grandepremio.com\/es\/wp-json\/wp\/v2\/media?parent=12569"}],"wp:term":[{"taxonomy":"category","embeddable":true,"href":"https:\/\/grandepremio.com\/es\/wp-json\/wp\/v2\/categories?post=12569"},{"taxonomy":"post_tag","embeddable":true,"href":"https:\/\/grandepremio.com\/es\/wp-json\/wp\/v2\/tags?post=12569"},{"taxonomy":"42wp_author","embeddable":true,"href":"https:\/\/grandepremio.com\/es\/wp-json\/wp\/v2\/42wp_author?post=12569"}],"curies":[{"name":"wp","href":"https:\/\/api.w.org\/{rel}","templated":true}]}}