{"id":12574,"date":"2024-07-30T08:37:26","date_gmt":"2024-07-30T11:37:26","guid":{"rendered":"https:\/\/grandepremio.com\/es\/2024\/07\/30\/alpine-jefe-de-equipo-bruno-famin-puntos-gp-belgica-f1-2024\/"},"modified":"2024-07-30T08:37:33","modified_gmt":"2024-07-30T11:37:33","slug":"alpine-jefe-de-equipo-bruno-famin-puntos-gp-belgica-f1-2024","status":"publish","type":"post","link":"https:\/\/grandepremio.com\/es\/f1\/alpine-jefe-de-equipo-bruno-famin-puntos-gp-belgica-f1-2024\/","title":{"rendered":"Alpine reconoce un 2024 &#8220;turbulento&#8221;, pero celebra los puntos de Ocon en B\u00e9lgica"},"content":{"rendered":"\n<p class=\"wp-block-paragraph\"><strong>Bruno Famin<\/strong>, que deja el cargo de jefe de equipo de <strong>Alpine <\/strong>y regresa a su funci\u00f3n de vicepresidente de la divisi\u00f3n deportiva del grupo, celebr\u00f3 los dos puntos conseguidos por <strong>Esteban Ocon<\/strong> en el <strong>Gran Premio<\/strong> <strong>de B\u00e9lgica de F\u00f3rmula 1<\/strong>. Dijo que el resultado era importante en medio de una temporada turbulenta para el equipo franc\u00e9s.<\/p>\n\n\n\n<p class=\"wp-block-paragraph\">\ud83d\udfe5&nbsp;<strong><em>\u00a1Todas las novedades te esperan en el canal de&nbsp;<\/em><\/strong><a href=\"https:\/\/www.youtube.com\/@GrandePremioES\" target=\"_blank\" rel=\"noreferrer noopener\"><em>YouTube<\/em><\/a><strong><em>&nbsp;de Grande Pr\u00eamio en Espa\u00f1ol!<\/em><\/strong>&nbsp;\ud83d\udfe8<\/p>\n\n\n\n<p class=\"wp-block-paragraph\">No han faltado noticias en el d\u00eda a d\u00eda de Alpine en los \u00faltimos a\u00f1os, as\u00ed como en 2024. Tras el <strong>Gran Premio de Bahr\u00e9in<\/strong>, en el que el equipo tuvo un desastroso inicio de temporada, <strong>Matt Harman<\/strong>, director t\u00e9cnico, y<strong> Dirk de Beer<\/strong>, jefe de aerodin\u00e1mica, abandonaron la escuder\u00eda. La soluci\u00f3n que encontr\u00f3 el equipo franc\u00e9s fue reestructurar los departamentos.<\/p>\n\n\n\n<p class=\"wp-block-paragraph\">El puesto de director t\u00e9cnico se dividi\u00f3 entre rendimiento, aerodin\u00e1mica e ingenier\u00eda, con un responsable en cada subdivisi\u00f3n: <strong>Ciaron Pilbeam, David Wheather<\/strong> y <strong>Joel Burnell,<\/strong> respectivamente, y todos bajo las \u00f3rdenes de Famin.<\/p>\n\n\n\n<p class=\"wp-block-paragraph\">A principios de junio, <strong>Alpine <\/strong>anunci\u00f3 que no renovar\u00eda su contrato con <strong>Esteban Ocon<\/strong>. Los directivos llegaron al l\u00edmite despu\u00e9s de que el franc\u00e9s provocara el despegue del coche de su compa\u00f1ero <strong>Pierre Gasly <\/strong>durante el <strong>Gran Premio de M\u00f3naco<\/strong>. Aunque el #10 tiene un contrato de varios a\u00f1os, el equipo sigue buscando un segundo piloto.<\/p>\n\n\n\n<p class=\"wp-block-paragraph\">\u23e9\u00a0<em><strong>\u00a1Seguinos en redes por\u00a0<\/strong><\/em><a href=\"https:\/\/twitter.com\/grandepremioES\" target=\"_blank\" rel=\"noreferrer noopener\"><em><strong>Twitter<\/strong>\u00a0<\/em><\/a><em><strong>e\u00a0<\/strong><\/em><a href=\"https:\/\/www.instagram.com\/grandepremioes\/\" target=\"_blank\" rel=\"noreferrer noopener\"><em><strong>Instagram!<\/strong><\/em><\/a><br><strong>\u23e9<\/strong>\u00a0<em><strong>Adem\u00e1s, tenemos nuestro\u00a0<\/strong><\/em><a href=\"https:\/\/whatsapp.com\/channel\/0029VaDZ5zb0gcfDxuwxBM05\" target=\"_blank\" rel=\"noreferrer noopener\"><strong><em>canal de Whatsapp<\/em><\/strong><\/a><em><strong>\u00a0con toda la informaci\u00f3n al instante<\/strong><\/em>\u00a0\ud83c\udfc1<\/p>\n\n\n\n<figure class=\"wp-block-image size-large\"><img decoding=\"async\" src=\"https:\/\/grandepremio.com\/es\/wp-content\/uploads\/2024\/07\/Pierre-Gasly-e-Bruno-Famin-1024x683.jpg\" alt=\"\" class=\"wp-image-249126\"\/><figcaption class=\"wp-element-caption\">Bruno Famin junto a Pierre Gasly (Foto: Alpine)<\/figcaption><\/figure>\n\n\n\n<p class=\"wp-block-paragraph\">Ese mismo mes, la escuder\u00eda, propiedad de <strong>Renault<\/strong>, recuper\u00f3 a<strong> Flavio Briatore<\/strong>. El italiano asumi\u00f3 el cargo de consejero ejecutivo. Durante el anuncio, <strong>Alpine <\/strong>explic\u00f3 que el directivo &#8220;se centrar\u00e1 predominantemente en las \u00e1reas de alto nivel del equipo&#8221;, incluyendo &#8220;la b\u00fasqueda de los mejores talentos y la aportaci\u00f3n de conocimientos sobre el mercado de pilotos, desafiando el dise\u00f1o actual, evaluando la estructura y asesorando en asuntos estrat\u00e9gicos dentro del deporte&#8221;.<\/p>\n\n\n\n<p class=\"wp-block-paragraph\">Sin olvidar los diversos cambios de los \u00faltimos a\u00f1os, Famin ya sabe que dejar\u00e1 el cargo el mes que viene. <strong>Oliver Oakes<\/strong>, l\u00edder de <strong>Hitech <\/strong>en la <strong>F\u00f3rmula 2<\/strong>, se perfila como el favorito para el puesto. Estos cambios constantes contribuyen a las turbulencias que vive <strong>Alpine<\/strong>.<\/p>\n\n\n\n<p class=\"wp-block-paragraph\">&#8220;Terminamos la primera parte de la temporada con un punto importante aqu\u00ed en<strong> Spa-Francorchamps<\/strong> [fueron dos, ya que <strong>Ocon <\/strong>ascendi\u00f3 al noveno puesto tras la descalificaci\u00f3n de <strong>George Russell<\/strong>]. Fue una carrera dif\u00edcil, llena de decisiones interesantes en cuanto a la puesta a punto del coche y la estrategia. Desde donde est\u00e1bamos al principio del campeonato hasta donde estamos, hemos hecho progresos significativos&#8221;, dijo Famin.<\/p>\n\n\n\n<p class=\"wp-block-paragraph\">&#8220;Es una temporada 2024 turbulenta, pero hemos profundizado como equipo. Hemos conseguido corregir y mejorar dr\u00e1sticamente el rendimiento de nuestro coche. Llevamos buenas actualizaciones a Spa y tenemos m\u00e1s previstas para el resto del a\u00f1o. Seguimos construyendo, aprendiendo y ahora esperamos las merecidas vacaciones de verano&#8221;, concluy\u00f3.<\/p>\n\n\n\n<p class=\"wp-block-paragraph\">La\u00a0<a href=\"https:\/\/es.grandepremio.com\/f1\/\" target=\"_blank\" rel=\"noreferrer noopener\">F\u00f3rmula 1<\/a>\u00a0se toma ahora su tradicional descanso veraniego en Europa y regresar\u00e1 del 23 al 25 de agosto en Zandvoort para el Gran Premio de Pa\u00edses Bajos.<\/p>\n\n\n\n<figure class=\"wp-block-embed is-type-video is-provider-youtube wp-block-embed-youtube wp-embed-aspect-16-9 wp-has-aspect-ratio\"><div class=\"wp-block-embed__wrapper\">\n<iframe loading=\"lazy\" title=\"GP DE B\u00c9LGICA - EL RESUMEN\" width=\"500\" height=\"281\" src=\"https:\/\/www.youtube.com\/embed\/OMz-jMJzECs?feature=oembed\" frameborder=\"0\" allow=\"accelerometer; autoplay; clipboard-write; encrypted-media; gyroscope; picture-in-picture; web-share\" referrerpolicy=\"strict-origin-when-cross-origin\" allowfullscreen><\/iframe>\n<\/div><\/figure>\n","protected":false},"excerpt":{"rendered":"<p>El jefe de Alpine, Bruno Famin, hizo hincapi\u00e9 en que el equipo ha progresado en las \u00faltimas competencias, tras un decepcionante comienzo de la temporada 2024 de F1.<\/p>\n","protected":false},"author":0,"featured_media":1010249127,"comment_status":"closed","ping_status":"closed","sticky":false,"template":"","format":"standard","meta":{"42wp_featured_image_caption":"","42wp_featured_image_credits":"","42wp_featured_video":"","42wp_featured_image_hidden":false,"42wp_authors_list":[],"footnotes":""},"categories":[5],"tags":[678,2233,362,181,2249,179,2259,10582,1488,427,4540],"42wp_author":[14239],"class_list":["post-12574","post","type-post","status-publish","format-standard","has-post-thumbnail","hentry","category-f1","tag-alpine","tag-bruno-famin","tag-esteban-ocon","tag-f1","tag-f1-2024","tag-formula-1","tag-formula-1-2024","tag-gp-de-belgica-2024","tag-grande-premio","tag-pierre-gasly","tag-temporada-2024-f1","42wp_author-jp-otrosky"],"_links":{"self":[{"href":"https:\/\/grandepremio.com\/es\/wp-json\/wp\/v2\/posts\/12574","targetHints":{"allow":["GET"]}}],"collection":[{"href":"https:\/\/grandepremio.com\/es\/wp-json\/wp\/v2\/posts"}],"about":[{"href":"https:\/\/grandepremio.com\/es\/wp-json\/wp\/v2\/types\/post"}],"replies":[{"embeddable":true,"href":"https:\/\/grandepremio.com\/es\/wp-json\/wp\/v2\/comments?post=12574"}],"version-history":[{"count":0,"href":"https:\/\/grandepremio.com\/es\/wp-json\/wp\/v2\/posts\/12574\/revisions"}],"wp:featuredmedia":[{"embeddable":true,"href":"https:\/\/grandepremio.com\/es\/wp-json\/wp\/v2\/media\/1010249127"}],"wp:attachment":[{"href":"https:\/\/grandepremio.com\/es\/wp-json\/wp\/v2\/media?parent=12574"}],"wp:term":[{"taxonomy":"category","embeddable":true,"href":"https:\/\/grandepremio.com\/es\/wp-json\/wp\/v2\/categories?post=12574"},{"taxonomy":"post_tag","embeddable":true,"href":"https:\/\/grandepremio.com\/es\/wp-json\/wp\/v2\/tags?post=12574"},{"taxonomy":"42wp_author","embeddable":true,"href":"https:\/\/grandepremio.com\/es\/wp-json\/wp\/v2\/42wp_author?post=12574"}],"curies":[{"name":"wp","href":"https:\/\/api.w.org\/{rel}","templated":true}]}}