{"id":12576,"date":"2024-07-29T17:39:35","date_gmt":"2024-07-29T20:39:35","guid":{"rendered":"https:\/\/grandepremio.com\/es\/2024\/07\/29\/gasly-enumera-errores-alpine-gp-belgica-pide-reaccion\/"},"modified":"2024-07-29T17:39:42","modified_gmt":"2024-07-29T20:39:42","slug":"gasly-enumera-errores-alpine-gp-belgica-pide-reaccion","status":"publish","type":"post","link":"https:\/\/grandepremio.com\/es\/f1\/gasly-enumera-errores-alpine-gp-belgica-pide-reaccion\/","title":{"rendered":"Gasly enumera los errores de Alpine en el Gran Premio de B\u00e9lgica y pide una reacci\u00f3n"},"content":{"rendered":"\n<p class=\"wp-block-paragraph\">Si bien el equipo <strong>Alpine<\/strong> hab\u00eda comenzado el fin de semana del <strong>GP de B\u00e9lgica<\/strong> con el despido de <strong>Bruno Famin<\/strong> como jefe de equipo, al menos, la carrera s\u00ed que acab\u00f3 con puntos. Pero no del lado de <strong>Pierre Gasly<\/strong>, y el piloto franc\u00e9s no dud\u00f3 en quejarse de los errores de la escuder\u00eda.<\/p>\n\n\n\n<p class=\"wp-block-paragraph\">Gasly pudo puntuar en los GP de M\u00f3naco, Canad\u00e1, Espa\u00f1a y Austria, pero han vuelto a perder el rumbo, con un abandono en Silverstone casi sin participar de la carrera brit\u00e1nica. En B\u00e9lgica, adem\u00e1s de la lista de errores en <strong>Spa-Francorchamps<\/strong>, vio c\u00f3mo su compa\u00f1ero de equipo y rival, <strong>Esteban Ocon<\/strong>, terminaba noveno.<\/p>\n\n\n\n<p class=\"wp-block-paragraph\">\ud83d\udfe5&nbsp;<strong><em>\u00a1Todas las novedades te esperan en el canal de&nbsp;<\/em><\/strong><a href=\"https:\/\/www.youtube.com\/@GrandePremioES\" target=\"_blank\" rel=\"noreferrer noopener\"><em>YouTube<\/em><\/a><strong><em>&nbsp;de Grande Pr\u00eamio en Espa\u00f1ol!<\/em><\/strong>&nbsp;\ud83d\udfe8<\/p>\n\n\n\n<p class=\"wp-block-paragraph\"><strong>\u201cNo estoy muy contento. Tuvimos problemas de motor y perd\u00edamos 0s7 en las rectas en cada vuelta. Hemos tenido problemas con la temperatura del motor, la direcci\u00f3n no era la ideal, no hemos hecho la estrategia correcta&#8230; hemos cometido muchos errores. Decepcionado con la carrera, porque tenemos que mejorar\u201d<\/strong>, dijo Gasly.<\/p>\n\n\n\n<figure class=\"wp-block-image size-large\"><img decoding=\"async\" src=\"https:\/\/grandepremio.com\/cdn-cgi\/image\/width=893,height=558,fit=contain,gravity=0.5x0.5,quality=75,format=webp\/es\/wp-content\/uploads\/2024\/07\/belgica-2024-f1-corrida-alpine-pierre-gasly-01-1200x800-1-1024x683.jpg\" alt=\"\" class=\"wp-image-249114\"\/><figcaption class=\"wp-element-caption\">Pierre Gasly durante el Gran Premio de B\u00e9lgica (Foto: Alpine)<\/figcaption><\/figure>\n\n\n\n<p class=\"wp-block-paragraph\"><strong>&#8220;Los tres \u00faltimos fines de semana han sido muy frustrantes. B\u00e1sicamente, no estamos haciendo lo que deber\u00edamos. Hemos tenido un comienzo de a\u00f1o muy dif\u00edcil, s\u00f3lo hemos sumado diez puntos [11, de hecho], podemos rendir mucho m\u00e1s. Tenemos que unirnos y asegurarnos de que la segunda parte de la temporada sea mejor&#8221;<\/strong>, a\u00f1adi\u00f3 Pierre.<\/p>\n\n\n\n<p class=\"wp-block-paragraph\">Por \u00faltimo, el competidor del auto #10 declar\u00f3 que el par\u00f3n de verano tiene que servir para reaccionar en el resto de la temporada, ya que, apenas, est\u00e1n por encima de Williams y de <strong>Sauber<\/strong> en el Mundial de Constructores: <strong>\u201cEl par\u00f3n ser\u00e1 muy importante. Tenemos que sentarnos y analizar objetivamente lo que tenemos que mejorar y reaccionar a todo ello\u201d.<\/strong><\/p>\n\n\n\n<p class=\"wp-block-paragraph\">\u23e9&nbsp;<em><strong>\u00a1Seguinos en redes por&nbsp;<\/strong><\/em><a href=\"https:\/\/twitter.com\/grandepremioES\" target=\"_blank\" rel=\"noreferrer noopener\"><em>Twitter&nbsp;<\/em><\/a><em><strong>e&nbsp;<\/strong><\/em><a href=\"https:\/\/www.instagram.com\/grandepremioes\/\" target=\"_blank\" rel=\"noreferrer noopener\"><em>Instagram!<\/em><\/a><br><strong>\u23e9<\/strong>&nbsp;<em><strong>Adem\u00e1s, tenemos nuestro&nbsp;<\/strong><\/em><a href=\"https:\/\/whatsapp.com\/channel\/0029VaDZ5zb0gcfDxuwxBM05\" target=\"_blank\" rel=\"noreferrer noopener\"><em>canal de Whatsapp<\/em><\/a><em><strong>&nbsp;con toda la informaci\u00f3n al instante<\/strong><\/em>&nbsp;\ud83c\udfc1<\/p>\n\n\n\n<p class=\"wp-block-paragraph\">La F\u00f3rmula 1 se toma ahora su tradicional descanso veraniego en Europa y regresar\u00e1 del 23 al 25 de agosto en Zandvoort para el Gran Premio de Holanda.<\/p>\n\n\n\n<figure class=\"wp-block-embed is-type-video is-provider-youtube wp-block-embed-youtube wp-embed-aspect-16-9 wp-has-aspect-ratio\"><div class=\"wp-block-embed__wrapper\">\n<iframe loading=\"lazy\" title=\"GP DE B\u00c9LGICA - EL RESUMEN\" width=\"500\" height=\"281\" src=\"https:\/\/www.youtube.com\/embed\/OMz-jMJzECs?feature=oembed\" frameborder=\"0\" allow=\"accelerometer; autoplay; clipboard-write; encrypted-media; gyroscope; picture-in-picture; web-share\" referrerpolicy=\"strict-origin-when-cross-origin\" allowfullscreen><\/iframe>\n<\/div><\/figure>\n","protected":false},"excerpt":{"rendered":"<p>Pierre Gasly se\u00f1al\u00f3 problemas con el motor, la direcci\u00f3n y la estrategia durante el Gran Premio de B\u00e9lgica. El franc\u00e9s pide a Alpine que reaccione durante el par\u00f3n del verano europeo de la F\u00f3rmula 1.<\/p>\n","protected":false},"author":0,"featured_media":1010249110,"comment_status":"closed","ping_status":"closed","sticky":false,"template":"","format":"standard","meta":{"42wp_featured_image_caption":"","42wp_featured_image_credits":"","42wp_featured_video":"","42wp_featured_image_hidden":false,"42wp_authors_list":[],"footnotes":""},"categories":[5],"tags":[678,2233,362,181,179,646,427,497,637],"42wp_author":[14237],"class_list":["post-12576","post","type-post","status-publish","format-standard","has-post-thumbnail","hentry","category-f1","tag-alpine","tag-bruno-famin","tag-esteban-ocon","tag-f1","tag-formula-1","tag-gp-de-belgica","tag-pierre-gasly","tag-sauber","tag-spa-francorchamps","42wp_author-gabriel-garcia"],"_links":{"self":[{"href":"https:\/\/grandepremio.com\/es\/wp-json\/wp\/v2\/posts\/12576","targetHints":{"allow":["GET"]}}],"collection":[{"href":"https:\/\/grandepremio.com\/es\/wp-json\/wp\/v2\/posts"}],"about":[{"href":"https:\/\/grandepremio.com\/es\/wp-json\/wp\/v2\/types\/post"}],"replies":[{"embeddable":true,"href":"https:\/\/grandepremio.com\/es\/wp-json\/wp\/v2\/comments?post=12576"}],"version-history":[{"count":0,"href":"https:\/\/grandepremio.com\/es\/wp-json\/wp\/v2\/posts\/12576\/revisions"}],"wp:featuredmedia":[{"embeddable":true,"href":"https:\/\/grandepremio.com\/es\/wp-json\/wp\/v2\/media\/1010249110"}],"wp:attachment":[{"href":"https:\/\/grandepremio.com\/es\/wp-json\/wp\/v2\/media?parent=12576"}],"wp:term":[{"taxonomy":"category","embeddable":true,"href":"https:\/\/grandepremio.com\/es\/wp-json\/wp\/v2\/categories?post=12576"},{"taxonomy":"post_tag","embeddable":true,"href":"https:\/\/grandepremio.com\/es\/wp-json\/wp\/v2\/tags?post=12576"},{"taxonomy":"42wp_author","embeddable":true,"href":"https:\/\/grandepremio.com\/es\/wp-json\/wp\/v2\/42wp_author?post=12576"}],"curies":[{"name":"wp","href":"https:\/\/api.w.org\/{rel}","templated":true}]}}