{"id":1259,"date":"2026-05-14T09:35:19","date_gmt":"2026-05-14T12:35:19","guid":{"rendered":"https:\/\/grandepremio.com\/es\/2026\/05\/14\/mclaren-recibe-luz-verde-para-ampliar-su-fabrica-en-inglaterra\/"},"modified":"2026-05-14T09:35:23","modified_gmt":"2026-05-14T12:35:23","slug":"mclaren-recibe-luz-verde-para-ampliar-su-fabrica-en-inglaterra","status":"publish","type":"post","link":"https:\/\/grandepremio.com\/es\/f1\/mclaren-recibe-luz-verde-para-ampliar-su-fabrica-en-inglaterra\/","title":{"rendered":"McLaren recibe luz verde para ampliar su f\u00e1brica en Inglaterra"},"content":{"rendered":"\n<p class=\"wp-block-paragraph\">Tras ganar el <strong>Campeonato Mundial de Constructores<\/strong> en 2024 y 2025 y dar un salto en su rendimiento en el<strong> Gran Premio de Miami, McLaren <\/strong>sigue invirtiendo en sus operaciones en la F\u00f3rmula 1 y ha recibido luz verde para ampliar la f\u00e1brica ubicada en Woking, Inglaterra. El equipo ha obtenido autorizaci\u00f3n para construir una nueva estructura de pruebas, lo que facilitar\u00e1 el acceso a herramientas que contribuyan al desarrollo del auto.<\/p>\n\n\n\n<p class=\"wp-block-paragraph\">Como parte del proceso de expansi\u00f3n, McLaren present\u00f3 un documento al <strong>Consejo Municipal de Woking <\/strong>en el que afirmaba que el objetivo de la nueva instalaci\u00f3n era seguir dando apoyo a las operaciones del equipo en la F1. La ampliaci\u00f3n se consider\u00f3 necesaria porque la estructura actual de la f\u00e1brica ya estar\u00eda \u00abllena\u00bb.<\/p>\n\n\n\n<p class=\"wp-block-paragraph\">En el documento se inform\u00f3 que, \u00abpara garantizar el \u00e9xito continuo y la diversificaci\u00f3n del Grupo McLaren en nuevos mercados, es necesario incorporar nuevas instalaciones y equipos de pruebas al campus para facilitar el crecimiento continuo y cumplir con los requisitos t\u00e9cnicos y operativos del grupo\u00bb. Adem\u00e1s, se solicit\u00f3 \u00abun aumento modesto de la extensi\u00f3n del \u00e1rea de pruebas bajo la cubierta existente, adem\u00e1s de la reubicaci\u00f3n de la planta de condensaci\u00f3n a un complejo adyacente y f\u00edsicamente separado\u00bb.<\/p>\n\n\n\n<p class=\"wp-block-paragraph\"><strong><em>\u00a1Todas las novedades te esperan en el canal de <a href=\"https:\/\/www.youtube.com\/@GrandePremioES\" target=\"_blank\" rel=\"noreferrer noopener\">YouTube<\/a> de Grande Pr\u00eamio en Espa\u00f1ol!<\/em><\/strong><\/p>\n\n\n\n<figure class=\"wp-block-embed is-type-video is-provider-youtube wp-block-embed-youtube wp-embed-aspect-16-9 wp-has-aspect-ratio\"><div class=\"wp-block-embed__wrapper\">\n<iframe loading=\"lazy\" title=\"\u00bfVUELVEN LOS MOTORES V8 A LA F\u00d3RMULA 1?\" width=\"500\" height=\"281\" src=\"https:\/\/www.youtube.com\/embed\/F-C6Km_8elw?feature=oembed\" frameborder=\"0\" allow=\"accelerometer; autoplay; clipboard-write; encrypted-media; gyroscope; picture-in-picture; web-share\" referrerpolicy=\"strict-origin-when-cross-origin\" allowfullscreen><\/iframe>\n<\/div><\/figure>\n\n\n\n<p class=\"wp-block-paragraph\"><strong><em>\u00a1Seguinos en redes por <\/em><\/strong><strong><em><a target=\"_blank\" href=\"https:\/\/twitter.com\/grandepremioES\" rel=\"noreferrer noopener\">Twitter <\/a><\/em><\/strong><strong><em>e <\/em><\/strong><strong><em><a target=\"_blank\" href=\"https:\/\/www.instagram.com\/grandepremioes\/\" rel=\"noreferrer noopener\">Instagram!<\/a><\/em><\/strong><br><strong><em>Adem\u00e1s, tenemos nuestro <\/em><\/strong><strong><em><a target=\"_blank\" href=\"https:\/\/whatsapp.com\/channel\/0029VaDZ5zb0gcfDxuwxBM05\" rel=\"noreferrer noopener\">canal de Whatsapp<\/a><\/em><\/strong><strong><em> con toda la informaci\u00f3n al instante<\/em><\/strong><\/p>\n\n\n\n<p class=\"wp-block-paragraph\">La nueva zona de pruebas de McLaren tendr\u00e1 143 m\u00b2 y se construir\u00e1 bajo la cubierta existente en la parte sureste del Centro Tecnol\u00f3gico. El sistema de condensaci\u00f3n ser\u00e1 necesario para el funcionamiento de la instalaci\u00f3n. Las obras, sin embargo, deber\u00edan comenzar dentro de tres meses.<\/p>\n\n\n\n<p class=\"wp-block-paragraph\">A principios de a\u00f1o, McLaren tuvo que llevar el auto de 2026 a las instalaciones de AVL, en Austria, para realizar las \u00faltimas pruebas antes de ponerlo en pista en Barcelona. Con la nueva estructura, adem\u00e1s de reducir los costos de transporte, el equipo liderado por <strong>Andrea Stella<\/strong> tendr\u00e1 un acceso m\u00e1s f\u00e1cil a herramientas fundamentales para el desarrollo del proyecto.<\/p>\n\n\n\n<p class=\"wp-block-paragraph\"><strong>La F\u00f3rmula 1 regresa del 22 al 24 de mayo con el Gran Premio de Canad\u00e1, quinta fecha de la temporada 2026.<\/strong><\/p>\n\n\n\n<p class=\"wp-block-paragraph\"><\/p>\n","protected":false},"excerpt":{"rendered":"<p>McLaren recibi\u00f3 la autorizaci\u00f3n para ampliar las instalaciones de su sede en Woking, Inglaterra, con el fin de optimizar su estructura dedicada a la F\u00f3rmula 1.<\/p>\n","protected":false},"author":0,"featured_media":1010401136,"comment_status":"closed","ping_status":"closed","sticky":false,"template":"","format":"standard","meta":{"42wp_featured_image_caption":"","42wp_featured_image_credits":"","42wp_featured_video":"","42wp_featured_image_hidden":false,"42wp_authors_list":[],"footnotes":""},"categories":[5],"tags":[181,1680,179,269,2646],"42wp_author":[14223],"class_list":["post-1259","post","type-post","status-publish","format-standard","has-post-thumbnail","hentry","category-f1","tag-f1","tag-f1-2026","tag-formula-1","tag-mclaren","tag-woking","42wp_author-esteban-nieto"],"_links":{"self":[{"href":"https:\/\/grandepremio.com\/es\/wp-json\/wp\/v2\/posts\/1259","targetHints":{"allow":["GET"]}}],"collection":[{"href":"https:\/\/grandepremio.com\/es\/wp-json\/wp\/v2\/posts"}],"about":[{"href":"https:\/\/grandepremio.com\/es\/wp-json\/wp\/v2\/types\/post"}],"replies":[{"embeddable":true,"href":"https:\/\/grandepremio.com\/es\/wp-json\/wp\/v2\/comments?post=1259"}],"version-history":[{"count":0,"href":"https:\/\/grandepremio.com\/es\/wp-json\/wp\/v2\/posts\/1259\/revisions"}],"wp:featuredmedia":[{"embeddable":true,"href":"https:\/\/grandepremio.com\/es\/wp-json\/wp\/v2\/media\/1010401136"}],"wp:attachment":[{"href":"https:\/\/grandepremio.com\/es\/wp-json\/wp\/v2\/media?parent=1259"}],"wp:term":[{"taxonomy":"category","embeddable":true,"href":"https:\/\/grandepremio.com\/es\/wp-json\/wp\/v2\/categories?post=1259"},{"taxonomy":"post_tag","embeddable":true,"href":"https:\/\/grandepremio.com\/es\/wp-json\/wp\/v2\/tags?post=1259"},{"taxonomy":"42wp_author","embeddable":true,"href":"https:\/\/grandepremio.com\/es\/wp-json\/wp\/v2\/42wp_author?post=1259"}],"curies":[{"name":"wp","href":"https:\/\/api.w.org\/{rel}","templated":true}]}}