{"id":12597,"date":"2024-07-28T14:56:15","date_gmt":"2024-07-28T17:56:15","guid":{"rendered":"https:\/\/grandepremio.com\/es\/2024\/07\/28\/charles-leclerc-rendimiento-mercedes-ferrari-gp-belgica-f1-2024\/"},"modified":"2024-07-28T19:51:10","modified_gmt":"2024-07-28T22:51:10","slug":"charles-leclerc-rendimiento-mercedes-ferrari-gp-belgica-f1-2024","status":"publish","type":"post","link":"https:\/\/grandepremio.com\/es\/f1\/charles-leclerc-rendimiento-mercedes-ferrari-gp-belgica-f1-2024\/","title":{"rendered":"Leclerc se muestra sorprendido por Mercedes y confiesa: &#8220;No somos r\u00e1pidos&#8221;"},"content":{"rendered":"\n<p class=\"wp-block-paragraph\">El <strong>Gran Premio de B\u00e9lgica<\/strong> celebrado el domingo vio a un sorprendente <strong>Charles Leclerc<\/strong> salir desde la pole position tras la penalizaci\u00f3n de <strong>Max Verstappen<\/strong> y, aunque luch\u00f3 con el ritmo de <strong>Ferrari<\/strong>, hered\u00f3 el tercer puesto tras la descalificaci\u00f3n de <strong>George Russell.<\/strong> Tras mantener el liderato en la salida, el piloto #16 fue r\u00e1pidamente alcanzado por <strong>Lewis Hamilton<\/strong>, que se puso en cabeza en la tercera vuelta. Tras la carrera, el piloto de <strong>Ferrari <\/strong>admiti\u00f3 que estaba sorprendido por el ritmo de Mercedes en comparaci\u00f3n con el SF-24.<\/p>\n\n\n\n<figure class=\"wp-block-embed is-type-video is-provider-youtube wp-block-embed-youtube wp-embed-aspect-16-9 wp-has-aspect-ratio\"><div class=\"wp-block-embed__wrapper\">\n<iframe loading=\"lazy\" title=\"GP DE B\u00c9LGICA - EL RESUMEN\" width=\"500\" height=\"281\" src=\"https:\/\/www.youtube.com\/embed\/OMz-jMJzECs?feature=oembed\" frameborder=\"0\" allow=\"accelerometer; autoplay; clipboard-write; encrypted-media; gyroscope; picture-in-picture; web-share\" referrerpolicy=\"strict-origin-when-cross-origin\" allowfullscreen><\/iframe>\n<\/div><\/figure>\n\n\n\n<p class=\"wp-block-paragraph\">\ud83d\udfe5&nbsp;<strong><em>\u00a1Todas las novedades te esperan en el canal de&nbsp;<\/em><\/strong><a href=\"https:\/\/www.youtube.com\/@GrandePremioES\" target=\"_blank\" rel=\"noreferrer noopener\"><em>YouTube<\/em><\/a><strong><em>&nbsp;de Grande Pr\u00eamio en Espa\u00f1ol!<\/em><\/strong>&nbsp;\ud83d\udfe8<\/p>\n\n\n\n<p class=\"wp-block-paragraph\"><strong>Russell<\/strong>, que cruz\u00f3 la meta gracias a su estrategia de una sola parada, tambi\u00e9n adelant\u00f3 a Leclerc, al igual que<strong> Oscar Piastri<\/strong>, que dej\u00f3 atr\u00e1s al monegasco en la pista y complet\u00f3 el podio.<\/p>\n\n\n\n<p class=\"wp-block-paragraph\">&#8220;Estoy decepcionado con una carrera como \u00e9sta. Esper\u00e1bamos, como equipo, que <strong>Mercedes <\/strong>no fuera m\u00e1s fuerte que nosotros. <strong>McLaren <\/strong>y <strong>Red Bull,<\/strong> s\u00ed. Hoy hemos sido el cuarto equipo m\u00e1s r\u00e1pido. Cuando el ritmo es as\u00ed y la carrera es normal, no hay coche de seguridad, no puedes esperar mucho m\u00e1s&#8221;, analiz\u00f3.<\/p>\n\n\n\n<p class=\"wp-block-paragraph\">&#8220;Hemos hecho todo lo posible, hemos acertado con la estrategia, hemos optimizado nuestras actualizaciones, pero no somos lo suficientemente r\u00e1pidos&#8221;, dijo.<\/p>\n\n\n\n<p class=\"wp-block-paragraph\">\u23e9&nbsp;<em><strong>\u00a1Seguinos en redes por&nbsp;<\/strong><\/em><a href=\"https:\/\/twitter.com\/grandepremioES\" target=\"_blank\" rel=\"noreferrer noopener\"><em><strong>Twitter<\/strong>&nbsp;<\/em><\/a><em><strong>e&nbsp;<\/strong><\/em><a href=\"https:\/\/www.instagram.com\/grandepremioes\/\" target=\"_blank\" rel=\"noreferrer noopener\"><em><strong>Instagram!<\/strong><\/em><\/a><br><strong>\u23e9<\/strong>&nbsp;<em><strong>Adem\u00e1s, tenemos nuestro&nbsp;<\/strong><\/em><a href=\"https:\/\/whatsapp.com\/channel\/0029VaDZ5zb0gcfDxuwxBM05\" target=\"_blank\" rel=\"noreferrer noopener\"><strong><em>canal de Whatsapp<\/em><\/strong><\/a><em><strong>&nbsp;con toda la informaci\u00f3n al instante<\/strong><\/em>&nbsp;\ud83c\udfc1<\/p>\n\n\n\n<figure class=\"wp-block-image size-large\"><img decoding=\"async\" src=\"https:\/\/grandepremio.com\/es\/wp-content\/uploads\/2024\/07\/belgica-2024-f1-classificacao-ferrari-charles-leclerc-05-1200x800-1-1024x683.jpg\" alt=\"\" class=\"wp-image-248800\"\/><figcaption class=\"wp-element-caption\">Charles Leclerc reconoce la baja de rendimiento de Ferrari (Foto: Ferrari)<\/figcaption><\/figure>\n\n\n\n<p class=\"wp-block-paragraph\">Por su parte, <strong>Carlos Sainz<\/strong>, que sal\u00eda s\u00e9ptimo, fue m\u00e1s discreto en carrera y no cambi\u00f3 de posici\u00f3n, cruzando la meta en el mismo puesto.<\/p>\n\n\n\n<p class=\"wp-block-paragraph\">Preguntado por su valoraci\u00f3n de la primera mitad de a\u00f1o de Ferrari, Leclerc reafirm\u00f3 que el equipo es el &#8220;cuarto m\u00e1s r\u00e1pido&#8221; de la parrilla y espera que la escuder\u00eda vuelva a tener el rendimiento que tuvo al inicio de la temporada, cuando luchaba por las victorias.<\/p>\n\n\n\n<p class=\"wp-block-paragraph\">&#8220;Somos el cuarto coche m\u00e1s r\u00e1pido en este momento. La primera parte del a\u00f1o fue muy positiva, pero en la segunda sufrimos m\u00e1s e intentamos solucionar algunos problemas. Ahora vamos a recargar las pilas en vacaciones. Espero que podamos volver a luchar por las victorias&#8221;, concluy\u00f3.<\/p>\n\n\n\n<p class=\"wp-block-paragraph\">La&nbsp;<strong><a href=\"https:\/\/es.grandepremio.com\/f1\/\" target=\"_blank\" rel=\"noreferrer noopener\"><\/a><a href=\"https:\/\/es.grandepremio.com\/f1\/\" target=\"_blank\" rel=\"noreferrer noopener\"><\/a><a href=\"https:\/\/es.grandepremio.com\/f1\/\" target=\"_blank\" rel=\"noreferrer noopener\">F\u00f3rmula 1<\/a><\/strong>&nbsp;entra ahora en su tradicional descanso veraniego en Europa y regresa el fin de semana del 23 al 25 de agosto, con el&nbsp;<strong>Gran Premio de Pa\u00edses Bajos<\/strong>&nbsp;en&nbsp;<strong>Zandvoort<\/strong>.<\/p>\n","protected":false},"excerpt":{"rendered":"<p>Charles Leclerc, que sali\u00f3 en pole position, cruz\u00f3 la meta cuarto en el Gran Premio de B\u00e9lgica<\/p>\n","protected":false},"author":0,"featured_media":1010248943,"comment_status":"closed","ping_status":"closed","sticky":false,"template":"","format":"standard","meta":{"42wp_featured_image_caption":"","42wp_featured_image_credits":"","42wp_featured_video":"","42wp_featured_image_hidden":false,"42wp_authors_list":[],"footnotes":""},"categories":[5],"tags":[247,181,2249,185,179,2259,10582,1488,4540],"42wp_author":[14239],"class_list":["post-12597","post","type-post","status-publish","format-standard","has-post-thumbnail","hentry","category-f1","tag-charles-leclerc","tag-f1","tag-f1-2024","tag-ferrari","tag-formula-1","tag-formula-1-2024","tag-gp-de-belgica-2024","tag-grande-premio","tag-temporada-2024-f1","42wp_author-jp-otrosky"],"_links":{"self":[{"href":"https:\/\/grandepremio.com\/es\/wp-json\/wp\/v2\/posts\/12597","targetHints":{"allow":["GET"]}}],"collection":[{"href":"https:\/\/grandepremio.com\/es\/wp-json\/wp\/v2\/posts"}],"about":[{"href":"https:\/\/grandepremio.com\/es\/wp-json\/wp\/v2\/types\/post"}],"replies":[{"embeddable":true,"href":"https:\/\/grandepremio.com\/es\/wp-json\/wp\/v2\/comments?post=12597"}],"version-history":[{"count":0,"href":"https:\/\/grandepremio.com\/es\/wp-json\/wp\/v2\/posts\/12597\/revisions"}],"wp:featuredmedia":[{"embeddable":true,"href":"https:\/\/grandepremio.com\/es\/wp-json\/wp\/v2\/media\/1010248943"}],"wp:attachment":[{"href":"https:\/\/grandepremio.com\/es\/wp-json\/wp\/v2\/media?parent=12597"}],"wp:term":[{"taxonomy":"category","embeddable":true,"href":"https:\/\/grandepremio.com\/es\/wp-json\/wp\/v2\/categories?post=12597"},{"taxonomy":"post_tag","embeddable":true,"href":"https:\/\/grandepremio.com\/es\/wp-json\/wp\/v2\/tags?post=12597"},{"taxonomy":"42wp_author","embeddable":true,"href":"https:\/\/grandepremio.com\/es\/wp-json\/wp\/v2\/42wp_author?post=12597"}],"curies":[{"name":"wp","href":"https:\/\/api.w.org\/{rel}","templated":true}]}}