{"id":12601,"date":"2024-07-28T13:37:09","date_gmt":"2024-07-28T16:37:09","guid":{"rendered":"https:\/\/grandepremio.com\/es\/2024\/07\/28\/fernando-alonso-aston-martin-gp-belgica-f1-2024\/"},"modified":"2024-07-28T19:52:55","modified_gmt":"2024-07-28T22:52:55","slug":"fernando-alonso-aston-martin-gp-belgica-f1-2024","status":"publish","type":"post","link":"https:\/\/grandepremio.com\/es\/f1\/fernando-alonso-aston-martin-gp-belgica-f1-2024\/","title":{"rendered":"Alonso ve a Aston Martin a la defensiva: &#8220;Luchamos contra Williams, RB y Alpine&#8221;"},"content":{"rendered":"\n<p class=\"wp-block-paragraph\"><strong>Fernando Alonso<\/strong> no ocult\u00f3 su decepci\u00f3n con<strong> Aston Martin<\/strong> en el <strong>Gran Premio de B\u00e9lgica<\/strong> de <strong>F\u00f3rmula 1<\/strong> el domingo. El espa\u00f1ol consider\u00f3 que el equipo s\u00f3lo se defend\u00eda de los que ven\u00edan por detr\u00e1s y que ahora luchaba contra <strong>Williams, RB<\/strong> y <strong>Alpine<\/strong>.<\/p>\n\n\n\n<figure class=\"wp-block-embed is-type-video is-provider-youtube wp-block-embed-youtube wp-embed-aspect-16-9 wp-has-aspect-ratio\"><div class=\"wp-block-embed__wrapper\">\n<iframe loading=\"lazy\" title=\"GP DE B\u00c9LGICA - EL RESUMEN\" width=\"500\" height=\"281\" src=\"https:\/\/www.youtube.com\/embed\/OMz-jMJzECs?feature=oembed\" frameborder=\"0\" allow=\"accelerometer; autoplay; clipboard-write; encrypted-media; gyroscope; picture-in-picture; web-share\" referrerpolicy=\"strict-origin-when-cross-origin\" allowfullscreen><\/iframe>\n<\/div><\/figure>\n\n\n\n<p class=\"wp-block-paragraph\">\ud83d\udfe5&nbsp;<strong><em>\u00a1Todas las novedades te esperan en el canal de&nbsp;<\/em><\/strong><a href=\"https:\/\/www.youtube.com\/@GrandePremioES\" target=\"_blank\" rel=\"noreferrer noopener\"><em>YouTube<\/em><\/a><strong><em>&nbsp;de Grande Pr\u00eamio en Espa\u00f1ol!<\/em><\/strong>&nbsp;\ud83d\udfe8<\/p>\n\n\n\n<p class=\"wp-block-paragraph\">Alonso termin\u00f3 la carrera en <strong>Spa-Francorchamps<\/strong> en novena posici\u00f3n, a 49s963 de <strong>George Russell,<\/strong> que gan\u00f3 la carrera.<\/p>\n\n\n\n<p class=\"wp-block-paragraph\">&#8220;Ten\u00edamos un plan B y un plan C, que abarcaba una parada y tres paradas&#8221;, dijo Alonso. &#8220;Al final, creo que fue una casualidad. \u00cdbamos 12\u00ba y est\u00e1bamos esperando a que entrara un coche de seguridad en boxes, ya que est\u00e1bamos destinados a acabar 13\u00ba. Justo cuando faltaban 11 vueltas, empezamos a pensar que llegar\u00edamos al final. As\u00ed que la estrategia fue muy flexible, vuelta a vuelta&#8221;, continu\u00f3.<\/p>\n\n\n\n<p class=\"wp-block-paragraph\">\u23e9&nbsp;<em><strong>\u00a1Seguinos en redes por&nbsp;<\/strong><\/em><a href=\"https:\/\/twitter.com\/grandepremioES\" target=\"_blank\" rel=\"noreferrer noopener\"><em><strong>Twitter<\/strong>&nbsp;<\/em><\/a><em><strong>e&nbsp;<\/strong><\/em><a href=\"https:\/\/www.instagram.com\/grandepremioes\/\" target=\"_blank\" rel=\"noreferrer noopener\"><em><strong>Instagram!<\/strong><\/em><\/a><br><strong>\u23e9<\/strong>&nbsp;<em><strong>Adem\u00e1s, tenemos nuestro&nbsp;<\/strong><\/em><a href=\"https:\/\/whatsapp.com\/channel\/0029VaDZ5zb0gcfDxuwxBM05\" target=\"_blank\" rel=\"noreferrer noopener\"><strong><em>canal de Whatsapp<\/em><\/strong><\/a><em><strong>&nbsp;con toda la informaci\u00f3n al instante<\/strong><\/em>&nbsp;\ud83c\udfc1<\/p>\n\n\n\n<figure class=\"wp-block-image size-full\"><img decoding=\"async\" src=\"https:\/\/grandepremio.com\/es\/wp-content\/uploads\/2024\/07\/Alonso-Belgica.jpg\" alt=\"\" class=\"wp-image-248788\"\/><figcaption class=\"wp-element-caption\">Fernando Alonso lamenta el retroceso de Aston Martin (Foto: Aston Martin)<\/figcaption><\/figure>\n\n\n\n<p class=\"wp-block-paragraph\">A pesar de sumar puntos en <strong>Spa-Francorchamps, Alonso<\/strong> no ocult\u00f3 su decepci\u00f3n por el momento de <strong>Aston Martin<\/strong> y pidi\u00f3 una reacci\u00f3n durante las vacaciones y el resto del campeonato.<\/p>\n\n\n\n<p class=\"wp-block-paragraph\">&#8220;Estamos un poco decepcionados. No podemos ocultar que estamos luchando con <strong>Williams, RB<\/strong> y <strong>Alpine<\/strong>. El a\u00f1o pasado, nuestro objetivo eran quiz\u00e1 los cuatro primeros equipos&#8221;, compar\u00f3. &#8220;Ahora, [<strong>Red Bull, Ferrari, Mercedes<\/strong> y <strong>McLaren<\/strong>] est\u00e1n fuera de nuestro alcance y s\u00f3lo nos defendemos de los que vienen por detr\u00e1s. Incluso al principio del a\u00f1o, en clasificaci\u00f3n, siempre est\u00e1bamos entre los cinco o seis primeros&#8221;, continu\u00f3.<\/p>\n\n\n\n<p class=\"wp-block-paragraph\">&#8220;Tenemos mucho trabajo que hacer durante las vacaciones de verano y en la segunda mitad del a\u00f1o, esa es la realidad. No nos rendimos, est\u00e1 claro, pero tenemos que trabajar duro&#8221;, concluy\u00f3.<\/p>\n\n\n\n<p class=\"wp-block-paragraph\">La&nbsp;<strong><a href=\"https:\/\/es.grandepremio.com\/f1\/\" target=\"_blank\" rel=\"noreferrer noopener\"><\/a><a href=\"https:\/\/es.grandepremio.com\/f1\/\" target=\"_blank\" rel=\"noreferrer noopener\">F\u00f3rmula 1<\/a><\/strong>&nbsp;entra ahora en su tradicional descanso veraniego en Europa y regresa el fin de semana del 23 al 25 de agosto, con el&nbsp;<strong>Gran Premio de Pa\u00edses Bajos<\/strong>&nbsp;en&nbsp;<strong>Zandvoort<\/strong>.<\/p>\n","protected":false},"excerpt":{"rendered":"<p>Fernando Alonso ve a Aston Martin cada vez m\u00e1s lejos de los cuatro primeros de la F\u00f3rmula 1 y s\u00f3lo defendi\u00e9ndose de los pilotos de detr\u00e1s. El espa\u00f1ol pidi\u00f3 trabajo duro al equipo durante las vacaciones y para el resto de la temporada<\/p>\n","protected":false},"author":0,"featured_media":1010248925,"comment_status":"closed","ping_status":"closed","sticky":false,"template":"","format":"standard","meta":{"42wp_featured_image_caption":"","42wp_featured_image_credits":"","42wp_featured_video":"","42wp_featured_image_hidden":false,"42wp_authors_list":[],"footnotes":""},"categories":[5],"tags":[209,181,2249,184,179,10582,1488,4540],"42wp_author":[14239],"class_list":["post-12601","post","type-post","status-publish","format-standard","has-post-thumbnail","hentry","category-f1","tag-aston-martin","tag-f1","tag-f1-2024","tag-fernando-alonso","tag-formula-1","tag-gp-de-belgica-2024","tag-grande-premio","tag-temporada-2024-f1","42wp_author-jp-otrosky"],"_links":{"self":[{"href":"https:\/\/grandepremio.com\/es\/wp-json\/wp\/v2\/posts\/12601","targetHints":{"allow":["GET"]}}],"collection":[{"href":"https:\/\/grandepremio.com\/es\/wp-json\/wp\/v2\/posts"}],"about":[{"href":"https:\/\/grandepremio.com\/es\/wp-json\/wp\/v2\/types\/post"}],"replies":[{"embeddable":true,"href":"https:\/\/grandepremio.com\/es\/wp-json\/wp\/v2\/comments?post=12601"}],"version-history":[{"count":0,"href":"https:\/\/grandepremio.com\/es\/wp-json\/wp\/v2\/posts\/12601\/revisions"}],"wp:featuredmedia":[{"embeddable":true,"href":"https:\/\/grandepremio.com\/es\/wp-json\/wp\/v2\/media\/1010248925"}],"wp:attachment":[{"href":"https:\/\/grandepremio.com\/es\/wp-json\/wp\/v2\/media?parent=12601"}],"wp:term":[{"taxonomy":"category","embeddable":true,"href":"https:\/\/grandepremio.com\/es\/wp-json\/wp\/v2\/categories?post=12601"},{"taxonomy":"post_tag","embeddable":true,"href":"https:\/\/grandepremio.com\/es\/wp-json\/wp\/v2\/tags?post=12601"},{"taxonomy":"42wp_author","embeddable":true,"href":"https:\/\/grandepremio.com\/es\/wp-json\/wp\/v2\/42wp_author?post=12601"}],"curies":[{"name":"wp","href":"https:\/\/api.w.org\/{rel}","templated":true}]}}