{"id":12641,"date":"2024-07-26T17:53:04","date_gmt":"2024-07-26T20:53:04","guid":{"rendered":"https:\/\/grandepremio.com\/es\/2024\/07\/26\/russell-ve-rivales-delante-spa-espera-reaccion\/"},"modified":"2024-07-26T17:53:11","modified_gmt":"2024-07-26T20:53:11","slug":"russell-ve-rivales-delante-spa-espera-reaccion","status":"publish","type":"post","link":"https:\/\/grandepremio.com\/es\/f1\/russell-ve-rivales-delante-spa-espera-reaccion\/","title":{"rendered":"Russell ve a sus rivales &#8220;un paso por delante&#8221; en Spa, pero espera reacci\u00f3n en clasificaci\u00f3n"},"content":{"rendered":"\n<p class=\"wp-block-paragraph\">Despu\u00e9s de que <strong>Lewis Hamilton<\/strong> calificara el viernes de <strong>Mercedes<\/strong> en Spa como <strong>\u201cbastante malo\u201d<\/strong>,<strong> George Russell<\/strong> tambi\u00e9n lament\u00f3 el discreto inicio del equipo en el fin de semana del <strong>Gran Premio de B\u00e9lgica<\/strong> de F\u00f3rmula 1. El brit\u00e1nico reconoci\u00f3 que a\u00fan est\u00e1n <strong>\u201cun paso por detr\u00e1s\u201d <\/strong>de <strong>McLaren<\/strong> y de <strong>Red Bull<\/strong>, pero conf\u00eda en mejorar.<\/p>\n\n\n\n<p class=\"wp-block-paragraph\">\ud83d\udfe5&nbsp;<strong><em>\u00a1Todas las novedades te esperan en el canal de&nbsp;<\/em><\/strong><a href=\"https:\/\/www.youtube.com\/@GrandePremioES\" target=\"_blank\" rel=\"noreferrer noopener\"><em>YouTube<\/em><\/a><strong><em>&nbsp;de Grande Pr\u00eamio en Espa\u00f1ol!<\/em><\/strong>&nbsp;\ud83d\udfe8<\/p>\n\n\n\n<p class=\"wp-block-paragraph\"><strong>&#8220;McLaren est\u00e1 sin duda un paso por delante de nosotros en este momento. Red Bull tambi\u00e9n. Tenemos que seguir evaluando las cosas y avanzar&#8221;<\/strong>, dijo el ganador del GP de Austria, en una direcci\u00f3n algo diferente a la de Hamilton, quien dijo que prefer\u00eda la lluvia para el resto del fin de semana.<\/p>\n\n\n\n<p class=\"wp-block-paragraph\">Por otro lado, Russell no ha querido entrar en detalles sobre el ritmo de carrera del <strong>W15<\/strong>, pero subray\u00f3 que espera evolucionar el coche a lo largo de la noche con vistas a la clasificaci\u00f3n de ma\u00f1ana.<\/p>\n\n\n\n<figure class=\"wp-block-image size-large\"><img decoding=\"async\" src=\"https:\/\/grandepremio.com\/cdn-cgi\/image\/width=893,height=558,fit=contain,gravity=0.5x0.5,quality=75,format=webp\/es\/wp-content\/uploads\/2024\/07\/image-186-1024x683.png\" alt=\"\" class=\"wp-image-248659\"\/><figcaption class=\"wp-element-caption\">George Russell sinti\u00f3 el retraso de Mercedes el viernes en B\u00e9lgica (Foto: Mercedes)<\/figcaption><\/figure>\n\n\n\n<p class=\"wp-block-paragraph\"><strong>&#8220;Acabo de bajarme del coche, as\u00ed que todav\u00eda tengo que ver mejor nuestro ritmo en la simulaci\u00f3n de carrera con el dep\u00f3sito lleno. Creo que el McLaren estaba a plena potencia, lo que te da unas d\u00e9cimas de ventaja en esta pista&#8221;<\/strong>, dijo George.<\/p>\n\n\n\n<p class=\"wp-block-paragraph\"><strong>&#8220;Ma\u00f1ana es definitivamente un d\u00eda diferente, as\u00ed que deber\u00edamos encontrar algo esta noche. Normalmente tenemos buenos viernes y los rivales nos alcanzan el s\u00e1bado, as\u00ed que espero que esta vez sea al rev\u00e9s&#8221;<\/strong>, concluy\u00f3 el #63.<\/p>\n\n\n\n<p class=\"wp-block-paragraph\">\u23e9&nbsp;<em><strong>\u00a1Seguinos en redes por&nbsp;<\/strong><\/em><a href=\"https:\/\/twitter.com\/grandepremioES\" target=\"_blank\" rel=\"noreferrer noopener\"><em>Twitter&nbsp;<\/em><\/a><em><strong>e&nbsp;<\/strong><\/em><a href=\"https:\/\/www.instagram.com\/grandepremioes\/\" target=\"_blank\" rel=\"noreferrer noopener\"><em>Instagram!<\/em><\/a><br><strong>\u23e9<\/strong>&nbsp;<em><strong>Adem\u00e1s, tenemos nuestro&nbsp;<\/strong><\/em><a href=\"https:\/\/whatsapp.com\/channel\/0029VaDZ5zb0gcfDxuwxBM05\" target=\"_blank\" rel=\"noreferrer noopener\"><em>canal de Whatsapp<\/em><\/a><em><strong>&nbsp;con toda la informaci\u00f3n al instante<\/strong><\/em>&nbsp;\ud83c\udfc1<\/p>\n\n\n\n<p class=\"wp-block-paragraph\"><strong>GRANDE PR\u00caMIO<\/strong> sigue EN DIRECTO y EN TIEMPO REAL todas las actividades del Gran Premio de B\u00e9lgica de F\u00f3rmula 1. La FP3 dar\u00e1 inicio ma\u00f1ana, a las 7:30, hora de Buenos Aires y Brasilia.<\/p>\n\n\n\n<figure class=\"wp-block-embed is-type-video is-provider-youtube wp-block-embed-youtube wp-embed-aspect-16-9 wp-has-aspect-ratio\"><div class=\"wp-block-embed__wrapper\">\n<iframe loading=\"lazy\" title=\"GP DE B\u00c9LGICA - LA PREVIA\" width=\"500\" height=\"281\" src=\"https:\/\/www.youtube.com\/embed\/AS3lvsnkzW4?feature=oembed\" frameborder=\"0\" allow=\"accelerometer; autoplay; clipboard-write; encrypted-media; gyroscope; picture-in-picture; web-share\" referrerpolicy=\"strict-origin-when-cross-origin\" allowfullscreen><\/iframe>\n<\/div><\/figure>\n","protected":false},"excerpt":{"rendered":"<p>George Russell, que se ubic\u00f3 cuarto y sexto en los entrenamientos libres del viernes en B\u00e9lgica, destac\u00f3 la mejora del ritmo del equipo con relaci\u00f3n a McLaren y Red Bull.<\/p>\n","protected":false},"author":0,"featured_media":1010248657,"comment_status":"closed","ping_status":"closed","sticky":false,"template":"","format":"standard","meta":{"42wp_featured_image_caption":"","42wp_featured_image_credits":"","42wp_featured_video":"","42wp_featured_image_hidden":false,"42wp_authors_list":[],"footnotes":""},"categories":[5],"tags":[181,179,253,634,199,269,197,206,9580],"42wp_author":[14237],"class_list":["post-12641","post","type-post","status-publish","format-standard","has-post-thumbnail","hentry","category-f1","tag-f1","tag-formula-1","tag-george-russell","tag-gran-premio-de-belgica","tag-lewis-hamilton","tag-mclaren","tag-mercedes","tag-red-bull","tag-w15","42wp_author-gabriel-garcia"],"_links":{"self":[{"href":"https:\/\/grandepremio.com\/es\/wp-json\/wp\/v2\/posts\/12641","targetHints":{"allow":["GET"]}}],"collection":[{"href":"https:\/\/grandepremio.com\/es\/wp-json\/wp\/v2\/posts"}],"about":[{"href":"https:\/\/grandepremio.com\/es\/wp-json\/wp\/v2\/types\/post"}],"replies":[{"embeddable":true,"href":"https:\/\/grandepremio.com\/es\/wp-json\/wp\/v2\/comments?post=12641"}],"version-history":[{"count":0,"href":"https:\/\/grandepremio.com\/es\/wp-json\/wp\/v2\/posts\/12641\/revisions"}],"wp:featuredmedia":[{"embeddable":true,"href":"https:\/\/grandepremio.com\/es\/wp-json\/wp\/v2\/media\/1010248657"}],"wp:attachment":[{"href":"https:\/\/grandepremio.com\/es\/wp-json\/wp\/v2\/media?parent=12641"}],"wp:term":[{"taxonomy":"category","embeddable":true,"href":"https:\/\/grandepremio.com\/es\/wp-json\/wp\/v2\/categories?post=12641"},{"taxonomy":"post_tag","embeddable":true,"href":"https:\/\/grandepremio.com\/es\/wp-json\/wp\/v2\/tags?post=12641"},{"taxonomy":"42wp_author","embeddable":true,"href":"https:\/\/grandepremio.com\/es\/wp-json\/wp\/v2\/42wp_author?post=12641"}],"curies":[{"name":"wp","href":"https:\/\/api.w.org\/{rel}","templated":true}]}}