{"id":12663,"date":"2024-07-26T09:39:19","date_gmt":"2024-07-26T12:39:19","guid":{"rendered":"https:\/\/grandepremio.com\/es\/2024\/07\/26\/alpine-despido-bruno-famin-director-hitech-f1-2024\/"},"modified":"2024-07-26T09:44:10","modified_gmt":"2024-07-26T12:44:10","slug":"alpine-despido-bruno-famin-director-hitech-f1-2024","status":"publish","type":"post","link":"https:\/\/grandepremio.com\/es\/f1\/alpine-despido-bruno-famin-director-hitech-f1-2024\/","title":{"rendered":"Alpine planea salida de Famin en el receso y apunta al jefe de Hitech para F1"},"content":{"rendered":"\n<p class=\"wp-block-paragraph\"><strong>Alpine <\/strong>debe pasar por una nueva reestructuraci\u00f3n t\u00e9cnica en la <strong>F\u00f3rmula 1, <\/strong>ahora con el jefe de equipo. <strong>Bruno Famin,<\/strong> que est\u00e1 en el puesto desde la salida de <strong>Otmar Szafnauer <\/strong>en agosto de 2023, debe ser removido del cargo para dar lugar a <strong>Oliver Oakes<\/strong>, actual jefe de equipo de <strong>Hitech <\/strong>en la <strong>F\u00f3rmula 2<\/strong> y <strong>F\u00f3rmula 3<\/strong>. La noticia es del sitio de la revista alemana Motorsport-Total.<\/p>\n\n\n\n<p class=\"wp-block-paragraph\">\ud83d\udfe5&nbsp;<strong><em>\u00a1Todas las novedades te esperan en el canal de&nbsp;<\/em><\/strong><a href=\"https:\/\/www.youtube.com\/@GrandePremioES\" target=\"_blank\" rel=\"noreferrer noopener\"><em><strong>YouTube<\/strong><\/em><\/a><strong><em>&nbsp;de Grande Pr\u00eamio en Espa\u00f1ol!<\/em><\/strong>&nbsp;\ud83d\udfe8<\/p>\n\n\n\n<p class=\"wp-block-paragraph\">El cambio es otro de los movimientos liderados por <strong>Flavio Briatore<\/strong>, nuevo supervisor especial del equipo. Es por decisi\u00f3n del italiano, por ejemplo, que <strong>Alpine <\/strong>debe dejar de ser fabricante en la <strong>F\u00f3rmula 1<\/strong> para convertirse en cliente de los motores <strong>Mercedes <\/strong>a partir de 2025, antes incluso del cambio de reglamento de 2026.<\/p>\n\n\n\n<p class=\"wp-block-paragraph\">Famin se convirti\u00f3 en jefe de equipo de <strong>Alpine tras la salida de Szafnauer, que ocurri\u00f3 despu\u00e9s del GP de B\u00e9lgica de 2023<\/strong>. La intenci\u00f3n era que el dirigente franc\u00e9s, antiguo CEO del equipo, fuera solo interino, pero termin\u00f3 qued\u00e1ndose en el puesto por la falta de alternativas obvias. No se espera un despido para Bruno, que debe ocupar otro cargo interno en el <strong>Grupo Renault.<\/strong><\/p>\n\n\n\n<p class=\"wp-block-paragraph\">Despu\u00e9s de llegar al equipo, <strong>Briatore <\/strong>quiere un plan a largo plazo y planea aplicarlo durante las vacaciones del verano europeo. <strong>Oakes<\/strong>, de solo 36 a\u00f1os, ser\u00eda el jefe de equipo m\u00e1s joven del paddock actual. Campe\u00f3n mundial de kart, el brit\u00e1nico llama la atenci\u00f3n por el buen desempe\u00f1o en las categor\u00edas inferiores. En la <strong>F\u00f3rmula 2<\/strong>, el equipo ve al estonio <strong>Paul Aron<\/strong> en la lucha por el t\u00edtulo, mientras <strong>Luke Browning <\/strong>pelea por el campeonato en la <strong>F\u00f3rmula 3.<\/strong><\/p>\n\n\n\n<p class=\"wp-block-paragraph\">\u23e9&nbsp;<em><strong>\u00a1Seguinos en redes por&nbsp;<\/strong><\/em><a href=\"https:\/\/twitter.com\/grandepremioES\" target=\"_blank\" rel=\"noreferrer noopener\"><em><strong>Twitter<\/strong>&nbsp;<\/em><\/a><em><strong>e&nbsp;<\/strong><\/em><a href=\"https:\/\/www.instagram.com\/grandepremioes\/\" target=\"_blank\" rel=\"noreferrer noopener\"><em><strong>Instagram!<\/strong><\/em><\/a><br><strong>\u23e9<\/strong>&nbsp;<em><strong>Adem\u00e1s, tenemos nuestro&nbsp;<\/strong><\/em><a href=\"https:\/\/whatsapp.com\/channel\/0029VaDZ5zb0gcfDxuwxBM05\" target=\"_blank\" rel=\"noreferrer noopener\"><em><strong>canal de Whatsapp<\/strong><\/em><\/a><em><strong>&nbsp;con toda la informaci\u00f3n al instante<\/strong><\/em>&nbsp;\ud83c\udfc1<\/p>\n\n\n\n<figure class=\"wp-block-image size-full\"><img decoding=\"async\" src=\"https:\/\/grandepremio.com\/es\/wp-content\/uploads\/2024\/04\/bruno-famin-1024x682-1.png\" alt=\"\" class=\"wp-image-237141\"\/><figcaption class=\"wp-element-caption\">Bruno Famin podr\u00eda dejar su cargo en el equipo Alpine de F1 (Foto: Alpine)<\/figcaption><\/figure>\n\n\n\n<p class=\"wp-block-paragraph\">Alpine vive un mal momento en la <strong>F\u00f3rmula 1<\/strong>. El equipo se encuentra octavo en el Mundial de Constructores, con 9 puntos, con el riesgo de tener el peor desempe\u00f1o desde que la nomenclatura <strong>Renault <\/strong>volvi\u00f3 al Mundial en 2017. Nombres como el exjefe de equipo <strong>Otmar Szafnauer, Alan Permane <\/strong>(director deportivo), <strong>Pat Fry<\/strong> (ejecutivo t\u00e9cnico), <strong>Davide Brivio <\/strong>(director de proyectos de expansi\u00f3n) y <strong>Rob White <\/strong>(director de operaciones) han dejado el equipo en los \u00faltimos a\u00f1os.<\/p>\n\n\n\n<p class=\"wp-block-paragraph\">La&nbsp;<strong><a href=\"https:\/\/es.grandepremio.com\/f1\/\" target=\"_blank\" rel=\"noreferrer noopener\"><\/a><a href=\"https:\/\/es.grandepremio.com\/f1\/\" target=\"_blank\" rel=\"noreferrer noopener\">F\u00f3rmula 1<\/a>&nbsp;<\/strong>regresa este fin de semana, del 26 al 28 de julio, en&nbsp;<strong>Spa-Francorchamps<\/strong>, para disputar el&nbsp;<strong>GP de B\u00e9lgica<\/strong>, \u00faltima fecha antes de las vacaciones de verano en Europa.<\/p>\n\n\n\n<figure class=\"wp-block-embed is-type-video is-provider-youtube wp-block-embed-youtube wp-embed-aspect-16-9 wp-has-aspect-ratio\"><div class=\"wp-block-embed__wrapper\">\n<iframe loading=\"lazy\" title=\"GP DE B\u00c9LGICA - LA PREVIA\" width=\"500\" height=\"281\" src=\"https:\/\/www.youtube.com\/embed\/AS3lvsnkzW4?feature=oembed\" frameborder=\"0\" allow=\"accelerometer; autoplay; clipboard-write; encrypted-media; gyroscope; picture-in-picture; web-share\" referrerpolicy=\"strict-origin-when-cross-origin\" allowfullscreen><\/iframe>\n<\/div><\/figure>\n","protected":false},"excerpt":{"rendered":"<p>Alpine planea cambios en el comando del equipo durante las vacaciones del verano europeo. Con la intervenci\u00f3n de Flavio Briatore, Bruno Famin debe dejar el puesto de jefe del equipo, y el principal objetivo es Oliver Oakes<\/p>\n","protected":false},"author":0,"featured_media":1010246107,"comment_status":"closed","ping_status":"closed","sticky":false,"template":"","format":"standard","meta":{"42wp_featured_image_caption":"","42wp_featured_image_credits":"","42wp_featured_video":"","42wp_featured_image_hidden":false,"42wp_authors_list":[],"footnotes":""},"categories":[5],"tags":[678,2233,181,2249,179,2259,1488,284,10593,4540],"42wp_author":[14235],"class_list":["post-12663","post","type-post","status-publish","format-standard","has-post-thumbnail","hentry","category-f1","tag-alpine","tag-bruno-famin","tag-f1","tag-f1-2024","tag-formula-1","tag-formula-1-2024","tag-grande-premio","tag-hitech","tag-oliver-oakes","tag-temporada-2024-f1","42wp_author-barbara-mincioni"],"_links":{"self":[{"href":"https:\/\/grandepremio.com\/es\/wp-json\/wp\/v2\/posts\/12663","targetHints":{"allow":["GET"]}}],"collection":[{"href":"https:\/\/grandepremio.com\/es\/wp-json\/wp\/v2\/posts"}],"about":[{"href":"https:\/\/grandepremio.com\/es\/wp-json\/wp\/v2\/types\/post"}],"replies":[{"embeddable":true,"href":"https:\/\/grandepremio.com\/es\/wp-json\/wp\/v2\/comments?post=12663"}],"version-history":[{"count":0,"href":"https:\/\/grandepremio.com\/es\/wp-json\/wp\/v2\/posts\/12663\/revisions"}],"wp:featuredmedia":[{"embeddable":true,"href":"https:\/\/grandepremio.com\/es\/wp-json\/wp\/v2\/media\/1010246107"}],"wp:attachment":[{"href":"https:\/\/grandepremio.com\/es\/wp-json\/wp\/v2\/media?parent=12663"}],"wp:term":[{"taxonomy":"category","embeddable":true,"href":"https:\/\/grandepremio.com\/es\/wp-json\/wp\/v2\/categories?post=12663"},{"taxonomy":"post_tag","embeddable":true,"href":"https:\/\/grandepremio.com\/es\/wp-json\/wp\/v2\/tags?post=12663"},{"taxonomy":"42wp_author","embeddable":true,"href":"https:\/\/grandepremio.com\/es\/wp-json\/wp\/v2\/42wp_author?post=12663"}],"curies":[{"name":"wp","href":"https:\/\/api.w.org\/{rel}","templated":true}]}}