{"id":12697,"date":"2024-07-23T17:09:18","date_gmt":"2024-07-23T20:09:18","guid":{"rendered":"https:\/\/grandepremio.com\/es\/2024\/07\/23\/russell-lamenta-oscilaciones-mercedes-no-lejos-red-bull\/"},"modified":"2024-07-23T17:09:25","modified_gmt":"2024-07-23T20:09:25","slug":"russell-lamenta-oscilaciones-mercedes-no-lejos-red-bull","status":"publish","type":"post","link":"https:\/\/grandepremio.com\/es\/f1\/russell-lamenta-oscilaciones-mercedes-no-lejos-red-bull\/","title":{"rendered":"Russell lamenta &#8220;oscilaciones&#8221;, pero ve a Mercedes &#8220;no muy lejos de Red Bull&#8221;"},"content":{"rendered":"\n<p class=\"wp-block-paragraph\">Tras una clasificaci\u00f3n en la que finaliz\u00f3 apenas 17mo, <strong>George Russell <\/strong>recuper\u00f3 hasta el octavo lugar en el <strong>GP de Hungr\u00eda <\/strong>y alab\u00f3 la forma actual de rendimiento del equipo<strong> Mercedes<\/strong> en las \u00faltimas carreras de la <strong>F\u00f3rmula 1<\/strong> y hasta opin\u00f3 de la situaci\u00f3n de <strong>Sergio P\u00e9rez <\/strong>en <strong>Red Bull<\/strong>.<\/p>\n\n\n\n<p class=\"wp-block-paragraph\">El piloto brit\u00e1nico admiti\u00f3 que no se esperaba pelear con el mexicano en la parte final de la carrera y, de hecho, <em>Checo <\/em>acab\u00f3 2.576s delante del #63 en charla con <em>RacingNews 365.com<\/em>: <strong>&#8220;Para ser sincero, su ritmo fue sorprendentemente bueno. Teniendo en cuenta su forma actual, no esper\u00e1bamos tener que luchar con \u00e9l. Su ritmo estaba muy cerca del de Max [Verstappen], pero el da\u00f1o ya estaba hecho [en la clasificaci\u00f3n]. As\u00ed es el deporte, cometes errores y acabas siendo castigado&#8221;.<\/strong><\/p>\n\n\n\n<p class=\"wp-block-paragraph\">\ud83d\udfe5&nbsp;<strong><em>\u00a1Todas las novedades te esperan en el canal de&nbsp;<\/em><\/strong><a href=\"https:\/\/www.youtube.com\/@GrandePremioES\" target=\"_blank\" rel=\"noreferrer noopener\"><em>YouTube<\/em><\/a><strong><em>&nbsp;de Grande Pr\u00eamio en Espa\u00f1ol!<\/em><\/strong>&nbsp;\ud83d\udfe8<\/p>\n\n\n\n<p class=\"wp-block-paragraph\"><\/p>\n\n\n\n<p class=\"wp-block-paragraph\"><strong>&#8220;Sin duda, estamos por delante de Ferrari y no muy lejos de Red Bull. Pero en las \u00faltimas cinco carreras, hemos sido claramente los m\u00e1s r\u00e1pidos en dos ocasiones y la segunda o tercera fuerza en las otras tres&#8221;<\/strong>, evalu\u00f3 George, antes de analizar m\u00e1s concretamente la carrera de Hungr\u00eda.<\/p>\n\n\n\n<figure class=\"wp-block-image size-large\"><img decoding=\"async\" src=\"https:\/\/grandepremio.com\/cdn-cgi\/image\/width=893,height=558,fit=contain,gravity=0.5x0.5,quality=75,format=webp\/es\/wp-content\/uploads\/2024\/07\/hungria-2024-f1-classificacao-mercedes-george-russell-02-1200x800-1-1024x683.jpg\" alt=\"\" class=\"wp-image-248321\"\/><figcaption class=\"wp-element-caption\">George Russell elogi\u00f3 el progreso de Mercedes en las \u00faltimas carreras (Foto: Mercedes)<\/figcaption><\/figure>\n\n\n\n<p class=\"wp-block-paragraph\"><strong>&#8220;Los neum\u00e1ticos duros eran bastante malos, y creo que el hecho de que ambos [pilotos] usaran el mismo compuesto lo comprometi\u00f3 un poco. Como equipo, probablemente fue nuestro fin de semana menos competitivo. Pero Lewis [Hamilton] acaba de subir al podio, es el quinto consecutivo para nosotros como equipo, as\u00ed que sacaremos lo positivo de ello&#8221;<\/strong>, a\u00f1adi\u00f3 Russell.<\/p>\n\n\n\n<p class=\"wp-block-paragraph\">Adem\u00e1s, el ganador del <strong>GP de Austria<\/strong> coment\u00f3 sobre un problema que tiene el <strong>W15 <\/strong>y que afecta a la regularidad en los resultados esta temporada: <strong>&#8220;Parece que nuestro rendimiento fluct\u00faa mucho en funci\u00f3n de la temperatura. Tal vez sean fluctuaciones naturales a lo largo de una temporada, pero definitivamente parece haber cierta correlaci\u00f3n con la temperatura&#8221;.<\/strong><\/p>\n\n\n\n<p class=\"wp-block-paragraph\">Por \u00faltimo, Russell se expres\u00f3 sobre el error de su equipo en la Q1, que lo dej\u00f3 eliminado por el resto de la clasificaci\u00f3n en el <strong>Hungaroring<\/strong>: <strong>&#8220;Todos asumimos la responsabilidad y nos dimos cuenta de lo que pod\u00edamos haber hecho mejor. Al final, todo se reduce a la comunicaci\u00f3n, y probablemente cometimos tres errores durante esa sesi\u00f3n. S\u00f3lo necesit\u00e1bamos evitar uno de ellos y habr\u00edamos pasado c\u00f3modamente [a la Q2]. Y todo depend\u00eda de la comunicaci\u00f3n, as\u00ed que es algo a tener en cuenta para el futuro&#8221;.<\/strong><\/p>\n\n\n\n<p class=\"wp-block-paragraph\">\u23e9&nbsp;<em><strong>\u00a1Seguinos en redes por&nbsp;<\/strong><\/em><a href=\"https:\/\/twitter.com\/grandepremioES\" target=\"_blank\" rel=\"noreferrer noopener\"><em>Twitter&nbsp;<\/em><\/a><em><strong>e&nbsp;<\/strong><\/em><a href=\"https:\/\/www.instagram.com\/grandepremioes\/\" target=\"_blank\" rel=\"noreferrer noopener\"><em>Instagram!<\/em><\/a><br><strong>\u23e9<\/strong>&nbsp;<em><strong>Adem\u00e1s, tenemos nuestro&nbsp;<\/strong><\/em><a href=\"https:\/\/whatsapp.com\/channel\/0029VaDZ5zb0gcfDxuwxBM05\" target=\"_blank\" rel=\"noreferrer noopener\"><em>canal de Whatsapp<\/em><\/a><em><strong>&nbsp;con toda la informaci\u00f3n al instante<\/strong><\/em>&nbsp;\ud83c\udfc1<\/p>\n\n\n\n<p class=\"wp-block-paragraph\">La F\u00f3rmula 1 regresa este fin de semana, del 26 al 28 de julio, en Spa-Francorchamps, para el Gran Premio de B\u00e9lgica, el \u00faltimo antes del par\u00f3n veraniego en Europa.<\/p>\n\n\n\n<figure class=\"wp-block-embed is-type-video is-provider-youtube wp-block-embed-youtube wp-embed-aspect-16-9 wp-has-aspect-ratio\"><div class=\"wp-block-embed__wrapper\">\n<iframe loading=\"lazy\" title=\"GP DE HUNGRIA - LA PREVIA\" width=\"500\" height=\"281\" src=\"https:\/\/www.youtube.com\/embed\/3WRlbYIgC6Q?feature=oembed\" frameborder=\"0\" allow=\"accelerometer; autoplay; clipboard-write; encrypted-media; gyroscope; picture-in-picture; web-share\" referrerpolicy=\"strict-origin-when-cross-origin\" allowfullscreen><\/iframe>\n<\/div><\/figure>\n","protected":false},"excerpt":{"rendered":"<p>Seg\u00fan George Russell, el ritmo de Mercedes en la temporada 2024 sigue muy lastrado por los cambios de temperatura en cada circuito, pero aun as\u00ed asegur\u00f3 que la escuder\u00eda ya est\u00e1 \u00abpor delante de Ferrari\u00bb en el orden de fuerzas en la F\u00f3rmula 1.<\/p>\n","protected":false},"author":0,"featured_media":1000844284,"comment_status":"closed","ping_status":"closed","sticky":false,"template":"","format":"standard","meta":{"42wp_featured_image_caption":"","42wp_featured_image_credits":"","42wp_featured_video":"","42wp_featured_image_hidden":false,"42wp_authors_list":[],"footnotes":""},"categories":[5],"tags":[181,2249,179,253,329,421,378,199,197,206,294,9580],"42wp_author":[14237],"class_list":["post-12697","post","type-post","status-publish","format-standard","has-post-thumbnail","hentry","category-f1","tag-f1","tag-f1-2024","tag-formula-1","tag-george-russell","tag-gp-de-austria","tag-gp-de-hungria","tag-hungaroring","tag-lewis-hamilton","tag-mercedes","tag-red-bull","tag-sergio-perez","tag-w15","42wp_author-gabriel-garcia"],"_links":{"self":[{"href":"https:\/\/grandepremio.com\/es\/wp-json\/wp\/v2\/posts\/12697","targetHints":{"allow":["GET"]}}],"collection":[{"href":"https:\/\/grandepremio.com\/es\/wp-json\/wp\/v2\/posts"}],"about":[{"href":"https:\/\/grandepremio.com\/es\/wp-json\/wp\/v2\/types\/post"}],"replies":[{"embeddable":true,"href":"https:\/\/grandepremio.com\/es\/wp-json\/wp\/v2\/comments?post=12697"}],"version-history":[{"count":0,"href":"https:\/\/grandepremio.com\/es\/wp-json\/wp\/v2\/posts\/12697\/revisions"}],"wp:featuredmedia":[{"embeddable":true,"href":"https:\/\/grandepremio.com\/es\/wp-json\/wp\/v2\/media\/1000844284"}],"wp:attachment":[{"href":"https:\/\/grandepremio.com\/es\/wp-json\/wp\/v2\/media?parent=12697"}],"wp:term":[{"taxonomy":"category","embeddable":true,"href":"https:\/\/grandepremio.com\/es\/wp-json\/wp\/v2\/categories?post=12697"},{"taxonomy":"post_tag","embeddable":true,"href":"https:\/\/grandepremio.com\/es\/wp-json\/wp\/v2\/tags?post=12697"},{"taxonomy":"42wp_author","embeddable":true,"href":"https:\/\/grandepremio.com\/es\/wp-json\/wp\/v2\/42wp_author?post=12697"}],"curies":[{"name":"wp","href":"https:\/\/api.w.org\/{rel}","templated":true}]}}