{"id":12735,"date":"2024-07-21T14:23:14","date_gmt":"2024-07-21T17:23:14","guid":{"rendered":"https:\/\/grandepremio.com\/es\/2024\/07\/21\/carlos-sainz-ferrari-gp-hungria-f1-temporada-2024\/"},"modified":"2024-07-21T19:36:35","modified_gmt":"2024-07-21T22:36:35","slug":"carlos-sainz-ferrari-gp-hungria-f1-temporada-2024","status":"publish","type":"post","link":"https:\/\/grandepremio.com\/es\/f1\/carlos-sainz-ferrari-gp-hungria-f1-temporada-2024\/","title":{"rendered":"Sainz habla de los problemas de embrague tras ser sexto en Hungr\u00eda: &#8220;Afect\u00f3 toda la carrera&#8221;"},"content":{"rendered":"\n<p class=\"wp-block-paragraph\"><strong>Carlos Sainz<\/strong> termin\u00f3 el <strong>Gran Premio de Hungr\u00eda<\/strong> de este domingo en un modesto sexto puesto. Desde el punto de vista del piloto de <strong>Ferrari<\/strong>, esto se debi\u00f3 principalmente a un error que cometi\u00f3 justo en la salida, que le quit\u00f3 cualquier posibilidad de avanzar y quiz\u00e1s luchar por un podio.<\/p>\n\n\n\n<figure class=\"wp-block-embed is-type-video is-provider-youtube wp-block-embed-youtube wp-embed-aspect-16-9 wp-has-aspect-ratio\"><div class=\"wp-block-embed__wrapper\">\n<iframe loading=\"lazy\" title=\"GP DE HUNGR\u00cdA - EL RESUMEN\" width=\"500\" height=\"281\" src=\"https:\/\/www.youtube.com\/embed\/xFykfag5h4U?feature=oembed\" frameborder=\"0\" allow=\"accelerometer; autoplay; clipboard-write; encrypted-media; gyroscope; picture-in-picture; web-share\" referrerpolicy=\"strict-origin-when-cross-origin\" allowfullscreen><\/iframe>\n<\/div><\/figure>\n\n\n\n<p class=\"wp-block-paragraph\">\ud83d\udfe5&nbsp;<strong><em>\u00a1Todas las novedades te esperan en el canal de&nbsp;<\/em><\/strong><a href=\"https:\/\/www.youtube.com\/@GrandePremioES\" target=\"_blank\" rel=\"noreferrer noopener\"><em><strong>YouTube<\/strong><\/em><\/a><strong><em>&nbsp;de Grande Pr\u00eamio en Espa\u00f1ol!<\/em><\/strong>&nbsp;\ud83d\udfe8<\/p>\n\n\n\n<p class=\"wp-block-paragraph\">En declaraciones a DAZN, el espa\u00f1ol explic\u00f3 el problema que tuvo en la salida y c\u00f3mo afect\u00f3 al resto de la carrera. &#8220;En cuanto he apretado el embrague, las ruedas han patinado y he perdido tracci\u00f3n. Esto me ha hecho perder algunas posiciones -de la cuarta a la s\u00e9ptima- y ha puesto en peligro toda la carrera&#8221;.<\/p>\n\n\n\n<p class=\"wp-block-paragraph\">Carlos no puede decir si cometi\u00f3 \u00e9l el error o <strong>Ferrari <\/strong>no funcion\u00f3. Pero el regusto es malo, despu\u00e9s de todo, un buen resultado en Hungaroring habr\u00eda sido importante para la continuaci\u00f3n de la temporada, que empez\u00f3 muy bien pero se estanc\u00f3 cerca de las vacaciones.<\/p>\n\n\n\n<p class=\"wp-block-paragraph\">\u23e9&nbsp;<em><strong>\u00a1Seguinos en redes por&nbsp;<\/strong><\/em><a href=\"https:\/\/twitter.com\/grandepremioES\" target=\"_blank\" rel=\"noreferrer noopener\"><em><strong>Twitter<\/strong>&nbsp;<\/em><\/a><em><strong>e&nbsp;<\/strong><\/em><a href=\"https:\/\/www.instagram.com\/grandepremioes\/\" target=\"_blank\" rel=\"noreferrer noopener\"><em><strong>Instagram!<\/strong><\/em><\/a><br><strong>\u23e9<\/strong>&nbsp;<em><strong>Adem\u00e1s, tenemos nuestro&nbsp;<\/strong><\/em><a href=\"https:\/\/whatsapp.com\/channel\/0029VaDZ5zb0gcfDxuwxBM05\" target=\"_blank\" rel=\"noreferrer noopener\"><em><strong>canal de Whatsapp<\/strong><\/em><\/a><em><strong>&nbsp;con toda la informaci\u00f3n al instante<\/strong><\/em>&nbsp;\ud83c\udfc1<\/p>\n\n\n\n<figure class=\"wp-block-image size-large\"><img decoding=\"async\" src=\"https:\/\/grandepremio.com\/es\/wp-content\/uploads\/2024\/07\/hungria-2024-f1-classificacao-ferrari-carlos-sainz-03-1200x900-1-1024x768.jpg\" alt=\"\" class=\"wp-image-248030\"\/><figcaption class=\"wp-element-caption\">Carlos Sainz (Foto: Ferrari)<\/figcaption><\/figure>\n\n\n\n<p class=\"wp-block-paragraph\">&#8220;Tenemos que analizar si calcul\u00e9 mal o no. Es una pena porque creo que podr\u00edamos haber acabado terceros o cuartos con un buen comienzo. Por supuesto, el resultado final depende mucho de la salida, pero podr\u00eda haberlo hecho mejor al principio&#8221;, dijo.<\/p>\n\n\n\n<p class=\"wp-block-paragraph\">Sainz tambi\u00e9n cree que al SF-24 le falt\u00f3 rendimiento, despu\u00e9s de todo, los neum\u00e1ticos se degradaron muy r\u00e1pido. &#8220;Es verdad, en el primer stint no ten\u00eda el mejor ritmo, hay que analizar por qu\u00e9. Despu\u00e9s de adelantar a <strong>Fernando <\/strong>[<strong>Alonso<\/strong>], gast\u00e9 muchos neum\u00e1ticos y, a partir de ah\u00ed, quien estaba delante de m\u00ed se abri\u00f3 y ya era demasiado tarde&#8221;.<\/p>\n\n\n\n<p class=\"wp-block-paragraph\">Aunque se clasific\u00f3 mejor que su compa\u00f1ero de equipo, <strong>Charles Leclerc<\/strong>, el monegasco tuvo mejor suerte, llegando incluso a luchar por el podio junto al <strong>Mercedes <\/strong>de <strong>Lewis Hamilton.<\/strong> Carlos intent\u00f3 minimizar la haza\u00f1a, afirmando que sus miras deben estar puestas en otro equipo.<\/p>\n\n\n\n<p class=\"wp-block-paragraph\">&#8220;La referencia es <strong>McLaren<\/strong>, no el podio. Creo que los tres primeros peligraron por <strong>Max <\/strong>[<strong>Verstappen<\/strong>], no s\u00e9 qu\u00e9 le pas\u00f3 hoy, al estar tan involucrado en nuestra carrera en lugar de nuestros rivales&#8221;, a\u00f1adi\u00f3.<\/p>\n\n\n\n<p class=\"wp-block-paragraph\"><strong>GRANDE PR\u00caMIO en Espa\u00f1ol sigue en DIRECTO y EN TIEMPO REAL todas las actividades del Gran Premio de Hungr\u00eda de F\u00f3rmula 1.<\/strong><\/p>\n\n\n\n<p class=\"wp-block-paragraph\"><\/p>\n","protected":false},"excerpt":{"rendered":"<p>Seg\u00fan el piloto, el error cometido en la salida puso en peligro cualquier posibilidad de que Carlos Sainz lograra un mejor resultado en el Gran Premio de Hungr\u00eda<\/p>\n","protected":false},"author":0,"featured_media":1010248031,"comment_status":"closed","ping_status":"closed","sticky":false,"template":"","format":"standard","meta":{"42wp_featured_image_caption":"","42wp_featured_image_credits":"","42wp_featured_video":"","42wp_featured_image_hidden":false,"42wp_authors_list":[],"footnotes":""},"categories":[5],"tags":[302,181,2249,185,179,2259,10544,1488,4540],"42wp_author":[14239],"class_list":["post-12735","post","type-post","status-publish","format-standard","has-post-thumbnail","hentry","category-f1","tag-carlos-sainz","tag-f1","tag-f1-2024","tag-ferrari","tag-formula-1","tag-formula-1-2024","tag-gp-de-hungria-2024","tag-grande-premio","tag-temporada-2024-f1","42wp_author-jp-otrosky"],"_links":{"self":[{"href":"https:\/\/grandepremio.com\/es\/wp-json\/wp\/v2\/posts\/12735","targetHints":{"allow":["GET"]}}],"collection":[{"href":"https:\/\/grandepremio.com\/es\/wp-json\/wp\/v2\/posts"}],"about":[{"href":"https:\/\/grandepremio.com\/es\/wp-json\/wp\/v2\/types\/post"}],"replies":[{"embeddable":true,"href":"https:\/\/grandepremio.com\/es\/wp-json\/wp\/v2\/comments?post=12735"}],"version-history":[{"count":0,"href":"https:\/\/grandepremio.com\/es\/wp-json\/wp\/v2\/posts\/12735\/revisions"}],"wp:featuredmedia":[{"embeddable":true,"href":"https:\/\/grandepremio.com\/es\/wp-json\/wp\/v2\/media\/1010248031"}],"wp:attachment":[{"href":"https:\/\/grandepremio.com\/es\/wp-json\/wp\/v2\/media?parent=12735"}],"wp:term":[{"taxonomy":"category","embeddable":true,"href":"https:\/\/grandepremio.com\/es\/wp-json\/wp\/v2\/categories?post=12735"},{"taxonomy":"post_tag","embeddable":true,"href":"https:\/\/grandepremio.com\/es\/wp-json\/wp\/v2\/tags?post=12735"},{"taxonomy":"42wp_author","embeddable":true,"href":"https:\/\/grandepremio.com\/es\/wp-json\/wp\/v2\/42wp_author?post=12735"}],"curies":[{"name":"wp","href":"https:\/\/api.w.org\/{rel}","templated":true}]}}