{"id":12833,"date":"2024-07-16T15:27:13","date_gmt":"2024-07-16T18:27:13","guid":{"rendered":"https:\/\/grandepremio.com\/es\/2024\/07\/16\/marko-aprueba-el-ingreso-de-andretti-pero-ve-obstaculos-politicos-y-financieros-en-la-f1\/"},"modified":"2024-07-17T17:25:52","modified_gmt":"2024-07-17T20:25:52","slug":"marko-aprueba-el-ingreso-de-andretti-pero-ve-obstaculos-politicos-y-financieros-en-la-f1","status":"publish","type":"post","link":"https:\/\/grandepremio.com\/es\/f1\/marko-aprueba-el-ingreso-de-andretti-pero-ve-obstaculos-politicos-y-financieros-en-la-f1\/","title":{"rendered":"Marko aprueba el ingreso de Andretti, pero ve obst\u00e1culos \u00abpol\u00edticos y financieros\u00bb en la F1"},"content":{"rendered":"\n<p class=\"wp-block-paragraph\">La F\u00f3rmula 1 rechaz\u00f3 a comienzos de este a\u00f1o el ingreso del equipo<strong> Andretti <\/strong>desde la temporada 2026, a pesar de que la <strong>FIA<\/strong> (<strong>Federaci\u00f3n Internacional del Autom\u00f3vil)<\/strong> le hab\u00eda brindado la autorizaci\u00f3n para hacerlo. Tanto los jefes de la categor\u00eda como las escuder\u00edas se han negado por razones econ\u00f3micas.<\/p>\n\n\n\n<p class=\"wp-block-paragraph\">Hasta el momento,<strong> Michael Andretti<\/strong> sigue con sus intenciones de llegar a la F1 en asociaci\u00f3n con <strong>General Motors<\/strong> y los motores de <strong>Cadillac<\/strong>, aunque esto podr\u00eda comenzar reci\u00e9n en 2028. La \u00fanica opci\u00f3n ser\u00eda que comprase alg\u00fan equipo existente si sigue la negativa, aunque contin\u00faa con sus planes de construir y desarrollar una gran f\u00e1brica en el Reino Unido.<\/p>\n\n\n\n<figure class=\"wp-block-embed is-type-video is-provider-youtube wp-block-embed-youtube wp-embed-aspect-16-9 wp-has-aspect-ratio\"><div class=\"wp-block-embed__wrapper\">\n<iframe loading=\"lazy\" title=\"FERRARI, DE LA VICTORIA EN M\u00d3NACO AL DECLIVE EN LA F1\" width=\"500\" height=\"281\" src=\"https:\/\/www.youtube.com\/embed\/C2NkgEUAT74?feature=oembed\" frameborder=\"0\" allow=\"accelerometer; autoplay; clipboard-write; encrypted-media; gyroscope; picture-in-picture; web-share\" referrerpolicy=\"strict-origin-when-cross-origin\" allowfullscreen><\/iframe>\n<\/div><\/figure>\n\n\n\n<p class=\"wp-block-paragraph\">\ud83d\udfe5&nbsp;<strong><em>\u00a1Todas las novedades te esperan en el canal de&nbsp;<\/em><\/strong><a href=\"https:\/\/www.youtube.com\/@GrandePremioES\" target=\"_blank\" rel=\"noreferrer noopener\"><em>YouTube<\/em><\/a><strong><em>&nbsp;de Grande Pr\u00eamio en Espa\u00f1ol!<\/em><\/strong>&nbsp;\ud83d\udfe8<\/p>\n\n\n\n<p class=\"wp-block-paragraph\">De las pocas voces a favor de la participaci\u00f3n de Andretti es nada menos que el asesor de <strong>Red Bull<\/strong>, <strong>Helmut Marko<\/strong>, que se mostr\u00f3 interesado en un und\u00e9cimo equipo: <strong>&#8220;Es una situaci\u00f3n dif\u00edcil y no depende de nosotros. Personalmente, creo que tener 11 equipos podr\u00eda beneficiar a la F\u00f3rmula 1. Pero, como siempre, es una situaci\u00f3n financiera&#8221;.<\/strong><\/p>\n\n\n\n<figure class=\"wp-block-image size-large is-resized\"><img decoding=\"async\" src=\"https:\/\/grandepremio.com\/cdn-cgi\/image\/width=893,height=558,fit=contain,gravity=0.5x0.5,quality=75,format=webp\/es\/wp-content\/uploads\/2024\/07\/20240504-0130-1200x801-1-1024x684.jpg\" alt=\"\" class=\"wp-image-247297\" style=\"aspect-ratio:1.496415770609319;width:838px;height:auto\"\/><figcaption class=\"wp-element-caption\">Michael Andretti estuvo en el paddock de la F1 en Miami (Foto: Marco Miltenburg\/Racepictures)<\/figcaption><\/figure>\n\n\n\n<p class=\"wp-block-paragraph\">En opini\u00f3n del ex piloto austr\u00edaco, el problema se podr\u00eda resolver con una intervenci\u00f3n de <strong>Liberty Media<\/strong> para que los equipos no pierdan dinero: &#8220;Los diez equipos existentes han gastado mucho dinero en las \u00faltimas d\u00e9cadas. Ahora, desde que entr\u00f3 el techo de gasto, se ha convertido en una cuesti\u00f3n de negocio. As\u00ed que es comprensible que no quieran llevarse ni regalarse nada del pastel. Por eso, creo que depende de Liberty Media encontrar una soluci\u00f3n para que los equipos existentes no pasen apuros&#8221;.<\/p>\n\n\n\n<p class=\"wp-block-paragraph\">Sin embargo, incluso con el impacto positivo generado por un und\u00e9cimo equipo, como \u00e9l mismo lo describi\u00f3, subray\u00f3 que pueden surgir problemas log\u00edsticos: <strong>&#8220;Al mismo tiempo, creo que un nombre como Andretti o Cadillac tendr\u00eda un efecto positivo. Por otro lado, si tienes 11 equipos, creo que al menos el 50% de los circuitos no tendr\u00e1n garajes para todos ellos. Esto tiene soluci\u00f3n, pero es una cuesti\u00f3n pol\u00edtica y espero que consigan resolverlo&#8221;.<\/strong><\/p>\n\n\n\n<p class=\"wp-block-paragraph\">\u23e9&nbsp;<em><strong>\u00a1Seguinos en redes por&nbsp;<\/strong><\/em><a href=\"https:\/\/twitter.com\/grandepremioES\" target=\"_blank\" rel=\"noreferrer noopener\"><em>Twitter&nbsp;<\/em><\/a><em><strong>e&nbsp;<\/strong><\/em><a href=\"https:\/\/www.instagram.com\/grandepremioes\/\" target=\"_blank\" rel=\"noreferrer noopener\"><em>Instagram!<\/em><\/a><br><strong>\u23e9<\/strong>&nbsp;<em><strong>Adem\u00e1s, tenemos nuestro&nbsp;<\/strong><\/em><a href=\"https:\/\/whatsapp.com\/channel\/0029VaDZ5zb0gcfDxuwxBM05\" target=\"_blank\" rel=\"noreferrer noopener\"><em>canal de Whatsapp<\/em><\/a><em><strong>&nbsp;con toda la informaci\u00f3n al instante<\/strong><\/em>&nbsp;\ud83c\udfc1<\/p>\n\n\n\n<p class=\"wp-block-paragraph\">Tras un intenso triplete de carreras, la F\u00f3rmula 1 se toma un peque\u00f1o descanso y volver\u00e1 entre el 19 y el 21 de julio con el <strong>Gran Premio de Hungr\u00eda<\/strong>, a disputarse en el tradicional circuito de Hungaroring.<\/p>\n\n\n\n<figure class=\"wp-block-embed is-type-video is-provider-youtube wp-block-embed-youtube wp-embed-aspect-16-9 wp-has-aspect-ratio\"><div class=\"wp-block-embed__wrapper\">\n<iframe loading=\"lazy\" title=\"\u00bfQU\u00c9 NECESITA MCLAREN PARA TRIUNFAR EN LA F\u00d3RMULA 1 2024?\" width=\"500\" height=\"281\" src=\"https:\/\/www.youtube.com\/embed\/wcX1suerG-E?start=1&amp;feature=oembed\" frameborder=\"0\" allow=\"accelerometer; autoplay; clipboard-write; encrypted-media; gyroscope; picture-in-picture; web-share\" referrerpolicy=\"strict-origin-when-cross-origin\" allowfullscreen><\/iframe>\n<\/div><\/figure>\n","protected":false},"excerpt":{"rendered":"<p>Helmut Marko, asesor de Red Bull, celebra la incorporaci\u00f3n de un und\u00e9cimo equipo a la parrilla de la F\u00f3rmula 1, pero ve una situaci\u00f3n compleja.<\/p>\n","protected":false},"author":0,"featured_media":1010247293,"comment_status":"closed","ping_status":"closed","sticky":false,"template":"","format":"standard","meta":{"42wp_featured_image_caption":"","42wp_featured_image_credits":"","42wp_featured_video":"","42wp_featured_image_hidden":false,"42wp_authors_list":[],"footnotes":""},"categories":[5],"tags":[597,1560,181,263,179,4892,377,1358,624,920,206],"42wp_author":[14237],"class_list":["post-12833","post","type-post","status-publish","format-standard","has-post-thumbnail","hentry","category-f1","tag-andretti","tag-cadillac","tag-f1","tag-fia","tag-formula-1","tag-general-motors","tag-gran-premio-de-hungria","tag-helmut-marko","tag-liberty-media","tag-michael-andretti","tag-red-bull","42wp_author-gabriel-garcia"],"_links":{"self":[{"href":"https:\/\/grandepremio.com\/es\/wp-json\/wp\/v2\/posts\/12833","targetHints":{"allow":["GET"]}}],"collection":[{"href":"https:\/\/grandepremio.com\/es\/wp-json\/wp\/v2\/posts"}],"about":[{"href":"https:\/\/grandepremio.com\/es\/wp-json\/wp\/v2\/types\/post"}],"replies":[{"embeddable":true,"href":"https:\/\/grandepremio.com\/es\/wp-json\/wp\/v2\/comments?post=12833"}],"version-history":[{"count":0,"href":"https:\/\/grandepremio.com\/es\/wp-json\/wp\/v2\/posts\/12833\/revisions"}],"wp:featuredmedia":[{"embeddable":true,"href":"https:\/\/grandepremio.com\/es\/wp-json\/wp\/v2\/media\/1010247293"}],"wp:attachment":[{"href":"https:\/\/grandepremio.com\/es\/wp-json\/wp\/v2\/media?parent=12833"}],"wp:term":[{"taxonomy":"category","embeddable":true,"href":"https:\/\/grandepremio.com\/es\/wp-json\/wp\/v2\/categories?post=12833"},{"taxonomy":"post_tag","embeddable":true,"href":"https:\/\/grandepremio.com\/es\/wp-json\/wp\/v2\/tags?post=12833"},{"taxonomy":"42wp_author","embeddable":true,"href":"https:\/\/grandepremio.com\/es\/wp-json\/wp\/v2\/42wp_author?post=12833"}],"curies":[{"name":"wp","href":"https:\/\/api.w.org\/{rel}","templated":true}]}}