{"id":12970,"date":"2024-07-06T12:03:35","date_gmt":"2024-07-06T15:03:35","guid":{"rendered":"https:\/\/grandepremio.com\/es\/2024\/07\/06\/jorge-martin-pramac-motogp-temporada-2024-gp-alemania\/"},"modified":"2024-07-06T12:03:44","modified_gmt":"2024-07-06T15:03:44","slug":"jorge-martin-pramac-motogp-temporada-2024-gp-alemania","status":"publish","type":"post","link":"https:\/\/grandepremio.com\/es\/motogp\/jorge-martin-pramac-motogp-temporada-2024-gp-alemania\/","title":{"rendered":"Mart\u00edn domina el sprint en Alemania y vuelve a ganar en MotoGP; Bagnaia, 3\u00ba"},"content":{"rendered":"\n<p class=\"wp-block-paragraph\"><strong>Jorge Mart\u00edn<\/strong> ha vuelto a ganar. L\u00edder del campeonato, el piloto de <strong>Pramac <\/strong>rein\u00f3 en el s\u00e1bado de <strong>Sachsenring<\/strong>. Tras conseguir la pole, perdi\u00f3 el liderato en la salida, pero super\u00f3 a sus rivales en los primeros compases y se limit\u00f3 a controlar el ritmo durante el resto del sprint para volver a la senda del primer escal\u00f3n del podio.<\/p>\n\n\n\n<p class=\"wp-block-paragraph\">\ud83d\udfe5&nbsp;<strong><em>\u00a1Todas las novedades te esperan en el canal de&nbsp;<\/em><\/strong><a href=\"https:\/\/www.youtube.com\/@GrandePremioES\" target=\"_blank\" rel=\"noreferrer noopener\"><strong><em>YouTube<\/em><\/strong><\/a><strong><em>&nbsp;de Grande Pr\u00eamio en Espa\u00f1ol!<\/em><\/strong>&nbsp;\ud83d\udfe8<\/p>\n\n\n\n<p class=\"wp-block-paragraph\">La sorpresa del d\u00eda fue <strong>Miguel Oliveira<\/strong>, que sali\u00f3 en primera l\u00ednea y termin\u00f3 en segunda posici\u00f3n, su primer top 5 del a\u00f1o. <strong>Francesco Bagnaia<\/strong> tom\u00f3 la delantera en la salida, pero perdi\u00f3 la posici\u00f3n y fue escoltado por su compa\u00f1ero de equipo <strong>Enea Bastianini<\/strong> hasta la tercera plaza.<\/p>\n\n\n\n<p class=\"wp-block-paragraph\"><strong>Franco Morbidelli<\/strong> mostr\u00f3 un buen ritmo y termin\u00f3 quinto. En una carrera de recuperaci\u00f3n, <strong>Marc M\u00e1rquez<\/strong> remont\u00f3 desde la 13\u00aa posici\u00f3n, forz\u00f3 varios adelantamientos y se asegur\u00f3 la sexta plaza por s\u00f3lo 0s003 tras superar a <strong>Maverick Vi\u00f1ales<\/strong> en la \u00faltima curva de la carrera. <strong>Brad Binder<\/strong> fue octavo, con <strong>\u00c1lex M\u00e1rquez<\/strong> y <strong>Marco Bezzecchi<\/strong> completando el top ten en el sprint de <strong>Sachsenring<\/strong>.<\/p>\n\n\n\n<p class=\"wp-block-paragraph\">\u23e9\u00a0<em><strong>\u00a1Seguinos en redes por\u00a0<\/strong><\/em><a href=\"https:\/\/twitter.com\/grandepremioES\" target=\"_blank\" rel=\"noreferrer noopener\"><em><strong>Twitter\u00a0<\/strong><\/em><\/a><em><strong>e\u00a0<\/strong><\/em><a href=\"https:\/\/www.instagram.com\/grandepremioes\/\" target=\"_blank\" rel=\"noreferrer noopener\"><em><strong>Instagram!<\/strong><\/em><\/a><br><strong>\u23e9<\/strong>\u00a0<em><strong>Adem\u00e1s, tenemos nuestro\u00a0<\/strong><\/em><a href=\"https:\/\/whatsapp.com\/channel\/0029VaDZ5zb0gcfDxuwxBM05\" target=\"_blank\" rel=\"noreferrer noopener\"><em><strong>canal de Whatsapp<\/strong><\/em><\/a><em><strong>\u00a0con toda la informaci\u00f3n al instante<\/strong><\/em>\u00a0\ud83c\udfc1<\/p>\n\n\n\n<figure class=\"wp-block-image size-large\"><img decoding=\"async\" src=\"https:\/\/grandepremio.com\/es\/wp-content\/uploads\/2024\/07\/SI202407060227_hires_jpeg_24bit_rgb-1200x800-1-1024x683.jpg\" alt=\"\" class=\"wp-image-246450\"\/><figcaption class=\"wp-element-caption\">Jorge Mart\u00edn gan\u00f3 en Alemania y contin\u00faa como l\u00edder del campeonato de MotoGP (Foto: Red Bull Content Pool)<\/figcaption><\/figure>\n\n\n\n<p class=\"wp-block-paragraph\">El <strong>MotoGP <\/strong>vuelve a la acci\u00f3n este domingo, a partir de las 9:00 (hora de Brasilia y Buenos Aires), con el <strong>GP de Alemania<\/strong> en <strong>Sachsenring<\/strong>, novena prueba de la temporada 2024. GRANDE PR\u00caMIO en ESPA\u00d1OL cubrir\u00e1 \u00edntegramente el evento,<\/p>\n\n\n\n<p class=\"has-medium-font-size wp-block-paragraph\"><strong>Conoce c\u00f3mo fue la carrera sprint de MotoGP en Alemania<\/strong><\/p>\n\n\n\n<p class=\"wp-block-paragraph\">La tarde del s\u00e1bado fue soleada y calurosa en <strong>Sachsenring<\/strong>, con temperaturas de 30\u00baC en el aire y 44\u00baC en la pista. Casi todos los pilotos de la parrilla salieron con neum\u00e1ticos duros delante y blandos detr\u00e1s. Las excepciones fueron <strong>Takaaki Nakagami<\/strong> y <strong>Johann Zarco<\/strong>, ambos pilotos de <strong>LCR<\/strong>, con neum\u00e1ticos medios en la parte trasera de sus motos.<\/p>\n\n\n\n<p class=\"wp-block-paragraph\">Al inicio de la segunda vuelta, <strong>Mart\u00edn <\/strong>aprovech\u00f3 el vac\u00edo de la recta, entr\u00f3 por el interior y super\u00f3 a Oliveira para colocarse segundo. M\u00e1s atr\u00e1s, <strong>Marc M\u00e1rquez <\/strong>ya era d\u00e9cimo.<\/p>\n\n\n\n<figure class=\"wp-block-video\"><video class=\"video-js vjs-big-play-centered\" data-gp-vjs=\"1\" controls src=\"https:\/\/grandepremio.com\/es\/wp-content\/uploads\/2024\/07\/motogp-sprint-bagnaia.mp4\"><\/video><figcaption class=\"wp-element-caption\">Francesco Bagnaia tuvo un gran comienzo de carrera sprint en Alemania (Video: MotoGP)<\/figcaption><\/figure>\n\n\n\n<p class=\"wp-block-paragraph\">En la tercera vuelta, <strong>Mart\u00edn <\/strong>se lanz\u00f3 al final de la recta principal, pero <strong>Bagnaia <\/strong>recuper\u00f3 terreno r\u00e1pidamente. Pocas curvas despu\u00e9s, sin embargo, el espa\u00f1ol complet\u00f3 la maniobra, situ\u00e1ndose en primera opci\u00f3n. Oliveira se coloc\u00f3 segundo. Una vuelta m\u00e1s tarde. <strong>Bagnaia <\/strong>intent\u00f3 adelantar a <strong>Oliveira <\/strong>al final de la recta, pero fue superado de inmediato. M\u00e1s atr\u00e1s, <strong>Enea Bastianini<\/strong> reaccion\u00f3 y se coloca cuarto.<\/p>\n\n\n\n<p class=\"wp-block-paragraph\">Mart\u00edn abri\u00f3 r\u00e1pidamente una ventaja de 0s5 sobre <strong>Oliveira<\/strong>, y el portugu\u00e9s marc\u00f3 la mejor vuelta de la carrera. Bagnaia, mientras tanto, fue advertido por exceder los l\u00edmites de pista. <strong>Marc M\u00e1rquez<\/strong> continu\u00f3 su recuperaci\u00f3n tras salir 13\u00ba. El espa\u00f1ol super\u00f3 a su compatriota <strong>Ra\u00fal Fern\u00e1ndez<\/strong>, ubic\u00e1ndose s\u00e9ptimo al final de la sexta vuelta.<\/p>\n\n\n\n<p class=\"wp-block-paragraph\">Las primeras posiciones se manten\u00edan id\u00e9nticas, con los cuatro primeros pilotos separados por s\u00f3lo 0s9. <strong>Bastianini<\/strong> empez\u00f3 a presionar a <strong>Bagnaia<\/strong>, que intentaba acercarse a <strong>Oliveira <\/strong>en cabeza. M\u00e1s atr\u00e1s, <strong>Morbidelli <\/strong>y <strong>Vi\u00f1ales <\/strong>manten\u00edan una intensa batalla por la quinta plaza.<\/p>\n\n\n\n<figure class=\"wp-block-video\"><video class=\"video-js vjs-big-play-centered\" data-gp-vjs=\"1\" controls src=\"https:\/\/grandepremio.com\/es\/wp-content\/uploads\/2024\/07\/motogp-sprint-martin.mp4\"><\/video><figcaption class=\"wp-element-caption\">Jorge Mart\u00edn recupera el liderazgo en Alemania (Video: MotoGP)<\/figcaption><\/figure>\n\n\n\n<p class=\"wp-block-paragraph\">En la recta final de carrera, <strong>Mart\u00edn <\/strong>tom\u00f3 distancia de sus rivales, con 0s8 de ventaja sobre los dem\u00e1s. <strong>Bagnaia <\/strong>presion\u00f3 a <strong>Oliveira <\/strong>en busca de la segunda plaza. Por otra parte, <strong>Pedro Acosta<\/strong> tuvo un d\u00eda dif\u00edcil en Alemania. El debutante cometi\u00f3 un error en la curva 12 a tres vueltas del final y cay\u00f3 al \u00faltimo lugar. En cabeza, Bastianini empez\u00f3 a presionar a su compa\u00f1ero <strong>Bagnaia<\/strong>.<\/p>\n\n\n\n<p class=\"wp-block-paragraph\">Gan\u00f3 <strong>Mart\u00edn<\/strong>, seguido de <strong>Oliveira <\/strong>y <strong>Bagnaia<\/strong>. M\u00e1s atr\u00e1s, <strong>Marc M\u00e1rquez<\/strong> insisti\u00f3 en la \u00faltima curva y super\u00f3 a <strong>Maverick Vi\u00f1ales<\/strong> por s\u00f3lo 0s003 para terminar en sexta posici\u00f3n.<\/p>\n\n\n\n<p class=\"has-medium-font-size wp-block-paragraph\"><strong>MotoGP 2024, GP de Alemania &#8211; Resultados Carrera Sprint:<\/strong><\/p>\n\n\n\n<figure class=\"wp-block-table\"><table><tbody><tr><td>1<\/td><td>J MART\u00cdN<\/td><td>Pramac Ducati<\/td><td>20:18.904<\/td><td>15 vueltas<\/td><\/tr><tr><td>2<\/td><td>M OLIVEIRA<\/td><td>Trackhouse Aprilia<\/td><td>+0.676<\/td><td>&nbsp;<\/td><\/tr><tr><td>3<\/td><td>F BAGNAIA<\/td><td>Ducati<\/td><td>+1.311<\/td><td>&nbsp;<\/td><\/tr><tr><td>3<\/td><td>M M\u00c1RQUEZ<\/td><td>Gresini Ducati<\/td><td>+1.458<\/td><td>&nbsp;<\/td><\/tr><tr><td>4<\/td><td>E BASTIANINI<\/td><td>Ducati<\/td><td>+5.600<\/td><td>&nbsp;<\/td><\/tr><tr><td>5<\/td><td>F MORBIDELLI<\/td><td>Pramac Ducati<\/td><td>+6.281<\/td><td>&nbsp;<\/td><\/tr><tr><td>7<\/td><td>M VI\u00d1ALES<\/td><td>Aprilia<\/td><td>+6.284<\/td><td>&nbsp;<\/td><\/tr><tr><td>8<\/td><td>B BINDER<\/td><td>KTM<\/td><td>+9.201<\/td><td>&nbsp;<\/td><\/tr><tr><td>9<\/td><td>\u00c1 M\u00c1RQUEZ<\/td><td>Gresini Ducati<\/td><td>+10.800<\/td><td>&nbsp;<\/td><\/tr><tr><td>10<\/td><td>M BEZZECCHI<\/td><td>VR46 Ducati<\/td><td>+13.815<\/td><td>&nbsp;<\/td><\/tr><tr><td>11<\/td><td>J MILLER<\/td><td>KTM<\/td><td>+13.960<\/td><td>&nbsp;<\/td><\/tr><tr><td>12<\/td><td>F DI GIANNANTONIO<\/td><td>VR46 Ducati<\/td><td>+14.432<\/td><td>&nbsp;<\/td><\/tr><tr><td>13<\/td><td>F QUARTARARO<\/td><td>Yamaha<\/td><td>+15.329<\/td><td>&nbsp;<\/td><\/tr><tr><td>14<\/td><td>R FERN\u00c1NDEZ<\/td><td>Trackhouse Aprilia<\/td><td>+14.432<\/td><td>&nbsp;<\/td><\/tr><tr><td>15<\/td><td>L MARINI<\/td><td>Honda<\/td><td>+15.430<\/td><td>&nbsp;<\/td><\/tr><tr><td>16<\/td><td>A FERN\u00c1NDEZ<\/td><td>GasGas Tech3<\/td><td>+15.493<\/td><td>&nbsp;<\/td><\/tr><tr><td>17<\/td><td>J ZARCO<\/td><td>LCR Honda<\/td><td>+16.205<\/td><td>&nbsp;<\/td><\/tr><tr><td>18<\/td><td>T NAKAGAMI<\/td><td>LCR Honda<\/td><td>+20.321<\/td><td>&nbsp;<\/td><\/tr><tr><td>19<\/td><td>S BRADL<\/td><td>Honda<\/td><td>+23.733<\/td><td>&nbsp;<\/td><\/tr><tr><td>20<\/td><td>R GARDNER<\/td><td>Yamaha<\/td><td>+26.366<\/td><td>&nbsp;<\/td><\/tr><tr><td>21<\/td><td>J MIR<\/td><td>Honda<\/td><td>+26.668<\/td><td>&nbsp;<\/td><\/tr><tr><td>22<\/td><td>P ACOSTA<\/td><td>GasGas Tech3<\/td><td>+26.715<\/td><td>&nbsp;<\/td><\/tr><\/tbody><\/table><\/figure>\n\n\n\n<figure class=\"wp-block-embed is-type-video is-provider-youtube wp-block-embed-youtube wp-embed-aspect-16-9 wp-has-aspect-ratio\"><div class=\"wp-block-embed__wrapper\">\n<iframe loading=\"lazy\" title=\"GP DE GRAN BRETA\u00d1A - LA PREVIA\" width=\"500\" height=\"281\" src=\"https:\/\/www.youtube.com\/embed\/H4nrPbdYFvM?feature=oembed\" frameborder=\"0\" allow=\"accelerometer; autoplay; clipboard-write; encrypted-media; gyroscope; picture-in-picture; web-share\" referrerpolicy=\"strict-origin-when-cross-origin\" allowfullscreen><\/iframe>\n<\/div><\/figure>\n","protected":false},"excerpt":{"rendered":"<p>Jorge Mart\u00edn perdi\u00f3 el liderato al inicio de la carrera sprint, pero se recuper\u00f3 y control\u00f3 el ritmo para volver a ganar en MotoGP 2024. Miguel Oliveira y Francesco Bagnaia completaron el podio, y Marc M\u00e1rquez remont\u00f3 hasta el sexto lugar.<\/p>\n","protected":false},"author":0,"featured_media":1010246453,"comment_status":"closed","ping_status":"closed","sticky":false,"template":"","format":"standard","meta":{"42wp_featured_image_caption":"","42wp_featured_image_credits":"","42wp_featured_video":"","42wp_featured_image_hidden":false,"42wp_authors_list":[],"footnotes":""},"categories":[8],"tags":[1340,1376,1488,1526,1293,2254,1363,9685],"42wp_author":[14239],"class_list":["post-12970","post","type-post","status-publish","format-standard","has-post-thumbnail","hentry","category-motogp","tag-ducati","tag-francesco-bagnaia","tag-grande-premio","tag-jorge-martin","tag-motogp","tag-motogp-2024","tag-pramac","tag-temporada-2024-motogp","42wp_author-jp-otrosky"],"_links":{"self":[{"href":"https:\/\/grandepremio.com\/es\/wp-json\/wp\/v2\/posts\/12970","targetHints":{"allow":["GET"]}}],"collection":[{"href":"https:\/\/grandepremio.com\/es\/wp-json\/wp\/v2\/posts"}],"about":[{"href":"https:\/\/grandepremio.com\/es\/wp-json\/wp\/v2\/types\/post"}],"replies":[{"embeddable":true,"href":"https:\/\/grandepremio.com\/es\/wp-json\/wp\/v2\/comments?post=12970"}],"version-history":[{"count":0,"href":"https:\/\/grandepremio.com\/es\/wp-json\/wp\/v2\/posts\/12970\/revisions"}],"wp:featuredmedia":[{"embeddable":true,"href":"https:\/\/grandepremio.com\/es\/wp-json\/wp\/v2\/media\/1010246453"}],"wp:attachment":[{"href":"https:\/\/grandepremio.com\/es\/wp-json\/wp\/v2\/media?parent=12970"}],"wp:term":[{"taxonomy":"category","embeddable":true,"href":"https:\/\/grandepremio.com\/es\/wp-json\/wp\/v2\/categories?post=12970"},{"taxonomy":"post_tag","embeddable":true,"href":"https:\/\/grandepremio.com\/es\/wp-json\/wp\/v2\/tags?post=12970"},{"taxonomy":"42wp_author","embeddable":true,"href":"https:\/\/grandepremio.com\/es\/wp-json\/wp\/v2\/42wp_author?post=12970"}],"curies":[{"name":"wp","href":"https:\/\/api.w.org\/{rel}","templated":true}]}}