{"id":12994,"date":"2024-07-05T08:36:06","date_gmt":"2024-07-05T11:36:06","guid":{"rendered":"https:\/\/grandepremio.com\/es\/2024\/07\/05\/espargaro-retira-alemania-dolores-mano-fp1\/"},"modified":"2024-07-05T08:36:14","modified_gmt":"2024-07-05T11:36:14","slug":"espargaro-retira-alemania-dolores-mano-fp1","status":"publish","type":"post","link":"https:\/\/grandepremio.com\/es\/motogp\/espargaro-retira-alemania-dolores-mano-fp1\/","title":{"rendered":"Espargar\u00f3 se retira del GP de Alemania tras sufrir con dolores en la mano durante la FP1"},"content":{"rendered":"\n<p class=\"wp-block-paragraph\">Despu\u00e9s de una dura ca\u00edda durante el <strong>GP de Pa\u00edses Bajos <\/strong>en <strong>Assen<\/strong>, a <strong>Aleix Espargar\u00f3<\/strong> el equipo m\u00e9dico de <strong>MotoGP<\/strong> le permiti\u00f3 participar de las actividades del <strong>GP de Alemania<\/strong>, pero no pudo continuar con la FP1 por los dolores en la mano derecha y se quedar\u00e1 fuera de la ronda en Sachsenring.<\/p>\n\n\n\n<p class=\"wp-block-paragraph\">\ud83d\udfe5&nbsp;<strong><em>\u00a1Todas las novedades te esperan en el canal de&nbsp;<\/em><\/strong><a href=\"https:\/\/www.youtube.com\/@GrandePremioES\" target=\"_blank\" rel=\"noreferrer noopener\"><em>YouTube<\/em><\/a><strong><em>&nbsp;de Grande Pr\u00eamio en Espa\u00f1ol!<\/em><\/strong>&nbsp;\ud83d\udfe8<\/p>\n\n\n\n<p class=\"wp-block-paragraph\">El piloto de Aprilia se fractur\u00f3 el quinto metatarsiano de la mano derecha por la ca\u00edda en Holanda, por lo que prefiri\u00f3 recuperarse para el<strong> GP de Gran Breta\u00f1a<\/strong>, en Silverstone, dentro de un mes, luego del parate del verano europeo del <strong>Mundial de Motociclismo<\/strong>.<\/p>\n\n\n\n<p class=\"wp-block-paragraph\">Aleix declar\u00f3 tras la FP1 que quer\u00eda tratar de correr en Alemania despu\u00e9s de la ca\u00edda en Assen y que el problema es que no pod\u00eda aguantar el dolor que le causaba la mano derecha al manejar: <strong>&#8220;\u00bfQu\u00e9 hago en el sof\u00e1 de casa? Ten\u00eda que intentarlo. Lo m\u00e1s importante es que el m\u00e9dico me ha dicho que la fractura no puede moverse ni empeorar. No creen que pueda pilotar con la mano rota, pero s\u00f3lo es cuesti\u00f3n de mi capacidad para soportar el dolor&#8221;.<\/strong><\/p>\n\n\n\n<figure class=\"wp-block-image size-full\"><img decoding=\"async\" src=\"https:\/\/grandepremio.com\/es\/wp-content\/uploads\/2024\/07\/MotoGP-2024-Holanda-Assen-Sprint-Aleix-Espargaro.jpg\" alt=\"\" class=\"wp-image-246265\"\/><figcaption class=\"wp-element-caption\">Aleix Espargar\u00f3 sufri\u00f3 una fuerte ca\u00edda en la \u00faltima vuelta del sprint en Assen (Foto: Reproducci\u00f3n)<\/figcaption><\/figure>\n\n\n\n<p class=\"wp-block-paragraph\">De esta manera, Aprilia solo presentar\u00e1 una moto en suelo germano, ya que<strong> Lorenzo Savadori<\/strong> se lesion\u00f3 y no pudo tomar el lugar del piloto catal\u00e1n, por eso quiso intentar tomar parte del Gran Premio. Adem\u00e1s, revel\u00f3 que le hab\u00edan hecho un guante especial porque no pod\u00eda apretar la mano.<\/p>\n\n\n\n<p class=\"wp-block-paragraph\">Hay que recordar que la \u00fanica victoria de Aprilia esta temporada la marc\u00f3<strong> Maverick Vi\u00f1ales<\/strong> en el GP de las Am\u00e9ricas, mientras que Espargar\u00f3 ocupa actualmente la novena posici\u00f3n del campeonato con 82 puntos, sin podios en su haber este a\u00f1o.<\/p>\n\n\n\n<p class=\"wp-block-paragraph\">\u23e9&nbsp;<em><strong>\u00a1Seguinos en redes por&nbsp;<\/strong><\/em><a href=\"https:\/\/twitter.com\/grandepremioES\" target=\"_blank\" rel=\"noreferrer noopener\"><em>Twitter&nbsp;<\/em><\/a><em><strong>e&nbsp;<\/strong><\/em><a href=\"https:\/\/www.instagram.com\/grandepremioes\/\" target=\"_blank\" rel=\"noreferrer noopener\"><em>Instagram!<\/em><\/a><br><strong>\u23e9<\/strong>&nbsp;<em><strong>Adem\u00e1s, tenemos nuestro&nbsp;<\/strong><\/em><a href=\"https:\/\/whatsapp.com\/channel\/0029VaDZ5zb0gcfDxuwxBM05\" target=\"_blank\" rel=\"noreferrer noopener\"><em>canal de Whatsapp<\/em><\/a><em><strong>&nbsp;con toda la informaci\u00f3n al instante<\/strong><\/em>&nbsp;\ud83c\udfc1<\/p>\n\n\n\n<p class=\"wp-block-paragraph\">MotoGP volver\u00e1 a girar en Sachsenring a las 10:00, con el entrenamiento que decidir\u00e1 el orden de los pilotos para la Q1 y Q2 de ma\u00f1ana en<strong> Sachsenring<\/strong>. GRANDE PR\u00caMIO cubrir\u00e1 \u00edntegramente el evento.<\/p>\n\n\n\n<figure class=\"wp-block-embed is-type-video is-provider-youtube wp-block-embed-youtube wp-embed-aspect-16-9 wp-has-aspect-ratio\"><div class=\"wp-block-embed__wrapper\">\n<iframe loading=\"lazy\" title=\"GP DE GRAN BRETA\u00d1A - LA PREVIA\" width=\"500\" height=\"281\" src=\"https:\/\/www.youtube.com\/embed\/H4nrPbdYFvM?feature=oembed\" frameborder=\"0\" allow=\"accelerometer; autoplay; clipboard-write; encrypted-media; gyroscope; picture-in-picture; web-share\" referrerpolicy=\"strict-origin-when-cross-origin\" allowfullscreen><\/iframe>\n<\/div><\/figure>\n","protected":false},"excerpt":{"rendered":"<p>Aleix Espargar\u00f3 intent\u00f3 participar del primer entrenamiento del Gran Premio de Alemania de MotoGP en Sachsenring, pero los dolores en la mano por la ca\u00edda en Assen de la semana pasada le obligaron a retirarse del evento. <\/p>\n","protected":false},"author":0,"featured_media":1010246258,"comment_status":"closed","ping_status":"closed","sticky":false,"template":"","format":"standard","meta":{"42wp_featured_image_caption":"","42wp_featured_image_credits":"","42wp_featured_video":"","42wp_featured_image_hidden":false,"42wp_authors_list":[],"footnotes":""},"categories":[8],"tags":[1377,1458,1424,507,1574,1522,1391,2254,1764,1430],"42wp_author":[14237],"class_list":["post-12994","post","type-post","status-publish","format-standard","has-post-thumbnail","hentry","category-motogp","tag-aleix-espargaro","tag-assen","tag-gp-de-alemania","tag-gp-de-gran-bretana","tag-gp-de-paises-bajos","tag-lorenzo-savadori","tag-maverick-vinales","tag-motogp-2024","tag-mundial-de-motociclismo","tag-sachsenring","42wp_author-gabriel-garcia"],"_links":{"self":[{"href":"https:\/\/grandepremio.com\/es\/wp-json\/wp\/v2\/posts\/12994","targetHints":{"allow":["GET"]}}],"collection":[{"href":"https:\/\/grandepremio.com\/es\/wp-json\/wp\/v2\/posts"}],"about":[{"href":"https:\/\/grandepremio.com\/es\/wp-json\/wp\/v2\/types\/post"}],"replies":[{"embeddable":true,"href":"https:\/\/grandepremio.com\/es\/wp-json\/wp\/v2\/comments?post=12994"}],"version-history":[{"count":0,"href":"https:\/\/grandepremio.com\/es\/wp-json\/wp\/v2\/posts\/12994\/revisions"}],"wp:featuredmedia":[{"embeddable":true,"href":"https:\/\/grandepremio.com\/es\/wp-json\/wp\/v2\/media\/1010246258"}],"wp:attachment":[{"href":"https:\/\/grandepremio.com\/es\/wp-json\/wp\/v2\/media?parent=12994"}],"wp:term":[{"taxonomy":"category","embeddable":true,"href":"https:\/\/grandepremio.com\/es\/wp-json\/wp\/v2\/categories?post=12994"},{"taxonomy":"post_tag","embeddable":true,"href":"https:\/\/grandepremio.com\/es\/wp-json\/wp\/v2\/tags?post=12994"},{"taxonomy":"42wp_author","embeddable":true,"href":"https:\/\/grandepremio.com\/es\/wp-json\/wp\/v2\/42wp_author?post=12994"}],"curies":[{"name":"wp","href":"https:\/\/api.w.org\/{rel}","templated":true}]}}