{"id":13013,"date":"2024-07-04T10:43:49","date_gmt":"2024-07-04T13:43:49","guid":{"rendered":"https:\/\/grandepremio.com\/es\/2024\/07\/04\/fabricantes-critican-secuencia-carreras-24-horas-2025\/"},"modified":"2024-07-04T10:43:56","modified_gmt":"2024-07-04T13:43:56","slug":"fabricantes-critican-secuencia-carreras-24-horas-2025","status":"publish","type":"post","link":"https:\/\/grandepremio.com\/es\/resistencia\/fabricantes-critican-secuencia-carreras-24-horas-2025\/","title":{"rendered":"Fabricantes critican la secuencia de carreras de 24 horas en 2025: &#8220;No es sostenible&#8221;"},"content":{"rendered":"\n<p class=\"wp-block-paragraph\">Si la temporada 2024 fue un desaf\u00edo para los equipos y pilotos porque las tres principales carreras de 24 horas, las de N\u00fcrburgring, <strong>Le Mans <\/strong>y Spa, separadas entre s\u00ed cada dos semanas, el a\u00f1o que viene las tres pruebas de resistencia ser\u00e1n en fines de semana seguidos, lo cual ha encendido las alarmas de los fabricantes.<\/p>\n\n\n\n<p class=\"wp-block-paragraph\">El calendario ha cambiado, ciertamente, en los \u00faltimos a\u00f1os, al moverse las <strong>24 horas de N\u00fcrburgring<\/strong> de mayo a junio y adelantarse la carrera en Spa de julio a junio, debido al <strong>GP de B\u00e9lgica<\/strong> de la F\u00f3rmula 1, que tradicionalmente se disputaba a finales de agosto, y se recoloc\u00f3 en julio para hacerle hueco al regreso de Zandvoort.<\/p>\n\n\n\n<p class=\"wp-block-paragraph\">\ud83d\udfe5&nbsp;<strong><em>\u00a1Todas las novedades te esperan en el canal de&nbsp;<\/em><\/strong><a href=\"https:\/\/www.youtube.com\/@GrandePremioES\" target=\"_blank\" rel=\"noreferrer noopener\"><em>YouTube<\/em><\/a><strong><em>&nbsp;de Grande Pr\u00eamio en Espa\u00f1ol!<\/em><\/strong>&nbsp;\ud83d\udfe8<\/p>\n\n\n\n<p class=\"wp-block-paragraph\">De esta manera, en 2025 las tres carreras de 24 horas estar\u00e1n una seguida de la otra: Le Mans en primer t\u00e9rmino, el 14 y 15 de junio, luego la carrera en el<em> \u201cinfierno verde\u201d<\/em>, el 21 y 22 de ese mes, y, finalmente, la competencia de GT3 en Spa, el 28 y 29.<\/p>\n\n\n\n<p class=\"wp-block-paragraph\"><strong>Andreas Roos<\/strong>, el director de <strong>BMW Motorsport<\/strong>, se quej\u00f3 p\u00fablicamente en charla con Sportscar365.com de esta cuesti\u00f3n: <strong>&#8220;Es una gran preocupaci\u00f3n, porque no es factible. Hay cosas en juego. Necesitas gente y no puedes enviarla a la pista cuatro semanas seguidas. En mi opini\u00f3n, tampoco es f\u00edsicamente posible, porque, por ejemplo, cuando tengas que empezar a prepararte aqu\u00ed, todav\u00eda estaremos corriendo en N\u00fcrburgring. As\u00ed que es f\u00edsicamente imposible&#8221;.<\/strong><\/p>\n\n\n\n<figure class=\"wp-block-image size-large\"><img decoding=\"async\" src=\"https:\/\/grandepremio.com\/cdn-cgi\/image\/width=893,height=558,fit=contain,gravity=0.5x0.5,quality=75,format=webp\/es\/wp-content\/uploads\/2024\/07\/image-18-1024x544.png\" alt=\"\" class=\"wp-image-246151\"\/><figcaption class=\"wp-element-caption\">4-wide&#8217; en las 24 Horas de Spa-Francorchamps (Foto: GRANDE PR\u00caMIO)<\/figcaption><\/figure>\n\n\n\n<p class=\"wp-block-paragraph\"><strong>&#8220;Hay gente de BMW involucrada, que hace todas las carreras. Tambi\u00e9n hay equipos implicados, hacemos muchas de estas carreras y es log\u00edsticamente imposible. Esperamos encontrar una soluci\u00f3n. Si no, tendremos que ver qu\u00e9 consecuencias sufrimos&#8221;<\/strong>, concluy\u00f3.<\/p>\n\n\n\n<p class=\"wp-block-paragraph\"><strong>Stefan Wendl,<\/strong> jefe de <strong>Mercedes-AMG Customer Racing<\/strong>, expres\u00f3 su preocupaci\u00f3n: <strong>&#8220;Creo que desde varios puntos de vista y en un grupo de competidores, esto no es sostenible. No s\u00f3lo para los oficiales, sino tambi\u00e9n para los medios de comunicaci\u00f3n, los ingenieros, los mec\u00e1nicos, etc\u00e9tera. Para las marcas involucradas y que trabajan en GT3, con un sistema de apoyo centralizado, creo que hay m\u00e1s marcas que nosotros que lo hacen de esta manera, es muy dif\u00edcil conciliar este trabajo con la demanda de nuestro equipo&#8221;.<\/strong><\/p>\n\n\n\n<p class=\"wp-block-paragraph\"><strong>&#8220;Tienen que preparar mejor las pruebas, analizar las siguientes carreras y tambi\u00e9n dar tiempo a todos para descansar. Son carreras muy exigentes. Creo que todos los que han sobrevivido a una carrera de 24 horas saben cu\u00e1nta energ\u00eda drena el cuerpo y cu\u00e1nto tiempo se tarda en recuperarse despu\u00e9s. As\u00ed que va a ser una secuencia muy dura para mucha gente involucrada en el automovilismo&#8221;<\/strong>, analiz\u00f3.<\/p>\n\n\n\n<p class=\"wp-block-paragraph\">\u23e9&nbsp;<em><strong>\u00a1Seguinos en redes por&nbsp;<\/strong><\/em><a href=\"https:\/\/twitter.com\/grandepremioES\" target=\"_blank\" rel=\"noreferrer noopener\"><em>Twitter&nbsp;<\/em><\/a><em><strong>e&nbsp;<\/strong><\/em><a href=\"https:\/\/www.instagram.com\/grandepremioes\/\" target=\"_blank\" rel=\"noreferrer noopener\"><em>Instagram!<\/em><\/a><br><strong>\u23e9<\/strong>&nbsp;<em><strong>Adem\u00e1s, tenemos nuestro&nbsp;<\/strong><\/em><a href=\"https:\/\/whatsapp.com\/channel\/0029VaDZ5zb0gcfDxuwxBM05\" target=\"_blank\" rel=\"noreferrer noopener\"><em>canal de Whatsapp<\/em><\/a><em><strong>&nbsp;con toda la informaci\u00f3n al instante<\/strong><\/em>&nbsp;\ud83c\udfc1<\/p>\n\n\n\n<p class=\"wp-block-paragraph\">Para 2025, de las tres carreras mencionadas, dos de ellas estar\u00e1n en el calendario 2025 del <strong>Intercontinental GT Challenge<\/strong>: N\u00fcrburgring y Spa. El campeonato de las marcas de GT3 arrancar\u00e1 en febrero con las <strong>12 Horas de Bathurst<\/strong>, en Australia, y se cerrar\u00e1 en octubre con las 6 Horas de Indian\u00e1polis, en Estados Unidos.<\/p>\n\n\n\n<figure class=\"wp-block-embed is-type-video is-provider-youtube wp-block-embed-youtube wp-embed-aspect-16-9 wp-has-aspect-ratio\"><div class=\"wp-block-embed__wrapper\">\n<iframe loading=\"lazy\" title=\"COLAPINTO DA OTRO PASO M\u00c1S RUMBO A LA F\u00d3RMULA 1\" width=\"500\" height=\"281\" src=\"https:\/\/www.youtube.com\/embed\/s2inbpp7o3k?feature=oembed\" frameborder=\"0\" allow=\"accelerometer; autoplay; clipboard-write; encrypted-media; gyroscope; picture-in-picture; web-share\" referrerpolicy=\"strict-origin-when-cross-origin\" allowfullscreen><\/iframe>\n<\/div><\/figure>\n","protected":false},"excerpt":{"rendered":"<p>El jefe de BMW M Motorsport critic\u00f3 el calendario por &#8220;inviable e imposible&#8221;, mientras que el jefe de Mercedes-AMG Customer Racing dijo que la secuencia de carreras de endurance &#8220;no es sostenible&#8221;, ya que las 24 horas de N\u00fcrburgring, Spa y Le Mans se celebrar\u00e1n en fines de semana seguidos en 2025.<\/p>\n","protected":false},"author":0,"featured_media":1010246148,"comment_status":"closed","ping_status":"closed","sticky":false,"template":"","format":"standard","meta":{"42wp_featured_image_caption":"","42wp_featured_image_credits":"","42wp_featured_video":"","42wp_featured_image_hidden":false,"42wp_authors_list":[],"footnotes":""},"categories":[19],"tags":[10186,320,7270,3420,10510,179,646,10512,197,10511],"42wp_author":[14237],"class_list":["post-13013","post","type-post","status-publish","format-standard","has-post-thumbnail","hentry","category-resistencia","tag-12-horas-de-bathurst","tag-24-horas-de-le-mans","tag-24-horas-de-nurburgring","tag-andreas-roos","tag-bmw-motorsport","tag-formula-1","tag-gp-de-belgica","tag-intercontinental-gt-challenge","tag-mercedes","tag-stefan-wendl","42wp_author-gabriel-garcia"],"_links":{"self":[{"href":"https:\/\/grandepremio.com\/es\/wp-json\/wp\/v2\/posts\/13013","targetHints":{"allow":["GET"]}}],"collection":[{"href":"https:\/\/grandepremio.com\/es\/wp-json\/wp\/v2\/posts"}],"about":[{"href":"https:\/\/grandepremio.com\/es\/wp-json\/wp\/v2\/types\/post"}],"replies":[{"embeddable":true,"href":"https:\/\/grandepremio.com\/es\/wp-json\/wp\/v2\/comments?post=13013"}],"version-history":[{"count":0,"href":"https:\/\/grandepremio.com\/es\/wp-json\/wp\/v2\/posts\/13013\/revisions"}],"wp:featuredmedia":[{"embeddable":true,"href":"https:\/\/grandepremio.com\/es\/wp-json\/wp\/v2\/media\/1010246148"}],"wp:attachment":[{"href":"https:\/\/grandepremio.com\/es\/wp-json\/wp\/v2\/media?parent=13013"}],"wp:term":[{"taxonomy":"category","embeddable":true,"href":"https:\/\/grandepremio.com\/es\/wp-json\/wp\/v2\/categories?post=13013"},{"taxonomy":"post_tag","embeddable":true,"href":"https:\/\/grandepremio.com\/es\/wp-json\/wp\/v2\/tags?post=13013"},{"taxonomy":"42wp_author","embeddable":true,"href":"https:\/\/grandepremio.com\/es\/wp-json\/wp\/v2\/42wp_author?post=13013"}],"curies":[{"name":"wp","href":"https:\/\/api.w.org\/{rel}","templated":true}]}}