{"id":1302,"date":"2026-05-11T11:51:06","date_gmt":"2026-05-11T14:51:06","guid":{"rendered":"https:\/\/grandepremio.com\/es\/2026\/05\/11\/24-horas-nurburgring-anuncian-entradas-agotadas-verstappen\/"},"modified":"2026-05-11T11:51:10","modified_gmt":"2026-05-11T14:51:10","slug":"24-horas-nurburgring-anuncian-entradas-agotadas-verstappen","status":"publish","type":"post","link":"https:\/\/grandepremio.com\/es\/resistencia\/24-horas-nurburgring-anuncian-entradas-agotadas-verstappen\/","title":{"rendered":"Las 24 Horas de N\u00fcrburgring anuncian entradas agotadas con Verstappen"},"content":{"rendered":"\n<p class=\"wp-block-paragraph\">En la jornada del domingo se dio a conocer por parte de los organizadores de las <strong>24 horas de N\u00fcrburgring<\/strong>, que ser\u00e1 parte del calendario del <strong>Intercontinental GT Challenge<\/strong>, que las entradas para este a\u00f1o se agotaron por primera vez en la historia de este evento. Adem\u00e1s, recomendaron al p\u00fablico que no acudiera al circuito si no dispon\u00eda de entrada.<\/p>\n\n\n\n<p class=\"wp-block-paragraph\">\ud83d\udfe5&nbsp;<strong><em>\u00a1Todas las novedades te esperan en el canal de&nbsp;<\/em><\/strong><a href=\"https:\/\/www.youtube.com\/@GrandePremioES\"><em>YouTube<\/em><\/a><strong><em>&nbsp;de Grande Pr\u00eamio en Espa\u00f1ol!<\/em><\/strong>&nbsp;\ud83d\udfe8<\/p>\n\n\n\n<p class=\"wp-block-paragraph\">La gran carrera en el <em>\u201cinfierno verde\u201d <\/em>se celebrar\u00e1 por 54\u00b0 ocasi\u00f3n y contar\u00e1 con el debut de <strong>Max Verstappen <\/strong>a bordo de un <strong>Mercedes AMG GT3<\/strong> de su equipo, y que compartir\u00e1 con <strong>Lucas Auer<\/strong>, <strong>Jules Gounon<\/strong> y <strong>Dani Juncadella<\/strong>. Esta prueba es tradicional porque no solo participar\u00e1n autos de GT3, GT4 o TCR, sino monomarcas de <strong>Porsche <\/strong>y <strong>BMW<\/strong>.<\/p>\n\n\n\n<p class=\"wp-block-paragraph\">Adem\u00e1s de Verstappen, se inscribieron otros 160 autos para la carrera, convirti\u00e9ndola en la edici\u00f3n con mayor participaci\u00f3n en N\u00fcrburgring desde 2014. El a\u00f1o pasado, la carrera fue ganada por el equipo <strong>Rowe Racing<\/strong> con Augusto Farfus, Jesse Krohn, <strong>Raffaele Marciello<\/strong> y Kelvin van der Linde.<\/p>\n\n\n\n<figure class=\"wp-block-embed is-type-video is-provider-youtube wp-block-embed-youtube wp-embed-aspect-16-9 wp-has-aspect-ratio\"><div class=\"wp-block-embed__wrapper\">\n<iframe loading=\"lazy\" title=\"COLAPINTO, \u00bfEL NUEVO MEJOR DEL RESTO EN LA F1?\" width=\"500\" height=\"281\" src=\"https:\/\/www.youtube.com\/embed\/WRMB2PyyuCo?feature=oembed\" frameborder=\"0\" allow=\"accelerometer; autoplay; clipboard-write; encrypted-media; gyroscope; picture-in-picture; web-share\" referrerpolicy=\"strict-origin-when-cross-origin\" allowfullscreen><\/iframe>\n<\/div><\/figure>\n\n\n\n<p class=\"wp-block-paragraph\">Hasta el momento, hay un solo piloto argentino inscrito para la carrera y ser\u00e1 otro debut, el del joven <strong>Santiago Baztarrica<\/strong>, que ya particip\u00f3 de la <strong>NLS <\/strong>este a\u00f1o, y lo har\u00e1 con un <em><strong>BMW 240i Racing Cup<\/strong><\/em>, con el que participar\u00e1 de la clase BMW 240i junto a Sven Markert, Benjamin Albers y Yannick F\u00fcbrich. El ex campe\u00f3n de la F\u00f3rmula Nacional tendr\u00e1 el n\u00famero 650 en los laterales del auto.<\/p>\n\n\n\n<p class=\"wp-block-paragraph\">\u23e9&nbsp;<strong><em>\u00a1Seguinos en redes por&nbsp;<\/em><\/strong><a href=\"https:\/\/twitter.com\/grandepremioES\"><em>Twitter&nbsp;<\/em><\/a><strong><em>e&nbsp;<\/em><\/strong><a href=\"https:\/\/www.instagram.com\/grandepremioes\/\"><em>Instagram!<br><\/em><\/a>\u23e9&nbsp;<strong><em>Adem\u00e1s, tenemos nuestro&nbsp;<\/em><\/strong><a href=\"https:\/\/whatsapp.com\/channel\/0029VaDZ5zb0gcfDxuwxBM05\"><em>canal de Whatsapp<\/em><\/a><strong><em>&nbsp;con toda la informaci\u00f3n al instante<\/em><\/strong>&nbsp;\ud83c\udfc1<\/p>\n\n\n\n<p class=\"wp-block-paragraph\">La edici\u00f3n de 2026 de las 24 Horas de N\u00fcrburgring se celebrar\u00e1 entre el 14 y el 17 de mayo. La largada ser\u00e1 el s\u00e1bado desde las 10:00, hora de Buenos Aires.<\/p>\n","protected":false},"excerpt":{"rendered":"<p>Los organizadores de las 24 Horas de N\u00fcrburgring anunciaron que las entradas para la carrera de fin de semana venidero est\u00e1n agotadas por primera vez en la historia del evento, que marcar\u00e1 el debut de Max Verstappen en la competencia.<\/p>\n","protected":false},"author":0,"featured_media":1010400913,"comment_status":"closed","ping_status":"closed","sticky":false,"template":"","format":"standard","meta":{"42wp_featured_image_caption":"","42wp_featured_image_credits":"","42wp_featured_video":"","42wp_featured_image_hidden":false,"42wp_authors_list":[],"footnotes":""},"categories":[19],"tags":[7270,1543,11096,10512,3138,1698,249,13477,10150,308,3136,14116,13942],"42wp_author":[14237],"class_list":["post-1302","post","type-post","status-publish","format-standard","has-post-thumbnail","hentry","category-resistencia","tag-24-horas-de-nurburgring","tag-bmw","tag-dani-juncadella","tag-intercontinental-gt-challenge","tag-jules-gounon","tag-lucas-auer","tag-max-verstappen","tag-mercedes-amg-gt3","tag-nls","tag-porsche","tag-raffaele-marciello","tag-rowe-racing","tag-santiago-baztarrica","42wp_author-gabriel-garcia"],"_links":{"self":[{"href":"https:\/\/grandepremio.com\/es\/wp-json\/wp\/v2\/posts\/1302","targetHints":{"allow":["GET"]}}],"collection":[{"href":"https:\/\/grandepremio.com\/es\/wp-json\/wp\/v2\/posts"}],"about":[{"href":"https:\/\/grandepremio.com\/es\/wp-json\/wp\/v2\/types\/post"}],"replies":[{"embeddable":true,"href":"https:\/\/grandepremio.com\/es\/wp-json\/wp\/v2\/comments?post=1302"}],"version-history":[{"count":0,"href":"https:\/\/grandepremio.com\/es\/wp-json\/wp\/v2\/posts\/1302\/revisions"}],"wp:featuredmedia":[{"embeddable":true,"href":"https:\/\/grandepremio.com\/es\/wp-json\/wp\/v2\/media\/1010400913"}],"wp:attachment":[{"href":"https:\/\/grandepremio.com\/es\/wp-json\/wp\/v2\/media?parent=1302"}],"wp:term":[{"taxonomy":"category","embeddable":true,"href":"https:\/\/grandepremio.com\/es\/wp-json\/wp\/v2\/categories?post=1302"},{"taxonomy":"post_tag","embeddable":true,"href":"https:\/\/grandepremio.com\/es\/wp-json\/wp\/v2\/tags?post=1302"},{"taxonomy":"42wp_author","embeddable":true,"href":"https:\/\/grandepremio.com\/es\/wp-json\/wp\/v2\/42wp_author?post=1302"}],"curies":[{"name":"wp","href":"https:\/\/api.w.org\/{rel}","templated":true}]}}