{"id":13035,"date":"2024-07-03T07:47:00","date_gmt":"2024-07-03T10:47:00","guid":{"rendered":"https:\/\/grandepremio.com\/es\/2024\/07\/03\/marc-marquez-achaca-sancion-toque-bastianini\/"},"modified":"2024-07-02T20:47:47","modified_gmt":"2024-07-02T23:47:47","slug":"marc-marquez-achaca-sancion-toque-bastianini","status":"publish","type":"post","link":"https:\/\/grandepremio.com\/es\/motogp\/marc-marquez-achaca-sancion-toque-bastianini\/","title":{"rendered":"Marc M\u00e1rquez achaca la sanci\u00f3n al toque con Bastianini: &#8220;Estaba controlando la presi\u00f3n&#8221;"},"content":{"rendered":"\n<p class=\"wp-block-paragraph\">El <strong>GP de los Pa\u00edses Bajos <\/strong>del <strong>Mundial de Motociclismo<\/strong> volvi\u00f3 a tener la pol\u00e9mica de la presi\u00f3n m\u00ednima de los neum\u00e1ticos de <strong>Michelin <\/strong>con el recargo de 16 segundos a <strong>Marc M\u00e1rquez<\/strong> por no cumplir con el reglamento tras la carrera en Assen.<\/p>\n\n\n\n<p class=\"wp-block-paragraph\">\ud83d\udfe5&nbsp;<strong><em>\u00a1Todas las novedades te esperan en el canal de&nbsp;<\/em><\/strong><a href=\"https:\/\/www.youtube.com\/@GrandePremioES\" target=\"_blank\" rel=\"noreferrer noopener\"><em>YouTube<\/em><\/a><strong><em>&nbsp;de Grande Pr\u00eamio en Espa\u00f1ol!<\/em><\/strong>&nbsp;\ud83d\udfe8<\/p>\n\n\n\n<p class=\"wp-block-paragraph\">M\u00e1rquez reconoci\u00f3 que dej\u00f3 pasar a <strong>Fabio Di Giannantonio<\/strong> durante la competencia, pero que el toque con<strong> Enea Bastianini<\/strong> de la vuelta 21 fue clave para que cayera la presi\u00f3n de las gomas: <strong>&#8220;Desafortunadamente, aunque ha estado muy cerca, nos hemos quedado fuera de los par\u00e1metros t\u00e9cnicos de presi\u00f3n de neum\u00e1ticos y por eso hemos aceptado la penalizaci\u00f3n. Es una verdadera l\u00e1stima irnos de aqu\u00ed con tan pocos puntos: podr\u00edamos haber conseguido dos cuartos puestos, pero&#8230;&#8221;.<\/strong><\/p>\n\n\n\n<p class=\"wp-block-paragraph\"><strong>Frankie Carchedi<\/strong>, ingeniero jefe de M\u00e1rquez en <strong>Gresini<\/strong>, explic\u00f3 por qu\u00e9 las gomas no respetaban la presi\u00f3n requerida a trav\u00e9s de su cuenta de X: <strong>&#8220;Nos falt\u00f3 0,01 en una vuelta. Sin embargo, tenemos los datos para entender por qu\u00e9 registraba menos de lo que deber\u00eda&#8221;.<\/strong><\/p>\n\n\n\n<figure class=\"wp-block-image size-large\"><img decoding=\"async\" src=\"https:\/\/grandepremio.com\/cdn-cgi\/image\/width=893,height=558,fit=contain,gravity=0.5x0.5,quality=75,format=webp\/es\/wp-content\/uploads\/2024\/07\/MotoGP-2024-Holanda-Assen-Domingo-Gresini-Marc-Marquez-Fabio-Di-Giannantonio-1200x800-1-1024x683.jpeg\" alt=\"\" class=\"wp-image-246042\"\/><figcaption class=\"wp-element-caption\">Marc M\u00e1rquez dej\u00f3 pasar a Fabio Di Giannantonio para controlar la presi\u00f3n (Foto: Gresini)<\/figcaption><\/figure>\n\n\n\n<p class=\"wp-block-paragraph\">Al cabo de la prueba neerlandesa, el seis veces campe\u00f3n revel\u00f3 que sinti\u00f3 la baja presi\u00f3n de los neum\u00e1ticos, y por eso accion\u00f3: <strong>&#8220;He dejado pasar a Diggia para controlar la presi\u00f3n, que era demasiado baja. Lo ten\u00eda todo bajo control hasta el toque con Enea Bastianini. Eso me dej\u00f3 fuera, y cuando volv\u00ed tard\u00e9 dos vueltas en recuperarme y estar tranquilo, pero en esas dos vueltas la presi\u00f3n baj\u00f3. Puedo controlarlo todo, excepto un choque con otro piloto&#8221;.<\/strong><\/p>\n\n\n\n<p class=\"wp-block-paragraph\">M\u00e1s all\u00e1 de haber recibido la sanci\u00f3n, Marc les dijo a los comisarios el motivo del toque con Bastianini: <strong>&#8220;0,01 por una vuelta. Es una pena, pero las reglas son las reglas. De lo \u00fanico que habl\u00e9 con ellos fue del toque con Enea, que fue lo que me hizo estar una vuelta por debajo de la presi\u00f3n. Fue un error, pero un error de equipo. A veces fallo yo. A veces los dem\u00e1s. Esperaba que perdiera una posici\u00f3n y tuviera que devolverla. Pero a \u00e9l no le penalizaron y a m\u00ed s\u00ed&#8221;.<\/strong><\/p>\n\n\n\n<p class=\"wp-block-paragraph\"><strong>&#8220;La discusi\u00f3n con Direcci\u00f3n de Carrera fue que ellos, con los datos que tienen a mano, pod\u00edan ver perfectamente que la baja presi\u00f3n ven\u00eda del toque con Enea. Me dijeron que eso se podr\u00eda tener en cuenta en el futuro, pero de momento las reglas son las reglas&#8221;<\/strong>, concluy\u00f3 el #93.<\/p>\n\n\n\n<p class=\"wp-block-paragraph\">\u23e9&nbsp;<em><strong>\u00a1Seguinos en redes por&nbsp;<\/strong><\/em><a href=\"https:\/\/twitter.com\/grandepremioES\" target=\"_blank\" rel=\"noreferrer noopener\"><em>Twitter&nbsp;<\/em><\/a><em><strong>e&nbsp;<\/strong><\/em><a href=\"https:\/\/www.instagram.com\/grandepremioes\/\" target=\"_blank\" rel=\"noreferrer noopener\"><em>Instagram!<\/em><\/a><br><strong>\u23e9<\/strong>&nbsp;<em><strong>Adem\u00e1s, tenemos nuestro&nbsp;<\/strong><\/em><a href=\"https:\/\/whatsapp.com\/channel\/0029VaDZ5zb0gcfDxuwxBM05\" target=\"_blank\" rel=\"noreferrer noopener\"><em>canal de Whatsapp<\/em><\/a><em><strong>&nbsp;con toda la informaci\u00f3n al instante<\/strong><\/em>&nbsp;\ud83c\udfc1<\/p>\n\n\n\n<p class=\"wp-block-paragraph\">MotoGP vuelve a la acci\u00f3n entre el 5 y el 7 de julio con el GP de Alemania en Sachsenring, novena prueba de la temporada 2024. GRANDE PR\u00caMIO ofrece una cobertura completa del evento.<\/p>\n\n\n\n<figure class=\"wp-block-embed is-type-video is-provider-youtube wp-block-embed-youtube wp-embed-aspect-16-9 wp-has-aspect-ratio\"><div class=\"wp-block-embed__wrapper\">\n<iframe loading=\"lazy\" title=\"COLAPINTO DA OTRO PASO M\u00c1S RUMBO A LA F\u00d3RMULA 1\" width=\"500\" height=\"281\" src=\"https:\/\/www.youtube.com\/embed\/s2inbpp7o3k?feature=oembed\" frameborder=\"0\" allow=\"accelerometer; autoplay; clipboard-write; encrypted-media; gyroscope; picture-in-picture; web-share\" referrerpolicy=\"strict-origin-when-cross-origin\" allowfullscreen><\/iframe>\n<\/div><\/figure>\n","protected":false},"excerpt":{"rendered":"<p>Marc M\u00e1rquez explic\u00f3 que se pas\u00f3 toda la carrera de Assen controlando la presi\u00f3n de sus neum\u00e1ticos e incluso dej\u00f3 pasar a Fabio Di Giannantonio porque vio que estaba por debajo del m\u00ednimo establecido, pero que el toque con Enea Bastianini fue clave para que lo sancionaran. <\/p>\n","protected":false},"author":0,"featured_media":1010246039,"comment_status":"closed","ping_status":"closed","sticky":false,"template":"","format":"standard","meta":{"42wp_featured_image_caption":"","42wp_featured_image_credits":"","42wp_featured_video":"","42wp_featured_image_hidden":false,"42wp_authors_list":[],"footnotes":""},"categories":[8],"tags":[2058,2059,9425,8631,2055,1392,6216,1764],"42wp_author":[14237],"class_list":["post-13035","post","type-post","status-publish","format-standard","has-post-thumbnail","hentry","category-motogp","tag-enea-bastianini","tag-fabio-di-giannantonio","tag-frankie-carchedi","tag-gp-de-los-paises-bajos-2","tag-gresini","tag-marc-marquez-2","tag-michelin","tag-mundial-de-motociclismo","42wp_author-gabriel-garcia"],"_links":{"self":[{"href":"https:\/\/grandepremio.com\/es\/wp-json\/wp\/v2\/posts\/13035","targetHints":{"allow":["GET"]}}],"collection":[{"href":"https:\/\/grandepremio.com\/es\/wp-json\/wp\/v2\/posts"}],"about":[{"href":"https:\/\/grandepremio.com\/es\/wp-json\/wp\/v2\/types\/post"}],"replies":[{"embeddable":true,"href":"https:\/\/grandepremio.com\/es\/wp-json\/wp\/v2\/comments?post=13035"}],"version-history":[{"count":0,"href":"https:\/\/grandepremio.com\/es\/wp-json\/wp\/v2\/posts\/13035\/revisions"}],"wp:featuredmedia":[{"embeddable":true,"href":"https:\/\/grandepremio.com\/es\/wp-json\/wp\/v2\/media\/1010246039"}],"wp:attachment":[{"href":"https:\/\/grandepremio.com\/es\/wp-json\/wp\/v2\/media?parent=13035"}],"wp:term":[{"taxonomy":"category","embeddable":true,"href":"https:\/\/grandepremio.com\/es\/wp-json\/wp\/v2\/categories?post=13035"},{"taxonomy":"post_tag","embeddable":true,"href":"https:\/\/grandepremio.com\/es\/wp-json\/wp\/v2\/tags?post=13035"},{"taxonomy":"42wp_author","embeddable":true,"href":"https:\/\/grandepremio.com\/es\/wp-json\/wp\/v2\/42wp_author?post=13035"}],"curies":[{"name":"wp","href":"https:\/\/api.w.org\/{rel}","templated":true}]}}