{"id":13036,"date":"2024-07-02T17:07:48","date_gmt":"2024-07-02T20:07:48","guid":{"rendered":"https:\/\/grandepremio.com\/es\/2024\/07\/02\/felipe-massa-flavio-briatore-retorno-formula-1\/"},"modified":"2024-07-02T17:07:54","modified_gmt":"2024-07-02T20:07:54","slug":"felipe-massa-flavio-briatore-retorno-formula-1","status":"publish","type":"post","link":"https:\/\/grandepremio.com\/es\/f1\/felipe-massa-flavio-briatore-retorno-formula-1\/","title":{"rendered":"Massa reacciona frente al retorno de Briatore a la F1: &#8220;Hay mucha cosa extra\u00f1a en el mundo&#8221;"},"content":{"rendered":"\n<p class=\"wp-block-paragraph\"><strong>Felipe Massa<\/strong> fue escueto y tajante sobre el regreso de <strong>Flavio Briatore a la F\u00f3rmula 1.<\/strong> El directivo italiano asumi\u00f3 el cargo de asesor ejecutivo de <strong>Alpine, <\/strong>15 a\u00f1os despu\u00e9s de abandonar la escuder\u00eda de Enstone tras el esc\u00e1ndalo del &#8216;Crashgate&#8217; por el accidente intencionado de <strong>Nelsinho Piquet <\/strong>en el <strong>Gran Premio de Singapur de 2008<\/strong>. Posteriormente, Briatore logr\u00f3 revocar una sanci\u00f3n en los tribunales, pero reci\u00e9n retorn\u00f3 al Mundial en 2024. <\/p>\n\n\n\n<p class=\"wp-block-paragraph\">Exjefe del equipo <strong>Renault<\/strong>, el italiano fue uno de los autores intelectuales del accidente de Piquet durante la primera edici\u00f3n del <strong>Gran Premio de Singapur<\/strong>, que se disput\u00f3 en la recta final de la temporada 2008 de F\u00f3rmula 1, con Massa, entonces en Ferrari, luchando por el t\u00edtulo contra <strong>Lewis Hamilton<\/strong>, entonces en <strong>McLaren<\/strong>. El choque, ideado para beneficiar a <strong>Fernando Alonso<\/strong>, perjudic\u00f3 a Felipe, que lideraba la carrera y perdi\u00f3 cualquier opci\u00f3n de triunfo tras un error de la Scuderia durante una parada en boxes.<\/p>\n\n\n\n<p class=\"wp-block-paragraph\"><strong><em>\u00a1Todas las novedades te esperan en el canal de\u00a0<a href=\"https:\/\/www.youtube.com\/@GrandePremioES\" target=\"_blank\" rel=\"noreferrer noopener\">YouTube<\/a>\u00a0de Grande Pr\u00eamio en Espa\u00f1ol!<\/em><\/strong><\/p>\n\n\n\n<figure class=\"wp-block-image size-full\"><img decoding=\"async\" src=\"https:\/\/grandepremio.com\/es\/wp-content\/uploads\/2024\/06\/Briatore.jpg\" alt=\"\" class=\"wp-image-244218\"\/><figcaption class=\"wp-element-caption\">Flavio Briatore volvi\u00f3 oficialmente a la F1 de la mano de Alpine (Foto: Carl Bingham)<\/figcaption><\/figure>\n\n\n\n<p class=\"wp-block-paragraph\">Al final, los puntos perdidos por Massa fueron cruciales para su derrota al final del a\u00f1o, que vio a Hamilton coronarse campe\u00f3n del mundo por un solo punto.<strong> Bernie Ecclestone<\/strong>, patr\u00f3n de la F1 en aquel momento, hizo unas declaraciones en marzo de 2023 a la web alemana F1 Insider en las que afirmaba que conoc\u00eda la manipulaci\u00f3n, pero decidi\u00f3 no exponer la informaci\u00f3n. Enfadado, Felipe present\u00f3 una demanda para que se le reconociera como campe\u00f3n del mundo de 2008.<\/p>\n\n\n\n<p class=\"wp-block-paragraph\">El esc\u00e1ndalo no sali\u00f3 a la luz hasta 2009, semanas despu\u00e9s de que Nelsinho fuera despedido de Renault. Tras una investigaci\u00f3n, la <strong>FIA <\/strong>anunci\u00f3 la expulsi\u00f3n de Briatore y del director de ingenier\u00eda<strong> Pat Symonds. <\/strong>Sin embargo, ambas prohibiciones fueron revocadas, y Symonds lleg\u00f3 incluso a trabajar para la<strong> F\u00f3rmula 1.<\/strong><\/p>\n\n\n\n<p class=\"wp-block-paragraph\">Consultado por la web alemana Motorsport-Total, Felipe evit\u00f3 hacer m\u00e1s comentarios.&#8221;No tengo nada que decir. Las noticias hablan por s\u00ed solas. Hay muchas cosas extra\u00f1as en el mundo&#8221;, expres\u00f3 el brasile\u00f1o, que quiere que el organismo rector admita que viol\u00f3 sus propias reglas y se le considere vencedor del t\u00edtulo de ese a\u00f1o. En su reclamo, tambi\u00e9n pidi\u00f3 una compensaci\u00f3n econ\u00f3mica de m\u00e1s de 80 millones de d\u00f3lares.<\/p>\n\n\n\n<p class=\"wp-block-paragraph\"><strong><em>\u00a1Seguinos en redes por&nbsp;<\/em><\/strong><strong><em><a target=\"_blank\" href=\"https:\/\/twitter.com\/grandepremioES\" rel=\"noreferrer noopener\">Twitter&nbsp;<\/a><\/em><\/strong><strong><em>e&nbsp;<\/em><\/strong><strong><em><a target=\"_blank\" href=\"https:\/\/www.instagram.com\/grandepremioes\/\" rel=\"noreferrer noopener\">Instagram!<\/a><\/em><\/strong><br><strong><em>Adem\u00e1s, tenemos nuestro&nbsp;<\/em><\/strong><strong><em><a target=\"_blank\" href=\"https:\/\/whatsapp.com\/channel\/0029VaDZ5zb0gcfDxuwxBM05\" rel=\"noreferrer noopener\">canal de Whatsapp<\/a><\/em><\/strong><strong><em>&nbsp;con toda la informaci\u00f3n al instante<\/em><\/strong><\/p>\n\n\n\n<figure class=\"wp-block-embed is-type-video is-provider-youtube wp-block-embed-youtube wp-embed-aspect-16-9 wp-has-aspect-ratio\"><div class=\"wp-block-embed__wrapper\">\n<iframe loading=\"lazy\" title=\"MASSA EXIGE JUSTICIA Y PIDE SER PROCLAMADO CAMPE\u00d3N DE F1 2008\" width=\"500\" height=\"281\" src=\"https:\/\/www.youtube.com\/embed\/HI4qSw_KN7w?feature=oembed\" frameborder=\"0\" allow=\"accelerometer; autoplay; clipboard-write; encrypted-media; gyroscope; picture-in-picture; web-share\" referrerpolicy=\"strict-origin-when-cross-origin\" allowfullscreen><\/iframe>\n<\/div><\/figure>\n\n\n\n<p class=\"wp-block-paragraph\">La demanda de Massa se present\u00f3 en la King&#8217;s Bench Division, una de las tres divisiones del Tribunal Superior de Justicia del Reino Unido. Felipe intenta demostrar que los demandados sab\u00edan que el accidente durante la carrera en Marina Bay fue deliberado. Y que se enteraron de ello incluso antes de la ceremonia que proclam\u00f3 campe\u00f3n a Lewis Hamilton aquel a\u00f1o. El texto tambi\u00e9n demuestra que, durante el Gran Premio de Brasil de 2008, el padre de Nelsinho, Nelson Piquet, notific\u00f3 al entonces director de carrera, Charlie Whiting, que su hijo se hab\u00eda estrellado intencionadamente, por orden del personal del equipo.<\/p>\n","protected":false},"excerpt":{"rendered":"<p>Perjudicado por una maniobra tramposa por parte de Flavio Briatore hace 15 a\u00f1os en la F\u00f3rmula 1, Felipe Massa se manifest\u00f3 ante el retorno del dirigente italiano a la m\u00e1xima categor\u00eda.<\/p>\n","protected":false},"author":0,"featured_media":1010235268,"comment_status":"closed","ping_status":"closed","sticky":false,"template":"","format":"standard","meta":{"42wp_featured_image_caption":"","42wp_featured_image_credits":"","42wp_featured_video":"","42wp_featured_image_hidden":false,"42wp_authors_list":[],"footnotes":""},"categories":[5],"tags":[6638,181,2249,755,2326,179,2259],"42wp_author":[14223],"class_list":["post-13036","post","type-post","status-publish","format-standard","has-post-thumbnail","hentry","category-f1","tag-crashgate","tag-f1","tag-f1-2024","tag-felipe-massa","tag-flavio-briatore","tag-formula-1","tag-formula-1-2024","42wp_author-esteban-nieto"],"_links":{"self":[{"href":"https:\/\/grandepremio.com\/es\/wp-json\/wp\/v2\/posts\/13036","targetHints":{"allow":["GET"]}}],"collection":[{"href":"https:\/\/grandepremio.com\/es\/wp-json\/wp\/v2\/posts"}],"about":[{"href":"https:\/\/grandepremio.com\/es\/wp-json\/wp\/v2\/types\/post"}],"replies":[{"embeddable":true,"href":"https:\/\/grandepremio.com\/es\/wp-json\/wp\/v2\/comments?post=13036"}],"version-history":[{"count":0,"href":"https:\/\/grandepremio.com\/es\/wp-json\/wp\/v2\/posts\/13036\/revisions"}],"wp:featuredmedia":[{"embeddable":true,"href":"https:\/\/grandepremio.com\/es\/wp-json\/wp\/v2\/media\/1010235268"}],"wp:attachment":[{"href":"https:\/\/grandepremio.com\/es\/wp-json\/wp\/v2\/media?parent=13036"}],"wp:term":[{"taxonomy":"category","embeddable":true,"href":"https:\/\/grandepremio.com\/es\/wp-json\/wp\/v2\/categories?post=13036"},{"taxonomy":"post_tag","embeddable":true,"href":"https:\/\/grandepremio.com\/es\/wp-json\/wp\/v2\/tags?post=13036"},{"taxonomy":"42wp_author","embeddable":true,"href":"https:\/\/grandepremio.com\/es\/wp-json\/wp\/v2\/42wp_author?post=13036"}],"curies":[{"name":"wp","href":"https:\/\/api.w.org\/{rel}","templated":true}]}}