{"id":13045,"date":"2024-07-02T09:12:10","date_gmt":"2024-07-02T12:12:10","guid":{"rendered":"https:\/\/grandepremio.com\/es\/2024\/07\/02\/williams-honra-empleados-colores-britanicos-gp-gran-bretana\/"},"modified":"2024-07-02T11:19:04","modified_gmt":"2024-07-02T14:19:04","slug":"williams-honra-empleados-colores-britanicos-gp-gran-bretana","status":"publish","type":"post","link":"https:\/\/grandepremio.com\/es\/f1\/williams-honra-empleados-colores-britanicos-gp-gran-bretana\/","title":{"rendered":"Williams honra a sus empleados con la bandera Union Jack en el GP de Gran Breta\u00f1a"},"content":{"rendered":"\n<p class=\"wp-block-paragraph\">Este martes, el equipo <strong>Williams <\/strong>dio a conocer una especial decoraci\u00f3n que tendr\u00e1n los coches de <strong>Alexander Albon<\/strong> y <strong>Logan Sargeant<\/strong> para el <strong>GP de Gran Breta\u00f1a<\/strong>, en Silverstone. El equipo lucir\u00e1 la bandera del Reino Unido con un detalle: llevar\u00e1 los nombres de los 1.005 empleados del equipo impresos en los colores azul, blanco y rojo de la bandera.<\/p>\n\n\n\n<p class=\"wp-block-paragraph\">\ud83d\udfe5&nbsp;<strong><em>\u00a1Todas las novedades te esperan en el canal de&nbsp;<\/em><\/strong><a href=\"https:\/\/www.youtube.com\/@GrandePremioES\" target=\"_blank\" rel=\"noreferrer noopener\"><em>YouTube<\/em><\/a><strong><em>&nbsp;de Grande Pr\u00eamio en Espa\u00f1ol!<\/em><\/strong>&nbsp;\ud83d\udfe8<\/p>\n\n\n\n<p class=\"wp-block-paragraph\">Si bien la sede principal de Williams est\u00e1 en <strong>Grove<\/strong>, un pueblo de Oxfordshire, al sur de Inglaterra, tambi\u00e9n tiene sus bases en Nueva York y en Londres, esto se debe a la compra del fondo de inversi\u00f3n, <strong>Dorilton Capital<\/strong>, a la familia de <strong>Frank Williams<\/strong> en 2020.<\/p>\n\n\n\n<p class=\"wp-block-paragraph\">La iniciativa, seg\u00fan el comunicado oficial del equipo, es <strong>&#8220;en agradecimiento a todos los que han estado trabajando incansablemente en la sede con la misi\u00f3n de devolver al equipo a lo m\u00e1s alto de la parrilla&#8221;<\/strong>. <strong>&#8220;Sus nombres se han incorporado intr\u00ednsecamente al dise\u00f1o rojo, blanco y azul de la cubierta del motor<\/strong>&#8220;, a\u00f1adi\u00f3 Williams.<\/p>\n\n\n\n<figure class=\"wp-block-video\"><video class=\"video-js vjs-big-play-centered\" data-gp-vjs=\"1\" controls src=\"https:\/\/grandepremio.com\/es\/wp-content\/uploads\/2024\/07\/Video-institucional-pintura-Williams-Inglaterra-F1.mp4\"><\/video><figcaption class=\"wp-element-caption\">Williams presenta una decoraci\u00f3n especial para el Gran Premio de Gran Breta\u00f1a de F1 (V\u00eddeo: Williams)<\/figcaption><\/figure>\n\n\n\n<p class=\"wp-block-paragraph\">Adem\u00e1s, y lo que puede causar cierta pol\u00e9mica entre los fans argentinos, hay que mencionar que <strong>Franco Colapinto<\/strong>, piloto argentino, se subir\u00e1 al auto de Sargeant en la FP1 y tendr\u00e1 la oportunidad de subirse por primera vez al FW46 en una sesi\u00f3n oficial de un Gran Premio de F\u00f3rmula 1.<\/p>\n\n\n\n<p class=\"wp-block-paragraph\">Colapinto ya tiene experiencia con el auto de Williams en los test de pilotos debutantes de diciembre del a\u00f1o pasado, en Abu Dhabi. El joven de 21 a\u00f1os est\u00e1 quinto en el campeonato de F\u00f3rmula 2, con 75 puntos, y tiene dos podios y una victoria, en \u00cdmola. <strong>Paul Aron<\/strong> lidera la clasificaci\u00f3n con 117 puntos.<\/p>\n\n\n\n<p class=\"wp-block-paragraph\">\u23e9&nbsp;<em><strong>\u00a1Seguinos en redes por&nbsp;<\/strong><\/em><a href=\"https:\/\/twitter.com\/grandepremioES\" target=\"_blank\" rel=\"noreferrer noopener\"><em>Twitter&nbsp;<\/em><\/a><em><strong>e&nbsp;<\/strong><\/em><a href=\"https:\/\/www.instagram.com\/grandepremioes\/\" target=\"_blank\" rel=\"noreferrer noopener\"><em>Instagram!<\/em><\/a><br><strong>\u23e9<\/strong>&nbsp;<em><strong>Adem\u00e1s, tenemos nuestro&nbsp;<\/strong><\/em><a href=\"https:\/\/whatsapp.com\/channel\/0029VaDZ5zb0gcfDxuwxBM05\" target=\"_blank\" rel=\"noreferrer noopener\"><em>canal de Whatsapp<\/em><\/a><em><strong>&nbsp;con toda la informaci\u00f3n al instante<\/strong><\/em>&nbsp;\ud83c\udfc1<\/p>\n\n\n\n<p class=\"wp-block-paragraph\">La F\u00f3rmula 1 volver\u00e1 a Silverstone del 5 al 7 de julio para el Gran Premio de Gran Breta\u00f1a, el \u00faltimo de la actual triple cita. GRANDE PR\u00caMIO seguir\u00e1 todas las actividades de la temporada 2024.<\/p>\n\n\n\n<figure class=\"wp-block-embed is-type-video is-provider-youtube wp-block-embed-youtube wp-embed-aspect-16-9 wp-has-aspect-ratio\"><div class=\"wp-block-embed__wrapper\">\n<iframe loading=\"lazy\" title=\"COLAPINTO DA OTRO PASO M\u00c1S RUMBO A LA F\u00d3RMULA 1\" width=\"500\" height=\"281\" src=\"https:\/\/www.youtube.com\/embed\/s2inbpp7o3k?feature=oembed\" frameborder=\"0\" allow=\"accelerometer; autoplay; clipboard-write; encrypted-media; gyroscope; picture-in-picture; web-share\" referrerpolicy=\"strict-origin-when-cross-origin\" allowfullscreen><\/iframe>\n<\/div><\/figure>\n","protected":false},"excerpt":{"rendered":"<p>Williams escribi\u00f3 los nombres de los 1.005 empleados que forman parte de las sedes de Grove, Londres y Nueva York mezclados con los colores brit\u00e1nicos sobre el FW45 para el Gran Premio de la Gran Breta\u00f1a, que comenzar\u00e1 el viernes en Silverstone. <\/p>\n","protected":false},"author":0,"featured_media":1010245959,"comment_status":"closed","ping_status":"closed","sticky":false,"template":"","format":"standard","meta":{"42wp_featured_image_caption":"","42wp_featured_image_credits":"","42wp_featured_video":"","42wp_featured_image_hidden":false,"42wp_authors_list":[],"footnotes":""},"categories":[5],"tags":[293,663,181,2249,179,814,664,507,2094,285,1088,1224],"42wp_author":[14237],"class_list":["post-13045","post","type-post","status-publish","format-standard","has-post-thumbnail","hentry","category-f1","tag-alexander-albon","tag-dorilton-capital","tag-f1","tag-f1-2024","tag-formula-1","tag-franco-colapinto","tag-frank-williams","tag-gp-de-gran-bretana","tag-grove","tag-logan-sargeant","tag-paul-aron","tag-williams-racing","42wp_author-gabriel-garcia"],"_links":{"self":[{"href":"https:\/\/grandepremio.com\/es\/wp-json\/wp\/v2\/posts\/13045","targetHints":{"allow":["GET"]}}],"collection":[{"href":"https:\/\/grandepremio.com\/es\/wp-json\/wp\/v2\/posts"}],"about":[{"href":"https:\/\/grandepremio.com\/es\/wp-json\/wp\/v2\/types\/post"}],"replies":[{"embeddable":true,"href":"https:\/\/grandepremio.com\/es\/wp-json\/wp\/v2\/comments?post=13045"}],"version-history":[{"count":0,"href":"https:\/\/grandepremio.com\/es\/wp-json\/wp\/v2\/posts\/13045\/revisions"}],"wp:featuredmedia":[{"embeddable":true,"href":"https:\/\/grandepremio.com\/es\/wp-json\/wp\/v2\/media\/1010245959"}],"wp:attachment":[{"href":"https:\/\/grandepremio.com\/es\/wp-json\/wp\/v2\/media?parent=13045"}],"wp:term":[{"taxonomy":"category","embeddable":true,"href":"https:\/\/grandepremio.com\/es\/wp-json\/wp\/v2\/categories?post=13045"},{"taxonomy":"post_tag","embeddable":true,"href":"https:\/\/grandepremio.com\/es\/wp-json\/wp\/v2\/tags?post=13045"},{"taxonomy":"42wp_author","embeddable":true,"href":"https:\/\/grandepremio.com\/es\/wp-json\/wp\/v2\/42wp_author?post=13045"}],"curies":[{"name":"wp","href":"https:\/\/api.w.org\/{rel}","templated":true}]}}