{"id":13056,"date":"2024-07-01T11:13:37","date_gmt":"2024-07-01T14:13:37","guid":{"rendered":"https:\/\/grandepremio.com\/es\/2024\/07\/01\/williams-confirma-a-colapinto-para-pilotar-el-fw46-en-la-fp1-del-gp-de-gran-bretana\/"},"modified":"2024-07-01T14:31:58","modified_gmt":"2024-07-01T17:31:58","slug":"williams-confirma-a-colapinto-para-pilotar-el-fw46-en-la-fp1-del-gp-de-gran-bretana","status":"publish","type":"post","link":"https:\/\/grandepremio.com\/es\/f1\/williams-confirma-a-colapinto-para-pilotar-el-fw46-en-la-fp1-del-gp-de-gran-bretana\/","title":{"rendered":"Williams confirma a Colapinto para pilotar el FW46 en la FP1 del GP de Gran Breta\u00f1a"},"content":{"rendered":"\n<figure class=\"wp-block-embed is-type-video is-provider-youtube wp-block-embed-youtube wp-embed-aspect-16-9 wp-has-aspect-ratio\"><div class=\"wp-block-embed__wrapper\">\n<iframe loading=\"lazy\" title=\"COLAPINTO DA OTRO PASO M\u00c1S RUMBO A LA F\u00d3RMULA 1\" width=\"500\" height=\"281\" src=\"https:\/\/www.youtube.com\/embed\/s2inbpp7o3k?feature=oembed\" frameborder=\"0\" allow=\"accelerometer; autoplay; clipboard-write; encrypted-media; gyroscope; picture-in-picture; web-share\" referrerpolicy=\"strict-origin-when-cross-origin\" allowfullscreen><\/iframe>\n<\/div><\/figure>\n\n\n\n<p class=\"wp-block-paragraph\">El equipo <strong>Williams <\/strong>anunci\u00f3 este lunes que <strong>Franco Colapinto<\/strong> ser\u00e1 parte de las pr\u00e1cticas libres matutinas del viernes en la previa del <strong>GP de Gran Breta\u00f1a<\/strong>, que se disputar\u00e1 en <strong>Silverstone <\/strong>el pr\u00f3ximo fin de semana. El 5 de julio el argentino probar\u00e1 el <strong>FW46 <\/strong>tras lograr el segundo lugar en la carrera dominical de la <strong>F\u00f3rmula 2<\/strong> en <strong>Austria<\/strong>.<\/p>\n\n\n\n<p class=\"wp-block-paragraph\"><strong>\u23e9&nbsp;<em>\u00a1Seguinos en redes por&nbsp;<\/em><a href=\"https:\/\/twitter.com\/grandepremioES\" target=\"_blank\" rel=\"noreferrer noopener\"><em>Twitter&nbsp;<\/em><\/a><em>e&nbsp;<\/em><a href=\"https:\/\/www.instagram.com\/grandepremioes\/\" target=\"_blank\" rel=\"noreferrer noopener\"><em>Instagram!<\/em><\/a><br>\u23e9&nbsp;<em>Adem\u00e1s, tenemos nuestro&nbsp;<\/em><a href=\"https:\/\/whatsapp.com\/channel\/0029VaDZ5zb0gcfDxuwxBM05\" target=\"_blank\" rel=\"noreferrer noopener\"><em>canal de Whatsapp<\/em><\/a><em>&nbsp;con toda la informaci\u00f3n al instante<\/em>&nbsp;\ud83c\udfc1<\/strong><\/p>\n\n\n\n<p class=\"wp-block-paragraph\"><strong>Colapinto<\/strong> es parte de la academia de <strong>Williams<\/strong> desde hace ya dos temporadas, y en las pr\u00e1cticas de postemporada 2023 en <strong>Abu Dhabi <\/strong>tuvo su primer contacto con un <strong>F\u00f3rmula 1<\/strong>. \u00c9sta vez, el argentino se subir\u00e1 al <strong>FW46<\/strong>, auto de la vigente temporada para ser parte de las pr\u00e1cticas libres de la ma\u00f1ana. Quinto en el campeonato de <strong>F\u00f3rmula 2<\/strong>, celebr\u00f3 la decisi\u00f3n del equipo de Grove de subirlo al auto de F1. <\/p>\n\n\n\n<p class=\"wp-block-paragraph\">\u201cEstoy lleno de emociones,\u201d destac\u00f3 <strong>Colapinto <\/strong>en el comunicado emitido por Williams. <strong>\u201cEstoy extremadamente encantado y es un momento muy importante en mi vida y en mi carrera. Estar\u00e9 lo m\u00e1s preparado posible. Dar\u00e9 muchas vueltas en el simulador y estudiar\u00e9 los detalles necesarios para conducir el auto de este a\u00f1o. Estoy muy ansioso por experimentar el nuevo coche despu\u00e9s de haber conducido el del a\u00f1o pasado en Abu Dhabi&#8221;<\/strong>, agreg\u00f3. <\/p>\n\n\n\n<figure class=\"wp-block-image size-large\"><img decoding=\"async\" src=\"https:\/\/grandepremio.com\/es\/wp-content\/uploads\/2024\/06\/Colapinto-1024x684.jpg\" alt=\"\" class=\"wp-image-245504\"\/><figcaption class=\"wp-element-caption\">Franco Colapinto actualmente est\u00e1 quinto en el campeonato de F2 (Foto: Reproducci\u00f3n)<\/figcaption><\/figure>\n\n\n\n<p class=\"wp-block-paragraph\">Tambi\u00e9n en el comunicado, <strong>Colapinto <\/strong>mand\u00f3 un mensaje a la efusiva afici\u00f3n de su pa\u00eds. <strong>&#8220;A todos los fan\u00e1ticos argentinos: \u00a1Espero que disfruten FP1 tanto como yo lo voy a hacer! Es un momento importante para nuestro pa\u00eds y estoy muy agradecido por todo el apoyo que me han brindado. <\/strong>\u00a1Voy a dar todo para que se sientan orgullosos!\u201d, finaliz\u00f3.<\/p>\n\n\n\n<p class=\"wp-block-paragraph\">\ud83d\udfe5&nbsp;<strong><em>\u00a1Todas las novedades te esperan en el canal de&nbsp;<\/em><\/strong><a href=\"https:\/\/www.youtube.com\/@GrandePremioES\" target=\"_blank\" rel=\"noreferrer noopener\"><em>YouTube<\/em><\/a><strong><em>&nbsp;de Grande Pr\u00eamio en Espa\u00f1ol!<\/em><\/strong>&nbsp;\ud83d\udfe8<\/p>\n\n\n\n<p class=\"wp-block-paragraph\">En la <strong>temporada 2024 de F\u00f3rmula 2<\/strong>, el piloto del <strong>MP Motorsport <\/strong>cuenta con una victoria en <strong>\u00cdmola <\/strong>y dos podios en <strong>Barcelona <\/strong>y <strong>Austria<\/strong>. Actualmente acumula 75 unidades y est\u00e1 a 42 puntos del l\u00edder del campeonato, Paul Aron.<\/p>\n\n\n\n<p class=\"wp-block-paragraph\">La actividad de la <strong>F\u00f3rmula 1 <\/strong>en <strong>Silverstone<\/strong> comenzar\u00e1 con la <strong>FP1 <\/strong>en donde participar\u00e1 <strong>Colapinto <\/strong>este viernes por la ma\u00f1ana. <strong>GRANDE PR\u00caMIO <\/strong>cubrir\u00e1 el evento en vivo y en tiempo real. <\/p>\n\n\n\n<figure class=\"wp-block-embed is-type-video is-provider-youtube wp-block-embed-youtube wp-embed-aspect-16-9 wp-has-aspect-ratio\"><div class=\"wp-block-embed__wrapper\">\n<iframe loading=\"lazy\" title=\"GP DE AUSTRIA - EL RESUMEN\" width=\"500\" height=\"281\" src=\"https:\/\/www.youtube.com\/embed\/pFsEvsVHIk8?feature=oembed\" frameborder=\"0\" allow=\"accelerometer; autoplay; clipboard-write; encrypted-media; gyroscope; picture-in-picture; web-share\" referrerpolicy=\"strict-origin-when-cross-origin\" allowfullscreen><\/iframe>\n<\/div><\/figure>\n","protected":false},"excerpt":{"rendered":"<p>El piloto argentino Franco Colapinto fue confirmado este lunes para pilotar el auto de Williams en el primer entrenamiento libre en Silverstone<\/p>\n","protected":false},"author":0,"featured_media":1010241748,"comment_status":"closed","ping_status":"closed","sticky":false,"template":"","format":"standard","meta":{"42wp_featured_image_caption":"","42wp_featured_image_credits":"","42wp_featured_video":"","42wp_featured_image_hidden":false,"42wp_authors_list":[],"footnotes":""},"categories":[5],"tags":[181,2249,179,211,814,9872,507,1739,1488,480,204,10117],"42wp_author":[14235],"class_list":["post-13056","post","type-post","status-publish","format-standard","has-post-thumbnail","hentry","category-f1","tag-f1","tag-f1-2024","tag-formula-1","tag-formula-2","tag-franco-colapinto","tag-fw46","tag-gp-de-gran-bretana","tag-gran-bretana","tag-grande-premio","tag-silverstone","tag-williams","tag-williams-fw46","42wp_author-barbara-mincioni"],"_links":{"self":[{"href":"https:\/\/grandepremio.com\/es\/wp-json\/wp\/v2\/posts\/13056","targetHints":{"allow":["GET"]}}],"collection":[{"href":"https:\/\/grandepremio.com\/es\/wp-json\/wp\/v2\/posts"}],"about":[{"href":"https:\/\/grandepremio.com\/es\/wp-json\/wp\/v2\/types\/post"}],"replies":[{"embeddable":true,"href":"https:\/\/grandepremio.com\/es\/wp-json\/wp\/v2\/comments?post=13056"}],"version-history":[{"count":0,"href":"https:\/\/grandepremio.com\/es\/wp-json\/wp\/v2\/posts\/13056\/revisions"}],"wp:featuredmedia":[{"embeddable":true,"href":"https:\/\/grandepremio.com\/es\/wp-json\/wp\/v2\/media\/1010241748"}],"wp:attachment":[{"href":"https:\/\/grandepremio.com\/es\/wp-json\/wp\/v2\/media?parent=13056"}],"wp:term":[{"taxonomy":"category","embeddable":true,"href":"https:\/\/grandepremio.com\/es\/wp-json\/wp\/v2\/categories?post=13056"},{"taxonomy":"post_tag","embeddable":true,"href":"https:\/\/grandepremio.com\/es\/wp-json\/wp\/v2\/tags?post=13056"},{"taxonomy":"42wp_author","embeddable":true,"href":"https:\/\/grandepremio.com\/es\/wp-json\/wp\/v2\/42wp_author?post=13056"}],"curies":[{"name":"wp","href":"https:\/\/api.w.org\/{rel}","templated":true}]}}