{"id":13128,"date":"2024-06-28T14:35:19","date_gmt":"2024-06-28T17:35:19","guid":{"rendered":"https:\/\/grandepremio.com\/es\/2024\/06\/28\/norris-buenas-posibilidades-duelo-verstappen-austria\/"},"modified":"2024-06-28T14:35:26","modified_gmt":"2024-06-28T17:35:26","slug":"norris-buenas-posibilidades-duelo-verstappen-austria","status":"publish","type":"post","link":"https:\/\/grandepremio.com\/es\/f1\/norris-buenas-posibilidades-duelo-verstappen-austria\/","title":{"rendered":"Norris ve &#8220;buenas posibilidades&#8221; de batirse en duelo con Verstappen en sprint de Austria"},"content":{"rendered":"\n<p class=\"wp-block-paragraph\"><strong>Lando Norris<\/strong> volvi\u00f3 a demostrar una gran performance en la clasificaci\u00f3n sprint del <strong>GP de Austria<\/strong> al acabar segundo este viernes en la tanda cronometrada y solo fue superado por mil\u00e9simas con el autor de la pole, <strong>Max Verstappen<\/strong>, quien marc\u00f3 1:04.686. A pesar de su frustraci\u00f3n por no salir primero, el piloto de <strong>McLaren<\/strong> augura un duelo con el holand\u00e9s en la carrera del s\u00e1bado.<\/p>\n\n\n\n<p class=\"wp-block-paragraph\">\ud83d\udfe5&nbsp;<strong><em>\u00a1Todas las novedades te esperan en el canal de&nbsp;<\/em><\/strong><a href=\"https:\/\/www.youtube.com\/@GrandePremioES\" target=\"_blank\" rel=\"noreferrer noopener\"><em>YouTube<\/em><\/a><strong><em>&nbsp;de Grande Pr\u00eamio en Espa\u00f1ol!<\/em><\/strong>&nbsp;\ud83d\udfe8<\/p>\n\n\n\n<p class=\"wp-block-paragraph\">Al cabo de la clasificaci\u00f3n, el piloto brit\u00e1nico coment\u00f3 que no ten\u00edan la mejor puesta a punto para el <strong>MCL38<\/strong> de cara a la SQ3, que defini\u00f3 a los diez mejores clasificados para la carrera corta del fin de semana. M\u00e1s all\u00e1 de esto, se mostr\u00f3 conforme con lo que pudieron lograr hoy.<\/p>\n\n\n\n<p class=\"wp-block-paragraph\"><strong>&#8220;Creo que es razonablemente bueno. Para ser honesto, no me sent\u00ed c\u00f3modo con el coche hasta mi \u00faltima vuelta, as\u00ed que estoy contento con lo que hicimos&#8221;<\/strong>, dijo Norris.<\/p>\n\n\n\n<figure class=\"wp-block-image size-large\"><img decoding=\"async\" src=\"https:\/\/grandepremio.com\/cdn-cgi\/image\/width=893,height=558,fit=contain,gravity=0.5x0.5,quality=75,format=webp\/es\/wp-content\/uploads\/2024\/06\/image-146-1024x683.png\" alt=\"\" class=\"wp-image-245359\"\/><figcaption class=\"wp-element-caption\">Lando Norris durante el viernes en Austria (Foto: McLaren)<\/figcaption><\/figure>\n\n\n\n<p class=\"wp-block-paragraph\"><strong>&#8220;Estamos m\u00e1s cerca de lo que hemos estado todo el a\u00f1o, casi sin diferencias. Ha sido una gran vuelta de Max, pero creo que estoy en una buena posici\u00f3n para el sprint de ma\u00f1ana. Por lo que estamos viendo en este momento, s\u00ed [a por la victoria con Verstappen]. A menos que eso cambie&#8221;<\/strong>, a\u00f1adi\u00f3.<\/p>\n\n\n\n<p class=\"wp-block-paragraph\">De cara a la carrera de ma\u00f1ana, Verstappen y Norris invertir\u00e1n las posiciones de largada del GP de Espa\u00f1a, con Lando por delante del campe\u00f3n del mundo y piloto de Red Bull, que domin\u00f3 la jornada de viernes.<\/p>\n\n\n\n<p class=\"wp-block-paragraph\">\u23e9&nbsp;<em><strong>\u00a1Seguinos en redes por&nbsp;<\/strong><\/em><a href=\"https:\/\/twitter.com\/grandepremioES\" target=\"_blank\" rel=\"noreferrer noopener\"><em>Twitter&nbsp;<\/em><\/a><em><strong>e&nbsp;<\/strong><\/em><a href=\"https:\/\/www.instagram.com\/grandepremioes\/\" target=\"_blank\" rel=\"noreferrer noopener\"><em>Instagram!<\/em><\/a><br><strong>\u23e9<\/strong>&nbsp;<em><strong>Adem\u00e1s, tenemos nuestro&nbsp;<\/strong><\/em><a href=\"https:\/\/whatsapp.com\/channel\/0029VaDZ5zb0gcfDxuwxBM05\" target=\"_blank\" rel=\"noreferrer noopener\"><em>canal de Whatsapp<\/em><\/a><em><strong>&nbsp;con toda la informaci\u00f3n al instante<\/strong><\/em>&nbsp;\ud83c\udfc1<\/p>\n\n\n\n<p class=\"wp-block-paragraph\">GRANDE PR\u00caMIO sigue en DIRECTO y EN TIEMPO REAL todas las actividades del Gran Premio de Austria de F\u00f3rmula 1. La carrera Sprint ser\u00e1 el s\u00e1bado a las 7:00, hora de Buenos Aires y Brasilia.<\/p>\n\n\n\n<figure class=\"wp-block-embed is-type-video is-provider-youtube wp-block-embed-youtube wp-embed-aspect-16-9 wp-has-aspect-ratio\"><div class=\"wp-block-embed__wrapper\">\n<iframe loading=\"lazy\" title=\"GP DE AUSTRIA - LA PREVIA\" width=\"500\" height=\"281\" src=\"https:\/\/www.youtube.com\/embed\/5AWf7LfxB4Q?feature=oembed\" frameborder=\"0\" allow=\"accelerometer; autoplay; clipboard-write; encrypted-media; gyroscope; picture-in-picture; web-share\" referrerpolicy=\"strict-origin-when-cross-origin\" allowfullscreen><\/iframe>\n<\/div><\/figure>\n","protected":false},"excerpt":{"rendered":"<p>El piloto de McLaren, Lando Norris, revel\u00f3 que no se hab\u00eda sentido c\u00f3modo en el MCL38 hasta su \u00faltimo intento en la clasificaci\u00f3n para la carrera sprint del Gran Premio de Austria.<\/p>\n","protected":false},"author":0,"featured_media":1010245351,"comment_status":"closed","ping_status":"closed","sticky":false,"template":"","format":"standard","meta":{"42wp_featured_image_caption":"","42wp_featured_image_credits":"","42wp_featured_video":"","42wp_featured_image_hidden":false,"42wp_authors_list":[],"footnotes":""},"categories":[5],"tags":[181,2249,179,329,268,249,9770,269],"42wp_author":[14237],"class_list":["post-13128","post","type-post","status-publish","format-standard","has-post-thumbnail","hentry","category-f1","tag-f1","tag-f1-2024","tag-formula-1","tag-gp-de-austria","tag-lando-norris","tag-max-verstappen","tag-mcl38","tag-mclaren","42wp_author-gabriel-garcia"],"_links":{"self":[{"href":"https:\/\/grandepremio.com\/es\/wp-json\/wp\/v2\/posts\/13128","targetHints":{"allow":["GET"]}}],"collection":[{"href":"https:\/\/grandepremio.com\/es\/wp-json\/wp\/v2\/posts"}],"about":[{"href":"https:\/\/grandepremio.com\/es\/wp-json\/wp\/v2\/types\/post"}],"replies":[{"embeddable":true,"href":"https:\/\/grandepremio.com\/es\/wp-json\/wp\/v2\/comments?post=13128"}],"version-history":[{"count":0,"href":"https:\/\/grandepremio.com\/es\/wp-json\/wp\/v2\/posts\/13128\/revisions"}],"wp:featuredmedia":[{"embeddable":true,"href":"https:\/\/grandepremio.com\/es\/wp-json\/wp\/v2\/media\/1010245351"}],"wp:attachment":[{"href":"https:\/\/grandepremio.com\/es\/wp-json\/wp\/v2\/media?parent=13128"}],"wp:term":[{"taxonomy":"category","embeddable":true,"href":"https:\/\/grandepremio.com\/es\/wp-json\/wp\/v2\/categories?post=13128"},{"taxonomy":"post_tag","embeddable":true,"href":"https:\/\/grandepremio.com\/es\/wp-json\/wp\/v2\/tags?post=13128"},{"taxonomy":"42wp_author","embeddable":true,"href":"https:\/\/grandepremio.com\/es\/wp-json\/wp\/v2\/42wp_author?post=13128"}],"curies":[{"name":"wp","href":"https:\/\/api.w.org\/{rel}","templated":true}]}}