{"id":13181,"date":"2024-06-26T09:56:00","date_gmt":"2024-06-26T12:56:00","guid":{"rendered":"https:\/\/grandepremio.com\/es\/2024\/06\/26\/aston-martin-falta-tiempo-tras-dichos-alonso\/"},"modified":"2024-06-26T09:56:08","modified_gmt":"2024-06-26T12:56:08","slug":"aston-martin-falta-tiempo-tras-dichos-alonso","status":"publish","type":"post","link":"https:\/\/grandepremio.com\/es\/f1\/aston-martin-falta-tiempo-tras-dichos-alonso\/","title":{"rendered":"&#8220;Tenemos que mantener la l\u00ednea&#8221;: Aston Martin ve falta de tiempo tras dichos de Alonso"},"content":{"rendered":"\n<p class=\"wp-block-paragraph\">Luego de que <strong>Fernando Alonso <\/strong>dijera tras el <strong>GP de Espa\u00f1a<\/strong> que a <strong>Aston Martin<\/strong> le convendr\u00eda traer m\u00e1s mejoras al coche que hablar, la escuder\u00eda se ha comenzado a mover en el mercado de pases, presionando por fichar a <strong>Adrian Newey<\/strong>, quien se ir\u00e1 de Red Bull, o bien al jefe t\u00e9cnico de Ferrari, <strong>Enrico Cardile<\/strong>.<\/p>\n\n\n\n<p class=\"wp-block-paragraph\">\ud83d\udfe5&nbsp;<strong><em>\u00a1Todas las novedades te esperan en el canal de&nbsp;<\/em><\/strong><a href=\"https:\/\/www.youtube.com\/@GrandePremioES\" target=\"_blank\" rel=\"noreferrer noopener\"><em>YouTube<\/em><\/a><strong><em>&nbsp;de Grande Pr\u00eamio en Espa\u00f1ol!<\/em><\/strong>&nbsp;\ud83d\udfe8<\/p>\n\n\n\n<p class=\"wp-block-paragraph\">Tras no haber sumado puntos con ninguno de los dos autos en Barcelona, el equipo de <strong>Silverstone <\/strong>ha visto como hasta <strong>Alpine<\/strong>, que arranc\u00f3 al fondo del pelot\u00f3n este a\u00f1o, los ha superado para colocar a ambos autos en el top diez. En este momento tan bajo, <strong>Mike Krack<\/strong>, jefe de equipo, adujo que el triplete de carreras de la F1 hace complicado poder llevar actualizaciones al <strong>AMR24<\/strong>.<\/p>\n\n\n\n<p class=\"wp-block-paragraph\"><strong>&#8220;Es uno de los problemas que tiene: en este momento estamos en una racha de cinco carreras en seis semanas. Entendimos muchas cosas despu\u00e9s de M\u00f3naco, Imola y Canad\u00e1, cuando sumamos 14 puntos con este mismo coche, pero ahora tenemos que resolver estos problemas. No hay tiempo, esa es la gran cuesti\u00f3n ahora&#8221;<\/strong>, dijo Krack despu\u00e9s de la pobre performance en suelo espa\u00f1ol.<\/p>\n\n\n\n<figure class=\"wp-block-image size-large\"><img decoding=\"async\" src=\"https:\/\/grandepremio.com\/cdn-cgi\/image\/width=893,height=558,fit=contain,gravity=0.5x0.5,quality=75,format=webp\/es\/wp-content\/uploads\/2024\/06\/espanha-2024-f1-treino-livre-aston-martin-fernando-alonso-02-1-1200x800-1-1024x683.jpg\" alt=\"\" class=\"wp-image-245029\"\/><figcaption class=\"wp-element-caption\">Fernando Alonso s\u00f3lo fue 12\u00ba en el Gran Premio de Espa\u00f1a (Foto: Aston Martin)<\/figcaption><\/figure>\n\n\n\n<p class=\"wp-block-paragraph\"><strong>&#8220;As\u00ed que tenemos que mantener la l\u00ednea, sacar el m\u00e1ximo del coche cada fin de semana de carrera y traer actualizaciones lo antes posible&#8221;<\/strong>, agreg\u00f3. Luego, dijo que comprenden los problemas del auto y que intentar\u00e1n mejorar el coche con m\u00e1s mejoras: <strong>&#8220;Yo tambi\u00e9n tengo ese optimismo, y lo necesito. Por lo que puedo ver, es alentador. Tenemos un mejor entendimiento que antes, algo que nos da confianza de cara al futuro. Seguiremos trayendo actualizaciones en cuanto est\u00e9n listas, empezando por las pr\u00f3ximas carreras. No s\u00f3lo tenemos que centrarnos en Hungr\u00eda, sino intentar recuperarnos lo antes posible&#8221;.<\/strong><\/p>\n\n\n\n<p class=\"wp-block-paragraph\">Por \u00faltimo, el jefe del equipo asegur\u00f3 que no hay que preocuparse por la paciencia del propietario de la escuder\u00eda,<strong> Lawrence Stroll<\/strong>: <strong>&#8220;\u00c9l entiende mucho sobre c\u00f3mo funciona y opera la F1. Aunque no sea una persona paciente, sabe que construir mejoras lleva su tiempo. As\u00ed que est\u00e1 al d\u00eda de las cosas y es nuestro trabajo darle las noticias&#8221;.<\/strong><\/p>\n\n\n\n<p class=\"wp-block-paragraph\">\u23e9&nbsp;<em><strong>\u00a1Seguinos en redes por&nbsp;<\/strong><\/em><a href=\"https:\/\/twitter.com\/grandepremioES\" target=\"_blank\" rel=\"noreferrer noopener\"><em>Twitter&nbsp;<\/em><\/a><em><strong>e&nbsp;<\/strong><\/em><a href=\"https:\/\/www.instagram.com\/grandepremioes\/\" target=\"_blank\" rel=\"noreferrer noopener\"><em>Instagram!<\/em><\/a><br><strong>\u23e9<\/strong>&nbsp;<em><strong>Adem\u00e1s, tenemos nuestro&nbsp;<\/strong><\/em><a href=\"https:\/\/whatsapp.com\/channel\/0029VaDZ5zb0gcfDxuwxBM05\" target=\"_blank\" rel=\"noreferrer noopener\"><em>canal de Whatsapp<\/em><\/a><em><strong>&nbsp;con toda la informaci\u00f3n al instante<\/strong><\/em>&nbsp;\ud83c\udfc1<\/p>\n\n\n\n<p class=\"wp-block-paragraph\">La F\u00f3rmula 1 regresa del 28 al 30 de junio en Austria, la segunda de tres carreras consecutivas. GRANDE PR\u00caMIO seguir\u00e1 todas las actividades de la temporada 2024.<\/p>\n\n\n\n<figure class=\"wp-block-embed is-type-video is-provider-youtube wp-block-embed-youtube wp-embed-aspect-16-9 wp-has-aspect-ratio\"><div class=\"wp-block-embed__wrapper\">\n<iframe loading=\"lazy\" title=\"GP DE ESPA\u00d1A - EL RESUMEN\" width=\"500\" height=\"281\" src=\"https:\/\/www.youtube.com\/embed\/rwWy9S8XeIo?feature=oembed\" frameborder=\"0\" allow=\"accelerometer; autoplay; clipboard-write; encrypted-media; gyroscope; picture-in-picture; web-share\" referrerpolicy=\"strict-origin-when-cross-origin\" allowfullscreen><\/iframe>\n<\/div><\/figure>\n","protected":false},"excerpt":{"rendered":"<p>Mike Krack, jefe de Aston Martin, asegura que el triplete de carreras de F\u00f3rmula 1 es un problema para que el equipo actualice el coche y vuelva a la pista tras un mal momento.<\/p>\n","protected":false},"author":0,"featured_media":1010245025,"comment_status":"closed","ping_status":"closed","sticky":false,"template":"","format":"standard","meta":{"42wp_featured_image_caption":"","42wp_featured_image_credits":"","42wp_featured_video":"","42wp_featured_image_hidden":false,"42wp_authors_list":[],"footnotes":""},"categories":[5],"tags":[742,678,9693,10197,6256,181,2249,184,179,588,970,2045,480],"42wp_author":[14237],"class_list":["post-13181","post","type-post","status-publish","format-standard","has-post-thumbnail","hentry","category-f1","tag-adrian-newey","tag-alpine","tag-amr24","tag-aston-martin-2","tag-enrico-cardile","tag-f1","tag-f1-2024","tag-fernando-alonso","tag-formula-1","tag-gp-de-espana","tag-lawrence-stroll","tag-mike-krack","tag-silverstone","42wp_author-gabriel-garcia"],"_links":{"self":[{"href":"https:\/\/grandepremio.com\/es\/wp-json\/wp\/v2\/posts\/13181","targetHints":{"allow":["GET"]}}],"collection":[{"href":"https:\/\/grandepremio.com\/es\/wp-json\/wp\/v2\/posts"}],"about":[{"href":"https:\/\/grandepremio.com\/es\/wp-json\/wp\/v2\/types\/post"}],"replies":[{"embeddable":true,"href":"https:\/\/grandepremio.com\/es\/wp-json\/wp\/v2\/comments?post=13181"}],"version-history":[{"count":0,"href":"https:\/\/grandepremio.com\/es\/wp-json\/wp\/v2\/posts\/13181\/revisions"}],"wp:featuredmedia":[{"embeddable":true,"href":"https:\/\/grandepremio.com\/es\/wp-json\/wp\/v2\/media\/1010245025"}],"wp:attachment":[{"href":"https:\/\/grandepremio.com\/es\/wp-json\/wp\/v2\/media?parent=13181"}],"wp:term":[{"taxonomy":"category","embeddable":true,"href":"https:\/\/grandepremio.com\/es\/wp-json\/wp\/v2\/categories?post=13181"},{"taxonomy":"post_tag","embeddable":true,"href":"https:\/\/grandepremio.com\/es\/wp-json\/wp\/v2\/tags?post=13181"},{"taxonomy":"42wp_author","embeddable":true,"href":"https:\/\/grandepremio.com\/es\/wp-json\/wp\/v2\/42wp_author?post=13181"}],"curies":[{"name":"wp","href":"https:\/\/api.w.org\/{rel}","templated":true}]}}