{"id":13195,"date":"2024-06-24T15:33:19","date_gmt":"2024-06-24T18:33:19","guid":{"rendered":"https:\/\/grandepremio.com\/es\/2024\/06\/24\/alpine-bruno-famin-gp-espana-f1-2024-gasly-ocon\/"},"modified":"2024-06-24T15:33:27","modified_gmt":"2024-06-24T18:33:27","slug":"alpine-bruno-famin-gp-espana-f1-2024-gasly-ocon","status":"publish","type":"post","link":"https:\/\/grandepremio.com\/es\/f1\/alpine-bruno-famin-gp-espana-f1-2024-gasly-ocon\/","title":{"rendered":"Alpine ve &#8220;buen trabajo&#8221; tras puntuar con dos coches en Espa\u00f1a: &#8220;Momento positivo&#8221;"},"content":{"rendered":"\n<p class=\"wp-block-paragraph\">El <strong>GP de Espa\u00f1a<\/strong> fue positivo para <strong>Alpine<\/strong>. Por primera vez en la temporada 2024 de <strong>F\u00f3rmula 1<\/strong>, el equipo consigui\u00f3 meter a dos pilotos en la Q3 y en los puntos al mismo tiempo. <strong>Pierre Gasly<\/strong> termin\u00f3 la carrera en <strong>Barcelona <\/strong>en novena posici\u00f3n, seguido de su compa\u00f1ero de equipo <strong>Esteban Ocon<\/strong> en el top-10. <strong>Bruno Famin<\/strong>, jefe del equipo, se mostr\u00f3 satisfecho con el resultado.<\/p>\n\n\n\n<p class=\"wp-block-paragraph\">\ud83d\udfe5&nbsp;<strong><em>\u00a1Todas las novedades te esperan en el canal de&nbsp;<\/em><\/strong><a href=\"https:\/\/www.youtube.com\/@GrandePremioES\" target=\"_blank\" rel=\"noreferrer noopener\"><strong><em>YouTube<\/em><\/strong><\/a><strong><em>&nbsp;de Grande Pr\u00eamio en Espa\u00f1ol!<\/em><\/strong>&nbsp;\ud83d\udfe8<\/p>\n\n\n\n<p class=\"wp-block-paragraph\">Tras la carrera, Famin analiz\u00f3 la doble puntuaci\u00f3n del fabricante de coches, que atraviesa un momento turbulento entre bastidores, pero que poco a poco se va encontrando a s\u00ed mismo en la pista. En <strong>Barcelona<\/strong>, el equipo logr\u00f3 su tercer GP consecutivo con al menos un coche entre los 10 primeros.<\/p>\n\n\n\n<p class=\"wp-block-paragraph\">&#8220;Es un placer tener los dos coches en la zona de puntuaci\u00f3n aqu\u00ed en Espa\u00f1a y sumar puntos en las tres \u00faltimas carreras. Es un momento positivo y tenemos que seguir as\u00ed. Hemos sido mejores en esta pista y tenemos que analizar las razones para evolucionar nuestro paquete&#8221;, dijo.<\/p>\n\n\n\n<p class=\"wp-block-paragraph\">\u23e9\u00a0<em><strong>\u00a1Seguinos en redes por\u00a0<\/strong><\/em><a href=\"https:\/\/twitter.com\/grandepremioES\" target=\"_blank\" rel=\"noreferrer noopener\"><em><strong>Twitter\u00a0<\/strong><\/em><\/a><em><strong>e\u00a0<\/strong><\/em><a href=\"https:\/\/www.instagram.com\/grandepremioes\/\" target=\"_blank\" rel=\"noreferrer noopener\"><em><strong>Instagram!<\/strong><\/em><\/a><br><strong>\u23e9<\/strong>\u00a0<em><strong>Adem\u00e1s, tenemos nuestro\u00a0<\/strong><\/em><a href=\"https:\/\/whatsapp.com\/channel\/0029VaDZ5zb0gcfDxuwxBM05\" target=\"_blank\" rel=\"noreferrer noopener\"><em><strong>canal de Whatsapp<\/strong><\/em><\/a><em><strong>\u00a0con toda la informaci\u00f3n al instante<\/strong><\/em>\u00a0\ud83c\udfc1<\/p>\n\n\n\n<figure class=\"wp-block-image size-full\"><img decoding=\"async\" src=\"https:\/\/grandepremio.com\/es\/wp-content\/uploads\/2024\/06\/Gasly.jpg\" alt=\"\" class=\"wp-image-244642\"\/><figcaption class=\"wp-element-caption\">Alpine ha mejorado en las \u00faltimas competencias de F1 2024 (Foto: Alpine)<\/figcaption><\/figure>\n\n\n\n<p class=\"wp-block-paragraph\">&#8220;Ambos pilotos han hecho un buen trabajo, especialmente con los neum\u00e1ticos, la potencia y el consumo de combustible. Ahora tenemos el fin de semana de la carrera sprint de <strong>Austria<\/strong>, donde esperamos continuar nuestra racha positiva de puntos&#8221;, a\u00f1adi\u00f3.<\/p>\n\n\n\n<p class=\"wp-block-paragraph\">A pesar de su buena racha reciente, <strong>Pierre Gasly<\/strong> es s\u00f3lo 15\u00ba en el campeonato con 5 puntos. <strong>Esteban Ocon<\/strong> es 16\u00ba con 3 puntos. En el Campeonato del Mundo de Constructores, <strong>Alpine <\/strong>ha escalado hasta la s\u00e9ptima posici\u00f3n con 8 puntos, por delante de <strong>Haas, Williams<\/strong> y <strong>Sauber<\/strong>.<\/p>\n\n\n\n<p class=\"wp-block-paragraph\">La\u00a0<strong><a href=\"https:\/\/es.grandepremio.com\/f1\/\" target=\"_blank\" rel=\"noreferrer noopener\">F\u00f3rmula 1<\/a><\/strong>\u00a0regresa del 28 al 30 de junio en\u00a0<strong>Austria<\/strong>, la segunda de tres carreras consecutivas. GRANDE PR\u00caMIO seguir\u00e1 todas las actividades de la temporada 2024.<\/p>\n\n\n\n<figure class=\"wp-block-embed is-type-video is-provider-youtube wp-block-embed-youtube wp-embed-aspect-16-9 wp-has-aspect-ratio\"><div class=\"wp-block-embed__wrapper\">\n<iframe loading=\"lazy\" title=\"GP DE ESPA\u00d1A - EL RESUMEN\" width=\"500\" height=\"281\" src=\"https:\/\/www.youtube.com\/embed\/rwWy9S8XeIo?feature=oembed\" frameborder=\"0\" allow=\"accelerometer; autoplay; clipboard-write; encrypted-media; gyroscope; picture-in-picture; web-share\" referrerpolicy=\"strict-origin-when-cross-origin\" allowfullscreen><\/iframe>\n<\/div><\/figure>\n","protected":false},"excerpt":{"rendered":"<p>En Espa\u00f1a, Alpine consigui\u00f3 puntuar con ambos pilotos a la vez por primera vez en la temporada 2024 de F\u00f3rmula 1. Como resultado, el jefe del equipo, Bruno Famin, abandon\u00f3 Barcelona satisfecho con el rendimiento del equipo<\/p>\n","protected":false},"author":0,"featured_media":1010244930,"comment_status":"closed","ping_status":"closed","sticky":false,"template":"","format":"standard","meta":{"42wp_featured_image_caption":"","42wp_featured_image_credits":"","42wp_featured_video":"","42wp_featured_image_hidden":false,"42wp_authors_list":[],"footnotes":""},"categories":[5],"tags":[678,2233,362,181,2249,179,2259,10223,1488,427,4540],"42wp_author":[14239],"class_list":["post-13195","post","type-post","status-publish","format-standard","has-post-thumbnail","hentry","category-f1","tag-alpine","tag-bruno-famin","tag-esteban-ocon","tag-f1","tag-f1-2024","tag-formula-1","tag-formula-1-2024","tag-gp-de-espana-2024","tag-grande-premio","tag-pierre-gasly","tag-temporada-2024-f1","42wp_author-jp-otrosky"],"_links":{"self":[{"href":"https:\/\/grandepremio.com\/es\/wp-json\/wp\/v2\/posts\/13195","targetHints":{"allow":["GET"]}}],"collection":[{"href":"https:\/\/grandepremio.com\/es\/wp-json\/wp\/v2\/posts"}],"about":[{"href":"https:\/\/grandepremio.com\/es\/wp-json\/wp\/v2\/types\/post"}],"replies":[{"embeddable":true,"href":"https:\/\/grandepremio.com\/es\/wp-json\/wp\/v2\/comments?post=13195"}],"version-history":[{"count":0,"href":"https:\/\/grandepremio.com\/es\/wp-json\/wp\/v2\/posts\/13195\/revisions"}],"wp:featuredmedia":[{"embeddable":true,"href":"https:\/\/grandepremio.com\/es\/wp-json\/wp\/v2\/media\/1010244930"}],"wp:attachment":[{"href":"https:\/\/grandepremio.com\/es\/wp-json\/wp\/v2\/media?parent=13195"}],"wp:term":[{"taxonomy":"category","embeddable":true,"href":"https:\/\/grandepremio.com\/es\/wp-json\/wp\/v2\/categories?post=13195"},{"taxonomy":"post_tag","embeddable":true,"href":"https:\/\/grandepremio.com\/es\/wp-json\/wp\/v2\/tags?post=13195"},{"taxonomy":"42wp_author","embeddable":true,"href":"https:\/\/grandepremio.com\/es\/wp-json\/wp\/v2\/42wp_author?post=13195"}],"curies":[{"name":"wp","href":"https:\/\/api.w.org\/{rel}","templated":true}]}}