{"id":13283,"date":"2024-06-21T07:34:20","date_gmt":"2024-06-21T10:34:20","guid":{"rendered":"https:\/\/grandepremio.com\/es\/2024\/06\/21\/alpine-oficial-regreso-briatore-f1-consejero-ejecutivo\/"},"modified":"2024-06-21T16:30:14","modified_gmt":"2024-06-21T19:30:14","slug":"alpine-oficial-regreso-briatore-f1-consejero-ejecutivo","status":"publish","type":"post","link":"https:\/\/grandepremio.com\/es\/f1\/alpine-oficial-regreso-briatore-f1-consejero-ejecutivo\/","title":{"rendered":"Alpine hace oficial el regreso de Briatore a la F1 tras 15 a\u00f1os como consejero ejecutivo"},"content":{"rendered":"\n<p class=\"wp-block-paragraph\">Mientras que <strong>Felipe Massa<\/strong> avanza en su reclamo judicial por haber perdido el campeonato de la <strong>F\u00f3rmula 1<\/strong> en 2008, el principal instigador del famoso<em> \u201cCrashgate\u201d<\/em> del<strong> GP de Singapur<\/strong> de ese a\u00f1o, hablamos de <strong>Flavio Briatore<\/strong>, est\u00e1 de vuelta en la categor\u00eda y en el mismo equipo de esa \u00e9poca, <strong>Renault<\/strong>, aunque ahora se denomina <strong>Alpine<\/strong>.<\/p>\n\n\n\n<figure class=\"wp-block-embed is-type-video is-provider-youtube wp-block-embed-youtube wp-embed-aspect-16-9 wp-has-aspect-ratio\"><div class=\"wp-block-embed__wrapper\">\n<iframe loading=\"lazy\" title=\"GP DE ESPA\u00d1A - LA PREVIA\" width=\"500\" height=\"281\" src=\"https:\/\/www.youtube.com\/embed\/T-MRhWY3aMA?feature=oembed\" frameborder=\"0\" allow=\"accelerometer; autoplay; clipboard-write; encrypted-media; gyroscope; picture-in-picture; web-share\" referrerpolicy=\"strict-origin-when-cross-origin\" allowfullscreen><\/iframe>\n<\/div><\/figure>\n\n\n\n<p class=\"wp-block-paragraph\">\ud83d\udfe5&nbsp;<strong><em>\u00a1Todas las novedades te esperan en el canal de&nbsp;<\/em><\/strong><a href=\"https:\/\/www.youtube.com\/@GrandePremioES\" target=\"_blank\" rel=\"noreferrer noopener\"><em>YouTube<\/em><\/a><strong><em>&nbsp;de Grande Pr\u00eamio en Espa\u00f1ol!<\/em><\/strong>&nbsp;\ud83d\udfe8<\/p>\n\n\n\n<p class=\"wp-block-paragraph\">Se esperaba la confirmaci\u00f3n de Briatore como consejero ejecutivo tras la publicaci\u00f3n del rumor en varios medios, como <em>RacingNews365<\/em>, que afirmaban ayer que los empleados de las f\u00e1bricas de Enstone y Viry, en Reino Unido y Francia ya hab\u00edan sido notificados durante la semana.<\/p>\n\n\n\n<p class=\"wp-block-paragraph\">De esta manera, el ex jefe de Renault, regresar\u00e1 a la F1 tras haber sido expulsado de la misma por provocar el choque de<strong> Nelsinho Piquet<\/strong> en la primera carrera disputada en las calles de Marina Bay, en la que gan\u00f3 <strong>Fernando Alonso<\/strong>, que perjudic\u00f3 indirectamente a Massa por un error en la parada en boxes de Ferrari, que lo dej\u00f3 sin puntos. <\/p>\n\n\n\n<p class=\"wp-block-paragraph\"><strong>&#8220;Alpine confirma que Flavio Briatore ha sido nombrado por el CEO del Grupo Renault, Luca de Meo, como asesor ejecutivo de la divisi\u00f3n de F\u00f3rmula 1&#8221;<\/strong>, dijo el equipo franc\u00e9s en un simple post en las redes sociales. Flavio no hab\u00eda trabajado en ning\u00fan equipo desde el levantamiento de su suspensi\u00f3n, en enero de 2009.<\/p>\n\n\n\n<figure class=\"wp-block-image size-full\"><img decoding=\"async\" src=\"https:\/\/grandepremio.com\/es\/wp-content\/uploads\/2024\/06\/Design-sem-nome-1024x576-1.jpg\" alt=\"\" class=\"wp-image-244221\"\/><figcaption class=\"wp-element-caption\">Flavio Briatore junto al jefe de Ferrari, Fr\u00e9d\u00e9rik Vasseur, en el Gran Premio de Qatar (Foto: Instagram\/briatoreflavio)<\/figcaption><\/figure>\n\n\n\n<p class=\"wp-block-paragraph\">En cuanto a la tarea que tiene por delante, la escuder\u00eda ha explicado que el empresario <strong>&#8220;se centrar\u00e1 predominantemente en \u00e1reas de alto nivel del equipo&#8221;<\/strong>, incluyendo<strong> &#8220;la b\u00fasqueda de los mejores talentos y proporcionando ideas sobre el mercado de pilotos, desafiando el dise\u00f1o actual, evaluando la estructura y asesorando en asuntos estrat\u00e9gicos dentro del deporte&#8221;.<\/strong><\/p>\n\n\n\n<p class=\"wp-block-paragraph\">Una tarea que<strong> Luca de Meo <\/strong>le encarg\u00f3 a Briatore es la de no contar m\u00e1s con los motores de Renault y estar\u00eda negociando con <strong>Mercedes<\/strong> para ser su equipo cliente. Los alemanes perder\u00e1n a <strong>Aston Martin<\/strong> desde 2026, ya que los de Silverstone ser\u00e1n motorizados por <strong>Honda<\/strong>.<\/p>\n\n\n\n<p class=\"wp-block-paragraph\">\u23e9&nbsp;<em><strong>\u00a1Seguinos en redes por&nbsp;<\/strong><\/em><a href=\"https:\/\/twitter.com\/grandepremioES\" target=\"_blank\" rel=\"noreferrer noopener\"><em>Twitter&nbsp;<\/em><\/a><em><strong>e&nbsp;<\/strong><\/em><a href=\"https:\/\/www.instagram.com\/grandepremioes\/\" target=\"_blank\" rel=\"noreferrer noopener\"><em>Instagram!<\/em><\/a><br><strong>\u23e9<\/strong>&nbsp;<em><strong>Adem\u00e1s, tenemos nuestro&nbsp;<\/strong><\/em><a href=\"https:\/\/whatsapp.com\/channel\/0029VaDZ5zb0gcfDxuwxBM05\" target=\"_blank\" rel=\"noreferrer noopener\"><em>canal de Whatsapp<\/em><\/a><em><strong>&nbsp;con toda la informaci\u00f3n al instante<\/strong><\/em>&nbsp;\ud83c\udfc1<\/p>\n\n\n\n<p class=\"wp-block-paragraph\">Por \u00faltimo, cabe se\u00f1alar que Briatore comand\u00f3 al \u00e9xito al equipo <strong>Benetton<\/strong> con <strong>Michael Schumacher<\/strong> en 1994 y 1995, sigui\u00f3 dirigi\u00e9ndolo posteriormente, fich\u00f3 a Fernando Alonso en 2003 y bajo el nombre de Renault, ya como equipo de f\u00e1brica, triunf\u00f3 en 2005 y 2006 con otros dos campeonatos del mundo. Una decisi\u00f3n judicial en 2010 dej\u00f3 sin efecto los cargos en su contra por el mencionado incidente en Singapur.<\/p>\n\n\n\n<figure class=\"wp-block-embed is-type-video is-provider-youtube wp-block-embed-youtube wp-embed-aspect-16-9 wp-has-aspect-ratio\"><div class=\"wp-block-embed__wrapper\">\n<iframe loading=\"lazy\" title=\"PECHITO, AL BORDE DE LA GLORIA EN SU \u00daLTIMO BAILE EN #LEMANS24\" width=\"500\" height=\"281\" src=\"https:\/\/www.youtube.com\/embed\/KwDX-DWp5wI?start=1&amp;feature=oembed\" frameborder=\"0\" allow=\"accelerometer; autoplay; clipboard-write; encrypted-media; gyroscope; picture-in-picture; web-share\" referrerpolicy=\"strict-origin-when-cross-origin\" allowfullscreen><\/iframe>\n<\/div><\/figure>\n","protected":false},"excerpt":{"rendered":"<p>De manera totalmente inesperada, y con un simple posteo en redes sociales, el equipo Alpine confirm\u00f3 el regreso de uno de los personajes m\u00e1s exitosos y pol\u00e9micos de la F\u00f3rmula 1 como lo es Flavio Briatore, con un cargo como consejero ejecutivo de la escuder\u00eda francesa.<\/p>\n","protected":false},"author":0,"featured_media":1010244218,"comment_status":"closed","ping_status":"closed","sticky":false,"template":"","format":"standard","meta":{"42wp_featured_image_caption":"","42wp_featured_image_credits":"","42wp_featured_video":"","42wp_featured_image_hidden":false,"42wp_authors_list":[],"footnotes":""},"categories":[5],"tags":[678,10197,818,181,2249,755,184,2326,179,493,221,683,188,4412,210],"42wp_author":[14237],"class_list":["post-13283","post","type-post","status-publish","format-standard","has-post-thumbnail","hentry","category-f1","tag-alpine","tag-aston-martin-2","tag-benetton","tag-f1","tag-f1-2024","tag-felipe-massa","tag-fernando-alonso","tag-flavio-briatore","tag-formula-1","tag-gp-de-singapur","tag-honda","tag-luca-de-meo","tag-michael-schumacher","tag-nelsinho-piquet","tag-renault","42wp_author-gabriel-garcia"],"_links":{"self":[{"href":"https:\/\/grandepremio.com\/es\/wp-json\/wp\/v2\/posts\/13283","targetHints":{"allow":["GET"]}}],"collection":[{"href":"https:\/\/grandepremio.com\/es\/wp-json\/wp\/v2\/posts"}],"about":[{"href":"https:\/\/grandepremio.com\/es\/wp-json\/wp\/v2\/types\/post"}],"replies":[{"embeddable":true,"href":"https:\/\/grandepremio.com\/es\/wp-json\/wp\/v2\/comments?post=13283"}],"version-history":[{"count":0,"href":"https:\/\/grandepremio.com\/es\/wp-json\/wp\/v2\/posts\/13283\/revisions"}],"wp:featuredmedia":[{"embeddable":true,"href":"https:\/\/grandepremio.com\/es\/wp-json\/wp\/v2\/media\/1010244218"}],"wp:attachment":[{"href":"https:\/\/grandepremio.com\/es\/wp-json\/wp\/v2\/media?parent=13283"}],"wp:term":[{"taxonomy":"category","embeddable":true,"href":"https:\/\/grandepremio.com\/es\/wp-json\/wp\/v2\/categories?post=13283"},{"taxonomy":"post_tag","embeddable":true,"href":"https:\/\/grandepremio.com\/es\/wp-json\/wp\/v2\/tags?post=13283"},{"taxonomy":"42wp_author","embeddable":true,"href":"https:\/\/grandepremio.com\/es\/wp-json\/wp\/v2\/42wp_author?post=13283"}],"curies":[{"name":"wp","href":"https:\/\/api.w.org\/{rel}","templated":true}]}}