{"id":13318,"date":"2024-06-18T11:30:45","date_gmt":"2024-06-18T14:30:45","guid":{"rendered":"https:\/\/grandepremio.com\/es\/2024\/06\/18\/mir-replantea-carrera-renueva-honda-hasta-2026\/"},"modified":"2024-06-18T11:30:51","modified_gmt":"2024-06-18T14:30:51","slug":"mir-replantea-carrera-renueva-honda-hasta-2026","status":"publish","type":"post","link":"https:\/\/grandepremio.com\/es\/motogp\/mir-replantea-carrera-renueva-honda-hasta-2026\/","title":{"rendered":"Mir se replantea su carrera en MotoGP y renueva con Honda hasta finales de 2026"},"content":{"rendered":"\n<p class=\"wp-block-paragraph\">M\u00e1s all\u00e1 de las flojas prestaciones de <strong>Honda<\/strong>, el fabricante japon\u00e9s est\u00e1 dispuesto a mantener a sus dos pilotos por los pr\u00f3ximos dos a\u00f1os. De acuerdo con <em>Autosport<\/em>, <strong>Joan Mir<\/strong> y <strong>Luca Marini<\/strong> acordaron renovar hasta finales de 2026, pese a que no fue comunicado de manera oficial.<\/p>\n\n\n\n<p class=\"wp-block-paragraph\">\ud83d\udfe5&nbsp;<strong><em>\u00a1Todas las novedades te esperan en el canal de&nbsp;<\/em><\/strong><a href=\"https:\/\/www.youtube.com\/@GrandePremioES\" target=\"_blank\" rel=\"noreferrer noopener\"><em>YouTube<\/em><\/a><strong><em>&nbsp;de Grande Pr\u00eamio en Espa\u00f1ol!<\/em><\/strong>&nbsp;\ud83d\udfe8<\/p>\n\n\n\n<p class=\"wp-block-paragraph\">Joan fue campe\u00f3n del <strong>Mundial de Motociclismo<\/strong> en 2020 con <strong>Suzuki<\/strong>, pero el fabricante se fue en 2022, lo que hab\u00eda dejado al piloto de Palma de Mallorca sin butaca. Sin embargo, <strong>HRC<\/strong> lo reclut\u00f3 el a\u00f1o pasado, pero no ha logrado ning\u00fan podio con la moto japonesa. Hasta el momento, su mejor resultado es el quinto puesto en el <strong>GP de India de 2023<\/strong>.<\/p>\n\n\n\n<p class=\"wp-block-paragraph\">En las \u00faltimas semanas, el propio #36 hab\u00eda deslizado en una entrevista con el canal de <em>YouTube<\/em> de <em>Nico Abad<\/em> que consideraba retirarse de la competici\u00f3n. Y es que, en 2024, solo ha sumado 13 puntos con dos 12\u00b0 puestos como mejores resultados en el marco de una pobre temporada.<\/p>\n\n\n\n<figure class=\"wp-block-image size-large\"><img decoding=\"async\" src=\"https:\/\/grandepremio.com\/cdn-cgi\/image\/width=893,height=558,fit=contain,gravity=0.5x0.5,quality=75,format=webp\/es\/wp-content\/uploads\/2024\/06\/53710710427_1da174ac11_k-1200x800-1-1024x683.jpg\" alt=\"\" class=\"wp-image-244036\"\/><figcaption class=\"wp-element-caption\">Joan Mir lleva en Honda desde la temporada 2023 (Foto: Repsol)<\/figcaption><\/figure>\n\n\n\n<p class=\"wp-block-paragraph\">Descontento con sus malos resultados, Joan lleg\u00f3 a decir que <strong>&#8220;nadie se va de Honda mejor de lo que se fue&#8221;<\/strong> e insinu\u00f3 que quer\u00eda dejar la pista por la falta de rendimiento de la moto <strong>RC213V<\/strong>. <strong>&#8220;No s\u00e9 si quiero quedarme en Honda o irme a otra f\u00e1brica. No s\u00e9 si quiero recoger mis cosas e irme a casa, as\u00ed es como me siento&#8221;<\/strong>, hab\u00eda comentado.<\/p>\n\n\n\n<p class=\"wp-block-paragraph\">Tras esto, <strong>Alberto Puig<\/strong>, el jefe de Honda, dijo que no obligaba a nadie a quedarse en el equipo, deslizando que hab\u00eda inter\u00e9s en otros pilotos. Mir se hab\u00eda puesto una fecha l\u00edmite para la decisi\u00f3n en <strong>Assen,<\/strong> porque no sab\u00eda que camino seguir en 2025. Al parecer, otras posibles motos no han podido llegar a las manos del piloto de 26 a\u00f1os.<\/p>\n\n\n\n<p class=\"wp-block-paragraph\">Por su parte, Luca Marini tiene un contrato lucrativo muy importante hasta finales del a\u00f1o que viene, y la idea del equipo es extenderlo un a\u00f1o m\u00e1s, hasta 2026. En <strong>LCR<\/strong>, la escuder\u00eda sat\u00e9lite,<strong> Johann Zarco<\/strong> tiene otro a\u00f1o de v\u00ednculo, pero se especula con un reemplazo de <strong>Takaaki Nakagami<\/strong> por <strong>Ai Ogura<\/strong>, piloto de Moto2.<\/p>\n\n\n\n<p class=\"wp-block-paragraph\">\u23e9&nbsp;<em><strong>\u00a1Seguinos en redes por&nbsp;<\/strong><\/em><a href=\"https:\/\/twitter.com\/grandepremioES\" target=\"_blank\" rel=\"noreferrer noopener\"><em>Twitter&nbsp;<\/em><\/a><em><strong>e&nbsp;<\/strong><\/em><a href=\"https:\/\/www.instagram.com\/grandepremioes\/\" target=\"_blank\" rel=\"noreferrer noopener\"><em>Instagram!<\/em><\/a><br><strong>\u23e9<\/strong>&nbsp;<em><strong>Adem\u00e1s, tenemos nuestro&nbsp;<\/strong><\/em><a href=\"https:\/\/whatsapp.com\/channel\/0029VaDZ5zb0gcfDxuwxBM05\" target=\"_blank\" rel=\"noreferrer noopener\"><em>canal de Whatsapp<\/em><\/a><em><strong>&nbsp;con toda la informaci\u00f3n al instante<\/strong><\/em>&nbsp;\ud83c\udfc1<\/p>\n\n\n\n<p class=\"wp-block-paragraph\">MotoGP vuelve a la acci\u00f3n entre el 28 y el 30 de junio para el GP de Holanda en Assen, 8\u00aa prueba de la temporada 2024. GRANDE PR\u00caMIO ofrece una cobertura completa del evento.<\/p>\n","protected":false},"excerpt":{"rendered":"<p>A pesar de que, incluso, se plante\u00f3 el retiro, Joan Mir est\u00e1 cada vez m\u00e1s cerca de renovar con Honda por dos a\u00f1os m\u00e1s, antes de que entre en vigor el nuevo reglamento t\u00e9cnico de MotoGP en 2027.<\/p>\n","protected":false},"author":0,"featured_media":1010244033,"comment_status":"closed","ping_status":"closed","sticky":false,"template":"","format":"standard","meta":{"42wp_featured_image_caption":"","42wp_featured_image_credits":"","42wp_featured_video":"","42wp_featured_image_hidden":false,"42wp_authors_list":[],"footnotes":""},"categories":[8],"tags":[9249,1869,1458,10452,221,1718,1521,1404,2197,1614,1764,5709,1427,1520],"42wp_author":[14237],"class_list":["post-13318","post","type-post","status-publish","format-standard","has-post-thumbnail","hentry","category-motogp","tag-ai-ogura","tag-alberto-puig","tag-assen","tag-gp-de-india-2023","tag-honda","tag-hrc","tag-joan-mir","tag-johann-zarco","tag-lcr","tag-luca-marini","tag-mundial-de-motociclismo","tag-rc213v","tag-suzuki","tag-takaaki-nakagami","42wp_author-gabriel-garcia"],"_links":{"self":[{"href":"https:\/\/grandepremio.com\/es\/wp-json\/wp\/v2\/posts\/13318","targetHints":{"allow":["GET"]}}],"collection":[{"href":"https:\/\/grandepremio.com\/es\/wp-json\/wp\/v2\/posts"}],"about":[{"href":"https:\/\/grandepremio.com\/es\/wp-json\/wp\/v2\/types\/post"}],"replies":[{"embeddable":true,"href":"https:\/\/grandepremio.com\/es\/wp-json\/wp\/v2\/comments?post=13318"}],"version-history":[{"count":0,"href":"https:\/\/grandepremio.com\/es\/wp-json\/wp\/v2\/posts\/13318\/revisions"}],"wp:featuredmedia":[{"embeddable":true,"href":"https:\/\/grandepremio.com\/es\/wp-json\/wp\/v2\/media\/1010244033"}],"wp:attachment":[{"href":"https:\/\/grandepremio.com\/es\/wp-json\/wp\/v2\/media?parent=13318"}],"wp:term":[{"taxonomy":"category","embeddable":true,"href":"https:\/\/grandepremio.com\/es\/wp-json\/wp\/v2\/categories?post=13318"},{"taxonomy":"post_tag","embeddable":true,"href":"https:\/\/grandepremio.com\/es\/wp-json\/wp\/v2\/tags?post=13318"},{"taxonomy":"42wp_author","embeddable":true,"href":"https:\/\/grandepremio.com\/es\/wp-json\/wp\/v2\/42wp_author?post=13318"}],"curies":[{"name":"wp","href":"https:\/\/api.w.org\/{rel}","templated":true}]}}