{"id":13374,"date":"2024-06-13T08:49:33","date_gmt":"2024-06-13T11:49:33","guid":{"rendered":"https:\/\/grandepremio.com\/es\/2024\/06\/13\/ktm-tech3-fichaje-enea-bastianini-maverick-vinales-motogp-2025\/"},"modified":"2024-06-13T08:49:40","modified_gmt":"2024-06-13T11:49:40","slug":"ktm-tech3-fichaje-enea-bastianini-maverick-vinales-motogp-2025","status":"publish","type":"post","link":"https:\/\/grandepremio.com\/es\/motogp\/ktm-tech3-fichaje-enea-bastianini-maverick-vinales-motogp-2025\/","title":{"rendered":"KTM renueva con Tech3, anuncia a Bastianini y Vi\u00f1ales, y abandona GasGas en 2025"},"content":{"rendered":"\n<p class=\"wp-block-paragraph\">Todo ha cambiado en <strong>Tech3<\/strong>. <strong>KTM <\/strong>anunci\u00f3 el jueves el fichaje de <strong>Enea Bastianini<\/strong> y <strong>Maverick Vi\u00f1ales<\/strong> para defender al equipo de <strong>Herv\u00e9 Poncharal<\/strong> a partir de la temporada 2025 de <strong>MotoGP<\/strong>. Los dos han firmado contratos plurianuales y utilizar\u00e1n una RC16 actualizada en el equipo que tambi\u00e9n abandona la marca <strong>GasGas<\/strong>.<\/p>\n\n\n\n<p class=\"wp-block-paragraph\">\ud83d\udfe5&nbsp;<strong><em>\u00a1Todas las novedades te esperan en el canal de&nbsp;<a href=\"https:\/\/www.youtube.com\/@GrandePremioES\" target=\"_blank\" rel=\"noreferrer noopener\">YouTube<\/a>&nbsp;de Grande Pr\u00eamio en Espa\u00f1ol!<\/em><\/strong>&nbsp;\ud83d\udfe8<\/p>\n\n\n\n<p class=\"wp-block-paragraph\">El acuerdo deja en la cuneta a <strong>Augusto Fern\u00e1ndez<\/strong> -al que se le dio una nueva oportunidad en 2025 tras ver c\u00f3mo <strong>Pol Espargar\u00f3<\/strong> se quedaba fuera para tomar el relevo de <strong>Pedro Acosta<\/strong>&#8211; y a <strong>Jack Miller<\/strong> -que lleg\u00f3 al equipo oficial el a\u00f1o pasado procedente de <strong>Ducati<\/strong>, pero que a\u00fan no ha respondido a las expectativas de rendimiento-.<\/p>\n\n\n\n<p class=\"wp-block-paragraph\">El acuerdo con <strong>KTM<\/strong>, adem\u00e1s, supone una especie de vuelta a sus or\u00edgenes para Bastianini y Vi\u00f1ales. El italiano de 26 a\u00f1os, que tambi\u00e9n corri\u00f3 en la Rookies Cup, debut\u00f3 en el <strong>Campeonato del Mundo<\/strong> hace diez a\u00f1os sobre una <strong>KTM RC4<\/strong>. El espa\u00f1ol, de 29 a\u00f1os, por su parte, fue el segundo campe\u00f3n de <strong>MotoGP <\/strong>de la marca, con el t\u00edtulo de <strong>Moto3<\/strong> en 2013.<\/p>\n\n\n\n<p class=\"wp-block-paragraph\">Adem\u00e1s, son dos grandes nombres para intentar mantener el protagonismo que la estructura privada de Poncharal ha ganado gracias a Acosta. En 2024, el <strong>Tech3 <\/strong>ocupa la sexta plaza del Mundial por equipos -por delante de la casa matriz- con 114 puntos, 101 de ellos procedentes del rookie.<\/p>\n\n\n\n<p class=\"wp-block-paragraph\">\u23e9\u00a0<strong><em>\u00a1Seguinos en redes por\u00a0<a href=\"https:\/\/twitter.com\/grandepremioES\" target=\"_blank\" rel=\"noreferrer noopener\">Twitter\u00a0<\/a>e\u00a0<a href=\"https:\/\/www.instagram.com\/grandepremioes\/\" target=\"_blank\" rel=\"noreferrer noopener\">Instagram!<\/a><\/em><\/strong><br><strong>\u23e9<\/strong>\u00a0<strong><em>Adem\u00e1s, tenemos nuestro\u00a0<a href=\"https:\/\/whatsapp.com\/channel\/0029VaDZ5zb0gcfDxuwxBM05\" target=\"_blank\" rel=\"noreferrer noopener\">canal de Whatsapp<\/a>\u00a0con toda la informaci\u00f3n al instante<\/em><\/strong><\/p>\n\n\n\n<figure class=\"wp-block-image size-large\"><img decoding=\"async\" src=\"https:\/\/grandepremio.com\/es\/wp-content\/uploads\/2024\/06\/AR_Sprint_Mugello2-1200x800-1-1024x683.jpg\" alt=\"\" class=\"wp-image-243624\"\/><figcaption class=\"wp-element-caption\">Maverick Vi\u00f1ales deja Aprilia y recala en KTM en 2025 (Foto: Aprilia)<\/figcaption><\/figure>\n\n\n\n<p class=\"wp-block-paragraph\">&#8220;Estamos encantados de anunciar que Enea y Maverick estar\u00e1n con nosotros la pr\u00f3xima vez y que volveremos a ser <strong>KTM<\/strong>&#8220;, dijo <strong>Nicolas Goyon<\/strong>, jefe de <strong>Tech3<\/strong>. &#8220;\u00a1No debemos olvidar que nuestras primeras victorias en MotoGP las conseguimos de naranja!&#8221;, continu\u00f3.<\/p>\n\n\n\n<p class=\"wp-block-paragraph\">&#8220;No podemos ocultar nuestro orgullo de que estos dos talentosos pilotos hayan decidido pilotar nuestras m\u00e1quinas. Demuestra que vamos por el buen camino y que nuestra tecnolog\u00eda puede luchar por lo m\u00e1s alto del campeonato&#8221;, dijo. &#8220;Me gustar\u00eda dar las gracias a <strong>Red Bull <\/strong>por su dedicaci\u00f3n a nosotros. Tenemos un claro compromiso con la victoria y por eso Enea y Maverick decidieron unirse al programa&#8221;, a\u00f1adi\u00f3.<\/p>\n\n\n\n<p class=\"wp-block-paragraph\">El director de <strong>KTM Motorsports<\/strong>, <strong>Pit Beirer,<\/strong> celebr\u00f3 el acuerdo con los dos pilotos y destac\u00f3 que el objetivo para 2025 es reforzar el nombre de la marca austriaca.<\/p>\n\n\n\n<p class=\"wp-block-paragraph\">&#8220;Estamos muy contentos de haber podido incorporar a Enea y Maverick a nuestro proyecto de <strong>MotoGP <\/strong>y de darles todo el apoyo de la f\u00e1brica para que puedan seguir persiguiendo sus objetivos y alcanzar el m\u00e1ximo rendimiento&#8221;, dijo Beirer. &#8220;Est\u00e1 claro que estamos hablando de dos de los pilotos m\u00e1s r\u00e1pidos del mundo en este momento y es un halago que conf\u00eden en nosotros y en el funcionamiento de primer nivel que hemos creado junto al <strong>Red Bull KTM Tech3<\/strong>&#8220;, ha subrayado.<\/p>\n\n\n\n<p class=\"wp-block-paragraph\">&#8220;La etiqueta del equipo para 2025 lo dice todo: es el momento de fortalecer de nuevo el nombre de KTM. Y no se nos ocurre mejor manera de aportar este tipo de valor a la compa\u00f1\u00eda que poniendo a Enea y Maverick de naranja total&#8221;, enfatiz\u00f3. &#8220;Ahora vamos a seguir adelante en lo que queda de 2024 y luego esperamos este nuevo comienzo el a\u00f1o que viene&#8221;, concluy\u00f3.<\/p>\n\n\n\n<p class=\"wp-block-paragraph\">Adem\u00e1s de representar el final de un cap\u00edtulo para <strong>Miller <\/strong>y <strong>Augusto Fern\u00e1ndez<\/strong>, el anuncio del jueves tambi\u00e9n tiene un impacto directo en <strong>Aprilia<\/strong>. El equipo con sede en Noale hab\u00eda apostado por <strong>Vi\u00f1ales <\/strong>como su nuevo &#8216;capit\u00e1n&#8217;, ya que <strong>Aleix Espargar\u00f3<\/strong> se retira a final de a\u00f1o, pero ahora tendr\u00e1n que buscar un nuevo compa\u00f1ero para <strong>Jorge Mart\u00edn<\/strong>, fichado para ocupar el puesto del #41.<\/p>\n\n\n\n<p class=\"wp-block-paragraph\"><strong>Bastianini<\/strong>, por su parte, vuelve a la parrilla con un contrato de f\u00e1brica tras perder su puesto de titular en <strong>Ducati <\/strong>en favor de <strong>Marc M\u00e1rquez.<\/strong><\/p>\n\n\n\n<p class=\"wp-block-paragraph\"><strong>MotoGP\u00a0<\/strong>vuelve a la acci\u00f3n entre el 28 y el 30 de junio con motivo del <strong>GP de Pa\u00edses Bajos<\/strong> en <strong>Assen<\/strong>, octava prueba de la temporada 2024. GRANDE PR\u00caMIO ofrece una cobertura completa del evento.<\/p>\n\n\n\n<figure class=\"wp-block-embed is-type-video is-provider-youtube wp-block-embed-youtube wp-embed-aspect-16-9 wp-has-aspect-ratio\"><div class=\"wp-block-embed__wrapper\">\n<iframe loading=\"lazy\" title=\"GP DE CANAD\u00c1 - RESUMEN\" width=\"500\" height=\"281\" src=\"https:\/\/www.youtube.com\/embed\/sW2up_MwnjU?feature=oembed\" frameborder=\"0\" allow=\"accelerometer; autoplay; clipboard-write; encrypted-media; gyroscope; picture-in-picture; web-share\" referrerpolicy=\"strict-origin-when-cross-origin\" allowfullscreen><\/iframe>\n<\/div><\/figure>\n","protected":false},"excerpt":{"rendered":"<p>KTM anunci\u00f3 el jueves el fichaje de Enea Bastianini y Maverick Vi\u00f1ales para formar el d\u00fao Tech3 a partir de 2025. Con el acuerdo, Jack Miller deja la casa de Mattighofen despu\u00e9s de s\u00f3lo dos a\u00f1os<\/p>\n","protected":false},"author":0,"featured_media":1010243626,"comment_status":"closed","ping_status":"closed","sticky":false,"template":"","format":"standard","meta":{"42wp_featured_image_caption":"","42wp_featured_image_credits":"","42wp_featured_video":"","42wp_featured_image_hidden":false,"42wp_authors_list":[],"footnotes":""},"categories":[8],"tags":[2058,1488,1381,1391,1293,2254,9621,1528,9685,9622],"42wp_author":[14239],"class_list":["post-13374","post","type-post","status-publish","format-standard","has-post-thumbnail","hentry","category-motogp","tag-enea-bastianini","tag-grande-premio","tag-ktm","tag-maverick-vinales","tag-motogp","tag-motogp-2024","tag-motogp-2025","tag-tech3","tag-temporada-2024-motogp","tag-temporada-2025-motogp","42wp_author-jp-otrosky"],"_links":{"self":[{"href":"https:\/\/grandepremio.com\/es\/wp-json\/wp\/v2\/posts\/13374","targetHints":{"allow":["GET"]}}],"collection":[{"href":"https:\/\/grandepremio.com\/es\/wp-json\/wp\/v2\/posts"}],"about":[{"href":"https:\/\/grandepremio.com\/es\/wp-json\/wp\/v2\/types\/post"}],"replies":[{"embeddable":true,"href":"https:\/\/grandepremio.com\/es\/wp-json\/wp\/v2\/comments?post=13374"}],"version-history":[{"count":0,"href":"https:\/\/grandepremio.com\/es\/wp-json\/wp\/v2\/posts\/13374\/revisions"}],"wp:featuredmedia":[{"embeddable":true,"href":"https:\/\/grandepremio.com\/es\/wp-json\/wp\/v2\/media\/1010243626"}],"wp:attachment":[{"href":"https:\/\/grandepremio.com\/es\/wp-json\/wp\/v2\/media?parent=13374"}],"wp:term":[{"taxonomy":"category","embeddable":true,"href":"https:\/\/grandepremio.com\/es\/wp-json\/wp\/v2\/categories?post=13374"},{"taxonomy":"post_tag","embeddable":true,"href":"https:\/\/grandepremio.com\/es\/wp-json\/wp\/v2\/tags?post=13374"},{"taxonomy":"42wp_author","embeddable":true,"href":"https:\/\/grandepremio.com\/es\/wp-json\/wp\/v2\/42wp_author?post=13374"}],"curies":[{"name":"wp","href":"https:\/\/api.w.org\/{rel}","templated":true}]}}