{"id":13392,"date":"2024-06-11T13:18:15","date_gmt":"2024-06-11T16:18:15","guid":{"rendered":"https:\/\/grandepremio.com\/es\/2024\/06\/11\/aprilia-situa-vinales-espera-renovacion-pronto\/"},"modified":"2024-06-11T13:18:22","modified_gmt":"2024-06-11T16:18:22","slug":"aprilia-situa-vinales-espera-renovacion-pronto","status":"publish","type":"post","link":"https:\/\/grandepremio.com\/es\/motogp\/aprilia-situa-vinales-espera-renovacion-pronto\/","title":{"rendered":"Aprilia sit\u00faa a Vi\u00f1ales como &#8220;nuevo capit\u00e1n&#8221; y espera su renovaci\u00f3n pronto: &#8220;Prioridad&#8221;"},"content":{"rendered":"\n<p class=\"wp-block-paragraph\">Hace una semana, <strong>Aprilia<\/strong> fichaba a <strong>Jorge Mart\u00edn<\/strong> para la temporada 2025 en reemplazo de <strong>Aleix Espargar\u00f3<\/strong>, pero la segunda moto oficial de la casa de <strong>Noale <\/strong>sigue vacante, ya que <strong>Maverick Vi\u00f1ales<\/strong> no ha renovado su contrato y tiene un futuro incierto en el <strong>Mundial de Motociclismo<\/strong>.<\/p>\n\n\n\n<p class=\"wp-block-paragraph\">\ud83d\udfe5&nbsp;<strong><em>\u00a1Todas las novedades te esperan en el canal de&nbsp;<\/em><\/strong><a href=\"https:\/\/www.youtube.com\/@GrandePremioES\" target=\"_blank\" rel=\"noreferrer noopener\"><em>YouTube<\/em><\/a><strong><em>&nbsp;de Grande Pr\u00eamio en Espa\u00f1ol!<\/em><\/strong>&nbsp;\ud83d\udfe8<\/p>\n\n\n\n<p class=\"wp-block-paragraph\">Maverick lleg\u00f3 a Aprilia para el tramo final de la campa\u00f1a de 2021, luego de haber sido despedido por <strong>Yamaha<\/strong>, y ha contribuido junto a Espargar\u00f3 al crecimiento de la cada italiana en MotoGP, y ha alcanzado la victoria este a\u00f1o con el <strong>GP de las Am\u00e9ricas<\/strong>, m\u00e1s el sprint en Austin y el de Portimao.<\/p>\n\n\n\n<p class=\"wp-block-paragraph\">Para el CEO de los italianos, <strong>Massimo Rivola<\/strong>, la prioridad es renovar a Vi\u00f1ales de cara a la temporada que viene:<strong> &#8220;La prioridad es entender lo que \u00e9l [Maverick Vi\u00f1ales] quiere. Si Maverick se queda, ser\u00e9 la persona m\u00e1s feliz. Si se queda, ser\u00e1 el nuevo capit\u00e1n. Luch\u00f3 en un mal momento para Aprilia, tuvo un gran rendimiento y demostr\u00f3 que tiene un estilo de pilotaje diferente al de Aleix&#8221;.<\/strong><\/p>\n\n\n\n<figure class=\"wp-block-image size-large\"><img decoding=\"async\" src=\"https:\/\/grandepremio.com\/cdn-cgi\/image\/width=893,height=558,fit=contain,gravity=0.5x0.5,quality=75,format=webp\/es\/wp-content\/uploads\/2024\/06\/AR_Sprint_Mugello4-1200x800-1-1024x683.jpg\" alt=\"\" class=\"wp-image-243501\"\/><figcaption class=\"wp-element-caption\">Maverick Vi\u00f1ales s\u00f3lo tiene contrato hasta final de a\u00f1o (Foto: Aprilia)<\/figcaption><\/figure>\n\n\n\n<p class=\"wp-block-paragraph\">Si bien Rivola quiere al piloto espa\u00f1ol para acompa\u00f1ar a Mart\u00edn, ya desliz\u00f3 que le gustar\u00eda un piloto italiano para 2025, y el nombre que m\u00e1s ha sonado es el de <strong>Marco Bezzecchi<\/strong>, actualmente en <strong>VR46<\/strong>: <strong>&#8220;Si Maverick no se queda con nosotros, y tengo que considerar esa opci\u00f3n, veo muchos pilotos italianos fuertes. Pero esa no es nuestra prioridad&#8221;.<\/strong><\/p>\n\n\n\n<p class=\"wp-block-paragraph\">Vi\u00f1ales, en tanto, le dijo a DAZN Espa\u00f1a tras el <strong>GP de Catalu\u00f1a<\/strong> que \u00e9l pretend\u00eda firmar en la primera carrera del a\u00f1o, en Qatar, pero las negociaciones se han dilatado: <strong>&#8220;Todav\u00eda no hemos concretado nada. Tuvimos la oportunidad de firmar despu\u00e9s de la ronda de Qatar, pero quisieron esperar. Ahora me toca a m\u00ed pensar qu\u00e9 hacer. Es un equipo que me gusta, veo mucho potencial, pero necesito resultados&#8221;<\/strong>.<\/p>\n\n\n\n<p class=\"wp-block-paragraph\">\u23e9&nbsp;<em><strong>\u00a1Seguinos en redes por&nbsp;<\/strong><\/em><a href=\"https:\/\/twitter.com\/grandepremioES\" target=\"_blank\" rel=\"noreferrer noopener\"><em>Twitter&nbsp;<\/em><\/a><em><strong>e&nbsp;<\/strong><\/em><a href=\"https:\/\/www.instagram.com\/grandepremioes\/\" target=\"_blank\" rel=\"noreferrer noopener\"><em>Instagram!<\/em><\/a><br><strong>\u23e9<\/strong>&nbsp;<em><strong>Adem\u00e1s, tenemos nuestro&nbsp;<\/strong><\/em><a href=\"https:\/\/whatsapp.com\/channel\/0029VaDZ5zb0gcfDxuwxBM05\" target=\"_blank\" rel=\"noreferrer noopener\"><em>canal de Whatsapp<\/em><\/a><em><strong>&nbsp;con toda la informaci\u00f3n al instante<\/strong><\/em>&nbsp;\ud83c\udfc1<\/p>\n\n\n\n<p class=\"wp-block-paragraph\"><strong>MotoGP <\/strong>vuelve a la acci\u00f3n entre el 28 y el 30 de junio con motivo del GP de Pa\u00edses Bajos en Assen, 8\u00aa prueba de la temporada 2024. GRANDE PR\u00caMIO ofrece una cobertura completa del evento.<\/p>\n","protected":false},"excerpt":{"rendered":"<p>Massimo Rivola, consejero delegado de Aprilia, ha subrayado que estar\u00eda muy contento con una ampliaci\u00f3n de contrato de Maverick Vi\u00f1ales para las pr\u00f3ximas temporadas, pero las dos partes a\u00fan no han llegado a un acuerdo.<\/p>\n","protected":false},"author":0,"featured_media":1010243496,"comment_status":"closed","ping_status":"closed","sticky":false,"template":"","format":"standard","meta":{"42wp_featured_image_caption":"","42wp_featured_image_credits":"","42wp_featured_video":"","42wp_featured_image_hidden":false,"42wp_authors_list":[],"footnotes":""},"categories":[8],"tags":[1377,1394,1399,1447,1526,1615,4701,1391,1764,10152,1296,1309],"42wp_author":[14237],"class_list":["post-13392","post","type-post","status-publish","format-standard","has-post-thumbnail","hentry","category-motogp","tag-aleix-espargaro","tag-aprilia","tag-gp-de-cataluna","tag-gp-de-las-americas","tag-jorge-martin","tag-marco-bezzecchi","tag-massimo-rivola","tag-maverick-vinales","tag-mundial-de-motociclismo","tag-noale","tag-vr46","tag-yamaha","42wp_author-gabriel-garcia"],"_links":{"self":[{"href":"https:\/\/grandepremio.com\/es\/wp-json\/wp\/v2\/posts\/13392","targetHints":{"allow":["GET"]}}],"collection":[{"href":"https:\/\/grandepremio.com\/es\/wp-json\/wp\/v2\/posts"}],"about":[{"href":"https:\/\/grandepremio.com\/es\/wp-json\/wp\/v2\/types\/post"}],"replies":[{"embeddable":true,"href":"https:\/\/grandepremio.com\/es\/wp-json\/wp\/v2\/comments?post=13392"}],"version-history":[{"count":0,"href":"https:\/\/grandepremio.com\/es\/wp-json\/wp\/v2\/posts\/13392\/revisions"}],"wp:featuredmedia":[{"embeddable":true,"href":"https:\/\/grandepremio.com\/es\/wp-json\/wp\/v2\/media\/1010243496"}],"wp:attachment":[{"href":"https:\/\/grandepremio.com\/es\/wp-json\/wp\/v2\/media?parent=13392"}],"wp:term":[{"taxonomy":"category","embeddable":true,"href":"https:\/\/grandepremio.com\/es\/wp-json\/wp\/v2\/categories?post=13392"},{"taxonomy":"post_tag","embeddable":true,"href":"https:\/\/grandepremio.com\/es\/wp-json\/wp\/v2\/tags?post=13392"},{"taxonomy":"42wp_author","embeddable":true,"href":"https:\/\/grandepremio.com\/es\/wp-json\/wp\/v2\/42wp_author?post=13392"}],"curies":[{"name":"wp","href":"https:\/\/api.w.org\/{rel}","templated":true}]}}