{"id":13444,"date":"2024-06-08T19:31:30","date_gmt":"2024-06-08T22:31:30","guid":{"rendered":"https:\/\/grandepremio.com\/es\/2024\/06\/08\/russell-suena-victoria-canada-pole\/"},"modified":"2024-06-08T19:31:36","modified_gmt":"2024-06-08T22:31:36","slug":"russell-suena-victoria-canada-pole","status":"publish","type":"post","link":"https:\/\/grandepremio.com\/es\/f1\/russell-suena-victoria-canada-pole\/","title":{"rendered":"Russell sue\u00f1a con la victoria en el Gran Premio de Canad\u00e1 tras la pole: &#8220;\u00bfPor qu\u00e9 no?&#8221;"},"content":{"rendered":"\n<p class=\"wp-block-paragraph\">La clasificaci\u00f3n del <strong>GP de Canad\u00e1<\/strong> se vio muy cambiante debido a que las condiciones del clima del viernes para el s\u00e1bado no fueron muy diferentes, pero s\u00ed que la pista estaba seca, lo que favoreci\u00f3 a <strong>George Russell<\/strong>, que logr\u00f3 la pole por haber marcado el tiempo antes que <strong>Max Verstappen<\/strong>.<\/p>\n\n\n\n<p class=\"wp-block-paragraph\">\ud83d\udfe5&nbsp;<strong><em>\u00a1Todas las novedades te esperan en el canal de&nbsp;<\/em><\/strong><a href=\"https:\/\/www.youtube.com\/@GrandePremioES\" target=\"_blank\" rel=\"noreferrer noopener\"><em>YouTube<\/em><\/a><strong><em>&nbsp;de Grande Pr\u00eamio en Espa\u00f1ol!<\/em><\/strong>&nbsp;\ud83d\udfe8<\/p>\n\n\n\n<p class=\"wp-block-paragraph\">De esta manera, se volvi\u00f3 a repetir el empate en tiempo por la pole que hab\u00eda ocurrido en el <strong>GP de Europa de 1997 <\/strong>en Jerez de la Frontera entre <strong>Jacques Villeneuve<\/strong>, Michael Schumacher y Heinz-Harald Frentzen, en aquella ocasi\u00f3n los tres lograron 1:21.072, pero el canadiense fue el primero de los tres en marcar el registro.<\/p>\n\n\n\n<p class=\"wp-block-paragraph\">Russell marc\u00f3 1:12.000 en su primer intento de la Q3, Verstappen lo igual\u00f3 sobre el final y <strong>Lando Norris<\/strong>, con McLaren, se qued\u00f3 a 0.021s de la pole, en una apretada tanda cronometrada. No por nada el brit\u00e1nico dijo despu\u00e9s de alcanzar su segunda pole en F1: <strong>&#8220;\u00a1Incre\u00edble! Se siente muy bien&#8221;<\/strong>.<\/p>\n\n\n\n<figure class=\"wp-block-image size-large\"><img decoding=\"async\" src=\"https:\/\/grandepremio.com\/cdn-cgi\/image\/width=893,height=558,fit=contain,gravity=0.5x0.5,quality=75,format=webp\/es\/wp-content\/uploads\/2024\/06\/canada-2024-f1-classificacao-mercedes-george-russell-05-1200x800-1-1024x683.jpg\" alt=\"\" class=\"wp-image-243104\"\/><figcaption class=\"wp-element-caption\">George Russell igual\u00f3 con Verstappen, pero se llev\u00f3 la pole en Canad\u00e1 (Foto: Mercedes)<\/figcaption><\/figure>\n\n\n\n<p class=\"wp-block-paragraph\"><strong>&#8220;Estamos trabajando muy duro en la f\u00e1brica. Dijimos lo mismo en M\u00f3naco y esperamos que esto sea el comienzo de algo importante para nuestra temporada. Y creo que lo es&#8221;<\/strong>, dijo Russell, optimista sobre el futuro del equipo de <strong>Toto Wolff.<\/strong><\/p>\n\n\n\n<p class=\"wp-block-paragraph\">Sin embargo, el brit\u00e1nico mantuvo los pies en el suelo y asegur\u00f3 que est\u00e1 centrado en subir al escal\u00f3n m\u00e1s alto del podio este domingo: <strong>&#8220;Emocionado para ma\u00f1ana. El primer paso ya est\u00e1 dado, pero ahora obviamente buscamos esa victoria<\/strong>&#8220;. Luego, se ilusion\u00f3 con ir por todo en la carrera:<strong> &#8220;\u00bfPor qu\u00e9 no? Por supuesto [es posible]. Vamos a por ello. El coche es incre\u00edble desde que trajimos algunas actualizaciones en M\u00f3naco, estamos realmente en esta lucha ahora. As\u00ed que vamos a luchar hasta el final ma\u00f1ana&#8221;.<\/strong><\/p>\n\n\n\n<p class=\"wp-block-paragraph\">\u23e9&nbsp;<em><strong>\u00a1Seguinos en redes por&nbsp;<\/strong><\/em><a href=\"https:\/\/twitter.com\/grandepremioES\" target=\"_blank\" rel=\"noreferrer noopener\"><em>Twitter&nbsp;<\/em><\/a><em><strong>e&nbsp;<\/strong><\/em><a href=\"https:\/\/www.instagram.com\/grandepremioes\/\" target=\"_blank\" rel=\"noreferrer noopener\"><em>Instagram!<\/em><\/a><br><strong>\u23e9<\/strong>&nbsp;<em><strong>Adem\u00e1s, tenemos nuestro&nbsp;<\/strong><\/em><a href=\"https:\/\/whatsapp.com\/channel\/0029VaDZ5zb0gcfDxuwxBM05\" target=\"_blank\" rel=\"noreferrer noopener\"><em>canal de Whatsapp<\/em><\/a><em><strong>&nbsp;con toda la informaci\u00f3n al instante<\/strong><\/em>&nbsp;\ud83c\udfc1<\/p>\n\n\n\n<p class=\"wp-block-paragraph\">GRANDE PR\u00caMIO sigue todas las actividades del Gran Premio de Canad\u00e1 de F\u00f3rmula 1 EN DIRECTO y EN TIEMPO REAL. La carrera del domingo dar\u00e1 inicio a las 15:00, hora de Buenos Aires y Brasilia.<\/p>\n\n\n\n<figure class=\"wp-block-embed is-type-video is-provider-youtube wp-block-embed-youtube wp-embed-aspect-16-9 wp-has-aspect-ratio\"><div class=\"wp-block-embed__wrapper\">\n<iframe loading=\"lazy\" title=\"GP DE CANAD\u00c1 - LA PREVIA\" width=\"500\" height=\"281\" src=\"https:\/\/www.youtube.com\/embed\/AJOpqNohM1A?feature=oembed\" frameborder=\"0\" allow=\"accelerometer; autoplay; clipboard-write; encrypted-media; gyroscope; picture-in-picture; web-share\" referrerpolicy=\"strict-origin-when-cross-origin\" allowfullscreen><\/iframe>\n<\/div><\/figure>\n","protected":false},"excerpt":{"rendered":"<p>Tras lograr la segunda pole de su carrera en la F\u00f3rmula 1, George Russell asegura que \u00abluchar\u00e1 hasta el final\u00bb para contener a Max Verstappen en Canad\u00e1.<\/p>\n","protected":false},"author":0,"featured_media":1010243100,"comment_status":"closed","ping_status":"closed","sticky":false,"template":"","format":"standard","meta":{"42wp_featured_image_caption":"","42wp_featured_image_credits":"","42wp_featured_video":"","42wp_featured_image_hidden":false,"42wp_authors_list":[],"footnotes":""},"categories":[5],"tags":[181,2249,179,253,1298,10398,963,268,249,569],"42wp_author":[14237],"class_list":["post-13444","post","type-post","status-publish","format-standard","has-post-thumbnail","hentry","category-f1","tag-f1","tag-f1-2024","tag-formula-1","tag-george-russell","tag-gp-de-canada","tag-gp-de-europa-1997","tag-jacques-villeneuve","tag-lando-norris","tag-max-verstappen","tag-toto-wolff","42wp_author-gabriel-garcia"],"_links":{"self":[{"href":"https:\/\/grandepremio.com\/es\/wp-json\/wp\/v2\/posts\/13444","targetHints":{"allow":["GET"]}}],"collection":[{"href":"https:\/\/grandepremio.com\/es\/wp-json\/wp\/v2\/posts"}],"about":[{"href":"https:\/\/grandepremio.com\/es\/wp-json\/wp\/v2\/types\/post"}],"replies":[{"embeddable":true,"href":"https:\/\/grandepremio.com\/es\/wp-json\/wp\/v2\/comments?post=13444"}],"version-history":[{"count":0,"href":"https:\/\/grandepremio.com\/es\/wp-json\/wp\/v2\/posts\/13444\/revisions"}],"wp:featuredmedia":[{"embeddable":true,"href":"https:\/\/grandepremio.com\/es\/wp-json\/wp\/v2\/media\/1010243100"}],"wp:attachment":[{"href":"https:\/\/grandepremio.com\/es\/wp-json\/wp\/v2\/media?parent=13444"}],"wp:term":[{"taxonomy":"category","embeddable":true,"href":"https:\/\/grandepremio.com\/es\/wp-json\/wp\/v2\/categories?post=13444"},{"taxonomy":"post_tag","embeddable":true,"href":"https:\/\/grandepremio.com\/es\/wp-json\/wp\/v2\/tags?post=13444"},{"taxonomy":"42wp_author","embeddable":true,"href":"https:\/\/grandepremio.com\/es\/wp-json\/wp\/v2\/42wp_author?post=13444"}],"curies":[{"name":"wp","href":"https:\/\/api.w.org\/{rel}","templated":true}]}}