{"id":13461,"date":"2024-06-07T20:50:04","date_gmt":"2024-06-07T23:50:04","guid":{"rendered":"https:\/\/grandepremio.com\/es\/2024\/06\/07\/hamilton-ve-progresos-cree-mercedes-competitivo-canada\/"},"modified":"2024-06-07T20:50:11","modified_gmt":"2024-06-07T23:50:11","slug":"hamilton-ve-progresos-cree-mercedes-competitivo-canada","status":"publish","type":"post","link":"https:\/\/grandepremio.com\/es\/f1\/hamilton-ve-progresos-cree-mercedes-competitivo-canada\/","title":{"rendered":"Hamilton ve progresos y cree que Mercedes ser\u00e1 competitivo en Canad\u00e1: &#8220;Me sent\u00ed bien&#8221;"},"content":{"rendered":"\n<p class=\"wp-block-paragraph\">Parece que <strong>Mercedes<\/strong> quiere progresar en una temporada 2024 de la <strong>F\u00f3rmula 1<\/strong> que est\u00e1 siendo bien complicada para los de <strong>Brackley<\/strong>. Es que <strong>Lewis Hamilton<\/strong> termin\u00f3 cuarto en la FP1 y s\u00e9ptimo en la segunda tanda de ensayos libres, que han tenido pista seca y mojada casi por igual en el viernes del<strong> GP de Canad\u00e1<\/strong>.<\/p>\n\n\n\n<p class=\"wp-block-paragraph\">\ud83d\udfe5&nbsp;<strong><em>\u00a1Todas las novedades te esperan en el canal de&nbsp;<\/em><\/strong><a href=\"https:\/\/www.youtube.com\/@GrandePremioES\" target=\"_blank\" rel=\"noreferrer noopener\"><em>YouTube<\/em><\/a><strong><em>&nbsp;de Grande Pr\u00eamio en Espa\u00f1ol!<\/em><\/strong>&nbsp;\ud83d\udfe8<\/p>\n\n\n\n<p class=\"wp-block-paragraph\">De acuerdo con Hamilton, el auto lo ha sentido bien en las condiciones en que se desarroll\u00f3 el d\u00eda en el <strong>Circuito Gilles Villeneuve:<\/strong> <strong>&#8220;Me sent\u00ed muy bien hoy. Ten\u00eda ganas de seguir adelante, fueran cuales fueran las condiciones. Me alegr\u00f3 que pudi\u00e9ramos maximizar nuestro tiempo en pista, porque eso es necesario en un circuito como \u00e9ste. Se trata de desarrollar tu propio ritmo. Hoy tambi\u00e9n se trataba de entender las condiciones de la pista&#8221;.<\/strong><\/p>\n\n\n\n<p class=\"wp-block-paragraph\"><strong>&#8220;El coche fue fuerte en todo momento y ni siquiera termin\u00e9 la que habr\u00eda sido mi vuelta r\u00e1pida. Este es uno de los mejores circuitos en los que hemos corrido, as\u00ed que me divert\u00ed mucho&#8221;<\/strong>, a\u00f1adi\u00f3 Hamilton.<\/p>\n\n\n\n<figure class=\"wp-block-image size-large\"><img decoding=\"async\" src=\"https:\/\/grandepremio.com\/cdn-cgi\/image\/width=893,height=558,fit=contain,gravity=0.5x0.5,quality=75,format=webp\/es\/wp-content\/uploads\/2024\/06\/image-16-1024x683.png\" alt=\"\" class=\"wp-image-242981\"\/><figcaption class=\"wp-element-caption\">Lewis Hamilton fue de los primeros en salir a pista en la FP1 (Foto: Mercedes)<\/figcaption><\/figure>\n\n\n\n<p class=\"wp-block-paragraph\">Por \u00faltimo, el siete veces campe\u00f3n del mundo coment\u00f3 que tienen que trabajar para mejorar los resultados de la clasificaci\u00f3n, pero se siente mucho mejor con el manejo y que el auto responde a los pedidos de cambios, al menos en los entrenamientos.<\/p>\n\n\n\n<p class=\"wp-block-paragraph\"><strong>&#8220;Los s\u00e1bados han resultado ser m\u00e1s complicados para nosotros \u00faltimamente, pero me siento confiado y el coche est\u00e1 reaccionando a mis sugerencias. En \u00faltima instancia, no sabremos hasta ma\u00f1ana por la tarde d\u00f3nde estamos, pero en general hoy ha sido un d\u00eda muy bueno&#8221;<\/strong>, concluy\u00f3 Lewis.<\/p>\n\n\n\n<p class=\"wp-block-paragraph\">\u23e9&nbsp;<em><strong>\u00a1Seguinos en redes por&nbsp;<\/strong><\/em><a href=\"https:\/\/twitter.com\/grandepremioES\" target=\"_blank\" rel=\"noreferrer noopener\"><em>Twitter&nbsp;<\/em><\/a><em><strong>e&nbsp;<\/strong><\/em><a href=\"https:\/\/www.instagram.com\/grandepremioes\/\" target=\"_blank\" rel=\"noreferrer noopener\"><em>Instagram!<\/em><\/a><br><strong>\u23e9<\/strong>&nbsp;<em><strong>Adem\u00e1s, tenemos nuestro&nbsp;<\/strong><\/em><a href=\"https:\/\/whatsapp.com\/channel\/0029VaDZ5zb0gcfDxuwxBM05\" target=\"_blank\" rel=\"noreferrer noopener\"><em>canal de Whatsapp<\/em><\/a><em><strong>&nbsp;con toda la informaci\u00f3n al instante<\/strong><\/em>&nbsp;\ud83c\udfc1<\/p>\n\n\n\n<p class=\"wp-block-paragraph\"><strong>GRANDE PR\u00caMIO<\/strong> sigue todas las actividades del Gran Premio de Canad\u00e1 de F\u00f3rmula 1 EN DIRECTO y EN TIEMPO REAL. La FP3 comenzar\u00e1 a las 13:30 del s\u00e1bado, hora de Brasilia y Buenos Aires.<\/p>\n\n\n\n<figure class=\"wp-block-embed is-type-video is-provider-youtube wp-block-embed-youtube wp-embed-aspect-16-9 wp-has-aspect-ratio\"><div class=\"wp-block-embed__wrapper\">\n<iframe loading=\"lazy\" title=\"GP DE CANAD\u00c1 - LA PREVIA\" width=\"500\" height=\"281\" src=\"https:\/\/www.youtube.com\/embed\/AJOpqNohM1A?feature=oembed\" frameborder=\"0\" allow=\"accelerometer; autoplay; clipboard-write; encrypted-media; gyroscope; picture-in-picture; web-share\" referrerpolicy=\"strict-origin-when-cross-origin\" allowfullscreen><\/iframe>\n<\/div><\/figure>\n","protected":false},"excerpt":{"rendered":"<p>Para Lewis Hamilton, el equipo de Brackley es r\u00e1pido en Montreal y el coche respondi\u00f3 bien en los primeros entrenamientos del fin de semana en el Gran Premio de Canad\u00e1, que han tenido mucha lluvia y la pista cambiante a lo largo de la jornada.<\/p>\n","protected":false},"author":0,"featured_media":1010242976,"comment_status":"closed","ping_status":"closed","sticky":false,"template":"","format":"standard","meta":{"42wp_featured_image_caption":"","42wp_featured_image_credits":"","42wp_featured_video":"","42wp_featured_image_hidden":false,"42wp_authors_list":[],"footnotes":""},"categories":[5],"tags":[399,2911,181,2249,179,1298,199,197],"42wp_author":[14237],"class_list":["post-13461","post","type-post","status-publish","format-standard","has-post-thumbnail","hentry","category-f1","tag-brackley","tag-circuito-gilles-villeneuve","tag-f1","tag-f1-2024","tag-formula-1","tag-gp-de-canada","tag-lewis-hamilton","tag-mercedes","42wp_author-gabriel-garcia"],"_links":{"self":[{"href":"https:\/\/grandepremio.com\/es\/wp-json\/wp\/v2\/posts\/13461","targetHints":{"allow":["GET"]}}],"collection":[{"href":"https:\/\/grandepremio.com\/es\/wp-json\/wp\/v2\/posts"}],"about":[{"href":"https:\/\/grandepremio.com\/es\/wp-json\/wp\/v2\/types\/post"}],"replies":[{"embeddable":true,"href":"https:\/\/grandepremio.com\/es\/wp-json\/wp\/v2\/comments?post=13461"}],"version-history":[{"count":0,"href":"https:\/\/grandepremio.com\/es\/wp-json\/wp\/v2\/posts\/13461\/revisions"}],"wp:featuredmedia":[{"embeddable":true,"href":"https:\/\/grandepremio.com\/es\/wp-json\/wp\/v2\/media\/1010242976"}],"wp:attachment":[{"href":"https:\/\/grandepremio.com\/es\/wp-json\/wp\/v2\/media?parent=13461"}],"wp:term":[{"taxonomy":"category","embeddable":true,"href":"https:\/\/grandepremio.com\/es\/wp-json\/wp\/v2\/categories?post=13461"},{"taxonomy":"post_tag","embeddable":true,"href":"https:\/\/grandepremio.com\/es\/wp-json\/wp\/v2\/tags?post=13461"},{"taxonomy":"42wp_author","embeddable":true,"href":"https:\/\/grandepremio.com\/es\/wp-json\/wp\/v2\/42wp_author?post=13461"}],"curies":[{"name":"wp","href":"https:\/\/api.w.org\/{rel}","templated":true}]}}